{"id":319803,"date":"2025-08-15T01:15:13","date_gmt":"2025-08-15T01:15:13","guid":{"rendered":"https:\/\/www.europesays.com\/fr\/319803\/"},"modified":"2025-08-15T01:15:13","modified_gmt":"2025-08-15T01:15:13","slug":"vitaa-revient-sur-lechec-de-son-deuxieme-album","status":"publish","type":"post","link":"https:\/\/www.europesays.com\/fr\/319803\/","title":{"rendered":"Vitaa revient sur l&rsquo;\u00e9chec de son deuxi\u00e8me album"},"content":{"rendered":"<p><img decoding=\"async\" src=\"https:\/\/www.europesays.com\/fr\/wp-content\/uploads\/2025\/08\/photo_1754917979.jpg\" class=\"textcenter img-content\" loading=\"lazy\"\/>Capture d&rsquo;\u00e9cran YouTube<br \/>\n<br \/>\nApr\u00e8s Micha\u00ebl Youn, Marc Lavoine ou Rapha\u00ebl Quenard, Vitaa est la derni\u00e8re invit\u00e9e de \u00ab\u00a0Legend\u00a0\u00bb, la d\u00e9sormais \u00e9mission phare de Guillaume Pley. Pendant une heure et demie, la chanteuse revient en d\u00e9tail, de ses d\u00e9buts compliqu\u00e9s \u00e0 son amiti\u00e9 avec Diam&rsquo;s, en passant par son album commun avec Slimane, son home-jacking, <a href=\"https:\/\/www.chartsinfrance.net\/Vitaa\/news-133488.html\" target=\"_blank\" class=\"spip_out\" rel=\"nofollow noopener\">le montant de sa fortune<\/a> ou les bas de sa carri\u00e8re. Car si elle a cartonn\u00e9 en 2006 avec les tubes <a href=\"https:\/\/www.chartsinfrance.net\/Vitaa\/news-128725.html\" target=\"_blank\" class=\"spip_out\" rel=\"nofollow noopener\">\u00ab\u00a0\u00c0 fleur de toi\u00a0\u00bb<\/a> ou \u00ab\u00a0Confessions nocturnes\u00a0\u00bb a vite connu le revers de la m\u00e9daille. Et elle n&rsquo;est pas la seule dans ce cas-l\u00e0. \u00ab \u00c0 l&rsquo;\u00e9poque des ann\u00e9es 2000, chanteuse \u00e0 voix c&rsquo;est une case qui, 10 ans plus tard, ne fonctionne plus. Autour des ann\u00e9es 2010, on ne veut plus de filles en radio. Les mecs des plus grosses radios de France jettent les projets \u00e0 tes attach\u00e9s de presse en disant \u00ab\u00a0Les voix de chanteuses, \u00e7a ne [fonctionne] plus\u00a0\u00bb \u00bb regrette-t-elle. <\/p>\n<p>Le player Dailymotion est en train de se charger&#8230;<\/p>\n<p>\u00ab\u00a0C&rsquo;est dramatique\u00a0\u00bb<br \/>\nEt elle aussi a d\u00fb faire face \u00e0 ce d\u00e9sint\u00e9r\u00eat. Car apr\u00e8s avoir \u00e9coul\u00e9 plus de 400.000 exemplaires de son premier album \u00ab\u00a0\u00c0 fleur de toi\u00a0\u00bb, son successeur \u00ab\u00a0Celle que je vois\u00a0\u00bb (2009) ne d\u00e9passe pas les 30.000 ventes. \u00ab Un projet a beau \u00eatre incroyable, si les gens ne savent pas que ton projet est incroyable, s&rsquo;ils ne t&rsquo;entendent pas ou ne te voient pas, tu peux faire tout ce que tu veux mais les gens vont pas l&rsquo;acheter et tu ne vas pas aller en tourn\u00e9e \u00bb r\u00e9sume Vitaa. Loin d&rsquo;\u00eatre d\u00e9faitiste, la chanteuse et d\u00e9sormais <a href=\"https:\/\/www.chartsinfrance.net\/actualite\/news-133368.html\" target=\"_blank\" class=\"spip_out\" rel=\"nofollow noopener\">actrice dans \u00ab\u00a0Tout pour la lumi\u00e8re\u00a0\u00bb<\/a> reconna\u00eet qu&rsquo;il n&rsquo;y a \u00ab pas un artiste qui n&rsquo;a pas connu un flop dans sa vie \u00bb : \u00ab Encore plus quand tu sors d&rsquo;un million de ventes, c&rsquo;est tr\u00e8s rare de vendre autant. Voire \u00e7a n&rsquo;arrive jamais. J&rsquo;ai eu des albums qui ont march\u00e9, d&rsquo;autres beaucoup moins march\u00e9. C&rsquo;est dur \u00e0 ce moment-l\u00e0 : je suis seule, je n&rsquo;ai pas encore rencontr\u00e9 mon mari. Je n&rsquo;ai que \u00e7a. Et quand tu n&rsquo;as que \u00e7a, c&rsquo;est dramatique, tu pleures, c&rsquo;est ton monde qui s&rsquo;effondre \u00bb.<\/p>\n<p>\u00ab\u00a0On m&rsquo;a beaucoup fait payer ce break dans le m\u00e9tier\u00a0\u00bb<br \/>\nSon salut, elle le trouve \u00e0 titre personnel dans son mariage avec Hicham Bendaoud en 2010 puis la naissance de son premier fils un an plus tard : \u00ab Je suis tomb\u00e9e enceinte de mon premier [enfant]. J&rsquo;ai fait un break de quatre ans qu&rsquo;on m&rsquo;a beaucoup fait payer dans le m\u00e9tier. Quand tu disparais, derri\u00e8re \u00e7a il faut revenir. Et quand on a plus envie de t&rsquo;entendre en radio ou en t\u00e9l\u00e9, il faut se bagarrer. Et je l&rsquo;ai v\u00e9cue cette remontada \u00bb. Car ce nouveau r\u00f4le de m\u00e8re a \u00ab d\u00e9cupl\u00e9 [son] inspiration \u00bb : \u00ab Quand j&rsquo;\u00e9tais enceinte, j&rsquo;ai eu envie d&rsquo;\u00e9crire tout le temps. J&rsquo;ai \u00e9crit et j&rsquo;ai pr\u00e9par\u00e9 le retour. Mais on a mis au moins deux ans ou trois ans avant d&rsquo;envoyer le prochain album \u00bb. Celui-ci, nomm\u00e9 \u00ab\u00a0Ici et maintenant\u00a0\u00bb, sort en 2013 mais ne s&rsquo;\u00e9coule qu&rsquo;\u00e0 50.000 exemplaires malgr\u00e9 le succ\u00e8s du single <a href=\"https:\/\/www.chartsinfrance.net\/Vitaa\/news-88275.html\" target=\"_blank\" class=\"spip_out\" rel=\"nofollow noopener\">\u00ab\u00a0Game Over\u00a0\u00bb en duo avec Gims<\/a>. Il faudra donc attendre la fin de la d\u00e9cennie pour la voir renouer avec le succ\u00e8s gr\u00e2ce \u00e0 ses collaborations avec Claudio Cap\u00e9o et surtout Slimane sur l&rsquo;album <a href=\"https:\/\/www.chartsinfrance.net\/Vitaa\/news-121849.html\" target=\"_blank\" class=\"spip_out\" rel=\"nofollow noopener\">\u00ab\u00a0Versus\u00a0\u00bb<\/a> \u00e9coul\u00e9 \u00e0 plus d&rsquo;un million d&rsquo;exemplaires.<\/p>\n","protected":false},"excerpt":{"rendered":"Capture d&rsquo;\u00e9cran YouTube Apr\u00e8s Micha\u00ebl Youn, Marc Lavoine ou Rapha\u00ebl Quenard, Vitaa est la derni\u00e8re invit\u00e9e de \u00ab\u00a0Legend\u00a0\u00bb,&hellip;\n","protected":false},"author":2,"featured_media":319804,"comment_status":"","ping_status":"","sticky":false,"template":"","format":"standard","meta":{"footnotes":""},"categories":[1355],"tags":[58,59,1011,27,1361,873],"class_list":{"0":"post-319803","1":"post","2":"type-post","3":"status-publish","4":"format-standard","5":"has-post-thumbnail","7":"category-musique","8":"tag-divertissement","9":"tag-entertainment","10":"tag-fr","11":"tag-france","12":"tag-music","13":"tag-musique"},"share_on_mastodon":{"url":"https:\/\/pubeurope.com\/@fr\/115030138868090153","error":""},"_links":{"self":[{"href":"https:\/\/www.europesays.com\/fr\/wp-json\/wp\/v2\/posts\/319803","targetHints":{"allow":["GET"]}}],"collection":[{"href":"https:\/\/www.europesays.com\/fr\/wp-json\/wp\/v2\/posts"}],"about":[{"href":"https:\/\/www.europesays.com\/fr\/wp-json\/wp\/v2\/types\/post"}],"author":[{"embeddable":true,"href":"https:\/\/www.europesays.com\/fr\/wp-json\/wp\/v2\/users\/2"}],"replies":[{"embeddable":true,"href":"https:\/\/www.europesays.com\/fr\/wp-json\/wp\/v2\/comments?post=319803"}],"version-history":[{"count":0,"href":"https:\/\/www.europesays.com\/fr\/wp-json\/wp\/v2\/posts\/319803\/revisions"}],"wp:featuredmedia":[{"embeddable":true,"href":"https:\/\/www.europesays.com\/fr\/wp-json\/wp\/v2\/media\/319804"}],"wp:attachment":[{"href":"https:\/\/www.europesays.com\/fr\/wp-json\/wp\/v2\/media?parent=319803"}],"wp:term":[{"taxonomy":"category","embeddable":true,"href":"https:\/\/www.europesays.com\/fr\/wp-json\/wp\/v2\/categories?post=319803"},{"taxonomy":"post_tag","embeddable":true,"href":"https:\/\/www.europesays.com\/fr\/wp-json\/wp\/v2\/tags?post=319803"}],"curies":[{"name":"wp","href":"https:\/\/api.w.org\/{rel}","templated":true}]}}