{"id":319838,"date":"2025-08-15T01:45:24","date_gmt":"2025-08-15T01:45:24","guid":{"rendered":"https:\/\/www.europesays.com\/fr\/319838\/"},"modified":"2025-08-15T01:45:24","modified_gmt":"2025-08-15T01:45:24","slug":"strasbourg-defiera-un-brondby-if-renversant","status":"publish","type":"post","link":"https:\/\/www.europesays.com\/fr\/319838\/","title":{"rendered":"Strasbourg d\u00e9fiera un Br\u00f8ndby IF renversant"},"content":{"rendered":"<p class=\"date\">\n                                                            Axel Allag, Media365, publi\u00e9 le jeudi 14 ao\u00fbt 2025 \u00e0 21h24\n                                                    <\/p>\n<p>Septi\u00e8me de Ligue 1 la saison \u00e9coul\u00e9e, le Racing Club de Strasbourg conna\u00eet son adversaire lors des barrages de la Ligue Conf\u00e9rence, qui sera donc le Br\u00f8ndby IF, battu la semaine derni\u00e8re par le V\u00edkingur Reykjav\u00edk (3-0), mais qui l&rsquo;a humili\u00e9 ce jeudi au Danemark en jouant \u00e0 dix contre onze durant plus de 70 minutes (4-0).<\/p>\n<p>Strasbourg est fix\u00e9 concernant les barrages de la Ligue Conf\u00e9rence. Le club alsacien, belle surprise de la saison \u00e9coul\u00e9e en Ligue 1, et septi\u00e8me du classement mais qualifi\u00e9 pour les barrages de la Ligue Conf\u00e9rence gr\u00e2ce au succ\u00e8s du PSG en Coupe de France, attendait le d\u00e9nouement de l&rsquo;opposition aller-retour entre le V\u00edkingur Reykjav\u00edk et Br\u00f8ndby IF pour \u00eatre au clair concernant son destin europ\u00e9en. T\u00eate de s\u00e9rie lors du tirage au sort des barrages, la formation dirig\u00e9e par Liam Rosenior conna\u00eet d\u00e9sormais le chemin \u00e0 prendre pour possiblement se qualifier pour la phase de ligue de la Ligue Conf\u00e9rence.<\/p>\n<p>Strasbourg recevra \u00e0 l&rsquo;aller, avant d&rsquo;aller \u00e0 Br\u00f8ndby au retour<\/p>\n<p>Le 7 ao\u00fbt dernier, \u00e0 l&rsquo;occasion du 3e tour de qualification aller, le V\u00edkingur Reykjav\u00edk s&rsquo;\u00e9tait largement impos\u00e9 sur sa pelouse devant le Br\u00f8ndby IF (3-0 en marquant 3 buts sur 4 tirs cadr\u00e9s), et la manche retour, disput\u00e9e ce jeudi soir au Danemark semblait donc s&rsquo;apparenter \u00e0 une formalit\u00e9 pour le club islandais, d&rsquo;autant plus apr\u00e8s l&rsquo;expulsion de l&rsquo;attaquant Clement Bischoff \u00e0 la 18e de jeu pour les locaux. Mais c&rsquo;est l&rsquo;effet inverse de celui attendu qui a eu lieu et, \u00e0 dix contre onze, les locaux ont trouv\u00e9 des ressources exceptionnelles pour tout renverser en marquant \u00e0 quatre reprises pour finalement obtenir leur qualification pour les barrages de la Ligue Conf\u00e9rence. Nicolai Vallys a sign\u00e9 un doubl\u00e9 (45e+2, 52e) et au retour des vestiaires, c&rsquo;est son co\u00e9quipier Filip Bundgaard Kristensen qui a suivi le m\u00eame chemin (57e, 71e). Ainsi, avec ce 4-0 largement inattendu sur le papier, le Br\u00f8ndby IF s&rsquo;est offert le droit de d\u00e9fier Strasbourg, \u00e0 la fin du mois d&rsquo;ao\u00fbt (aller le 21 ao\u00fbt \u00e0 la Meinau, retour le 28 au Br\u00f8ndby Stadion) pour les barrages de la Ligue Conf\u00e9rence.<\/p>\n<p>D&rsquo;ici le match aller des barrages, Strasbourg affrontera Metz \u00e0 l&rsquo;occasion de la reprise du championnat de France de Ligue 1 (dimanche). Entre les deux matchs des barrages, viendra s&rsquo;intercaler la r\u00e9ception du FC Nantes, pr\u00e9vue le 24 ao\u00fbt prochain au stade de la Meinau.<\/p>\n","protected":false},"excerpt":{"rendered":"Axel Allag, Media365, publi\u00e9 le jeudi 14 ao\u00fbt 2025 \u00e0 21h24 Septi\u00e8me de Ligue 1 la saison \u00e9coul\u00e9e,&hellip;\n","protected":false},"author":2,"featured_media":319839,"comment_status":"","ping_status":"","sticky":false,"template":"","format":"standard","meta":{"footnotes":""},"categories":[2820],"tags":[1111,11,1777,674,1011,27,775,12,25,640],"class_list":{"0":"post-319838","1":"post","2":"type-post","3":"status-publish","4":"format-standard","5":"has-post-thumbnail","7":"category-strasbourg","8":"tag-actu","9":"tag-actualites","10":"tag-eu","11":"tag-europe","12":"tag-fr","13":"tag-france","14":"tag-grand-est","15":"tag-news","16":"tag-republique-francaise","17":"tag-strasbourg"},"share_on_mastodon":{"url":"https:\/\/pubeurope.com\/@fr\/115030256888603507","error":""},"_links":{"self":[{"href":"https:\/\/www.europesays.com\/fr\/wp-json\/wp\/v2\/posts\/319838","targetHints":{"allow":["GET"]}}],"collection":[{"href":"https:\/\/www.europesays.com\/fr\/wp-json\/wp\/v2\/posts"}],"about":[{"href":"https:\/\/www.europesays.com\/fr\/wp-json\/wp\/v2\/types\/post"}],"author":[{"embeddable":true,"href":"https:\/\/www.europesays.com\/fr\/wp-json\/wp\/v2\/users\/2"}],"replies":[{"embeddable":true,"href":"https:\/\/www.europesays.com\/fr\/wp-json\/wp\/v2\/comments?post=319838"}],"version-history":[{"count":0,"href":"https:\/\/www.europesays.com\/fr\/wp-json\/wp\/v2\/posts\/319838\/revisions"}],"wp:featuredmedia":[{"embeddable":true,"href":"https:\/\/www.europesays.com\/fr\/wp-json\/wp\/v2\/media\/319839"}],"wp:attachment":[{"href":"https:\/\/www.europesays.com\/fr\/wp-json\/wp\/v2\/media?parent=319838"}],"wp:term":[{"taxonomy":"category","embeddable":true,"href":"https:\/\/www.europesays.com\/fr\/wp-json\/wp\/v2\/categories?post=319838"},{"taxonomy":"post_tag","embeddable":true,"href":"https:\/\/www.europesays.com\/fr\/wp-json\/wp\/v2\/tags?post=319838"}],"curies":[{"name":"wp","href":"https:\/\/api.w.org\/{rel}","templated":true}]}}