{"id":319881,"date":"2025-08-15T02:10:27","date_gmt":"2025-08-15T02:10:27","guid":{"rendered":"https:\/\/www.europesays.com\/fr\/319881\/"},"modified":"2025-08-15T02:10:27","modified_gmt":"2025-08-15T02:10:27","slug":"le-deuxieme-parti-dallemagne-bientot-interdit","status":"publish","type":"post","link":"https:\/\/www.europesays.com\/fr\/319881\/","title":{"rendered":"le deuxi\u00e8me parti d\u2019Allemagne bient\u00f4t interdit\u00a0?"},"content":{"rendered":"<p>            <img decoding=\"async\" alt=\"Alice Weidel et Tino Chrupalla.\" src=\"https:\/\/www.europesays.com\/fr\/wp-content\/uploads\/2025\/08\/sipa_ap22929983_000029.jpg\" width=\"375\" height=\"250\" loading=\"lazy\"\/><\/p>\n<p>\n    Alice Weidel et Tino Chrupalla.<\/p>\n<p>                SIPA<br \/>\n                                        \/<br \/>\n                                                    \u00a9 Sebastian Kahnert\/AP<\/p>\n<p>Le d\u00e9bat sur une \u00e9ventuelle interdiction de <a href=\"https:\/\/www.lejdd.fr\/international\/quest-ce-que-lafd-149048\" target=\"_blank\" rel=\"nofollow noopener\">l\u2019AfD<\/a> ressurgit en Allemagne. Le parti Alternative pour l\u2019Allemagne (AfD) a \u00e9t\u00e9 class\u00e9 vendredi\u00a02\u00a0mai par le renseignement int\u00e9rieur allemand comme un mouvement \u00ab\u00a0extr\u00e9miste de droite av\u00e9r\u00e9\u00a0\u00bb.<\/p>\n<p>Dans un communiqu\u00e9, l\u2019Office de protection de la Constitution consid\u00e8re que le deuxi\u00e8me parti d\u2019Allemagne \u00ab\u00a0d\u00e9valorise des groupes entiers de la population en Allemagne et porte atteinte \u00e0 leur dignit\u00e9 humaine\u00a0\u00bb. Ce qui n\u2019est ainsi \u00ab\u00a0pas compatible avec l\u2019ordre d\u00e9mocratique fondamental\u00a0\u00bb. Le renseignement pointe aussi \u00ab\u00a0l\u2019attitude globalement hostile aux migrants et aux musulmans du parti\u00a0\u00bb.<\/p>\n<p>    La suite apr\u00e8s cette publicit\u00e9<\/p>\n<p>Une d\u00e9cision \u00ab\u00a0motiv\u00e9e politiquement\u00a0\u00bb<\/p>\n<p>Les chefs de l\u2019AfD, <a href=\"https:\/\/www.lejdd.fr\/International\/allemagne-jusquou-alice-weidel-peut-elle-porter-lafd-155390\" target=\"_blank\" rel=\"nofollow noopener\">Alice Weidel<\/a> et Tino Chrupalla, ont d\u00e9nonc\u00e9 cette d\u00e9cision, estimant qu\u2019il s\u2019agissait d\u2019un \u00ab\u00a0coup dur pour la d\u00e9mocratie\u00a0\u00bb et un choix \u00ab\u00a0motiv\u00e9 politiquement\u00a0\u00bb. Les patrons du parti de droite nationaliste promettent toutefois de \u00ab\u00a0continuer \u00e0 se d\u00e9fendre juridiquement contre ces diffamations dangereuses pour la d\u00e9mocratie\u00a0\u00bb.<\/p>\n<p>    La suite apr\u00e8s cette publicit\u00e9<\/p>\n<p>L\u2019AfD avait r\u00e9alis\u00e9 une perc\u00e9e historique lors des \u00e9lections l\u00e9gislatives de f\u00e9vrier dernier et avait m\u00eame doubl\u00e9 son score en obtenant plus de 20\u00a0% des voix. Selon les sondages, le parti d\u00e9passe m\u00eame l\u2019Union chr\u00e9tienne-d\u00e9mocrate (CDU) de <a href=\"https:\/\/www.lejdd.fr\/International\/elections-en-allemagne-friedrich-merz-en-tete-lafd-en-forte-progression-et-un-pays-sous-tension-155263\" target=\"_blank\" rel=\"nofollow noopener\">Friedrich Merz<\/a>, qui sera investi chancelier mardi prochain.<\/p>\n<p>Vers une interdiction\u00a0?<\/p>\n<p>L\u2019Office de protection de la Constitution n\u2019a pas pr\u00e9cis\u00e9 les cons\u00e9quences directes de ce classement\u00a0; mais une interdiction de l\u2019AfD pourrait \u00eatre sur la table, comme le brandissent ces derniers mois des responsables politiques outre-Rhin. Cette classification autorise en tout cas les autorit\u00e9s \u00e0 recourir \u00e0 d\u2019importants moyens de surveillance et de contr\u00f4le, notamment au sein de communications priv\u00e9es.<\/p>\n","protected":false},"excerpt":{"rendered":"Alice Weidel et Tino Chrupalla. SIPA \/ \u00a9 Sebastian Kahnert\/AP Le d\u00e9bat sur une \u00e9ventuelle interdiction de l\u2019AfD&hellip;\n","protected":false},"author":2,"featured_media":319882,"comment_status":"","ping_status":"","sticky":false,"template":"","format":"standard","meta":{"footnotes":""},"categories":[1587],"tags":[11,672,1804,1805,1803,1777,674,1801,12,1802],"class_list":{"0":"post-319881","1":"post","2":"type-post","3":"status-publish","4":"format-standard","5":"has-post-thumbnail","7":"category-allemagne","8":"tag-actualites","9":"tag-allemagne","10":"tag-bundesrepublik-deutschland","11":"tag-de","12":"tag-deutschland","13":"tag-eu","14":"tag-europe","15":"tag-germany","16":"tag-news","17":"tag-republique-federale-dallemagne"},"share_on_mastodon":{"url":"https:\/\/pubeurope.com\/@fr\/115030355203110259","error":""},"_links":{"self":[{"href":"https:\/\/www.europesays.com\/fr\/wp-json\/wp\/v2\/posts\/319881","targetHints":{"allow":["GET"]}}],"collection":[{"href":"https:\/\/www.europesays.com\/fr\/wp-json\/wp\/v2\/posts"}],"about":[{"href":"https:\/\/www.europesays.com\/fr\/wp-json\/wp\/v2\/types\/post"}],"author":[{"embeddable":true,"href":"https:\/\/www.europesays.com\/fr\/wp-json\/wp\/v2\/users\/2"}],"replies":[{"embeddable":true,"href":"https:\/\/www.europesays.com\/fr\/wp-json\/wp\/v2\/comments?post=319881"}],"version-history":[{"count":0,"href":"https:\/\/www.europesays.com\/fr\/wp-json\/wp\/v2\/posts\/319881\/revisions"}],"wp:featuredmedia":[{"embeddable":true,"href":"https:\/\/www.europesays.com\/fr\/wp-json\/wp\/v2\/media\/319882"}],"wp:attachment":[{"href":"https:\/\/www.europesays.com\/fr\/wp-json\/wp\/v2\/media?parent=319881"}],"wp:term":[{"taxonomy":"category","embeddable":true,"href":"https:\/\/www.europesays.com\/fr\/wp-json\/wp\/v2\/categories?post=319881"},{"taxonomy":"post_tag","embeddable":true,"href":"https:\/\/www.europesays.com\/fr\/wp-json\/wp\/v2\/tags?post=319881"}],"curies":[{"name":"wp","href":"https:\/\/api.w.org\/{rel}","templated":true}]}}