{"id":31989,"date":"2025-04-17T15:43:17","date_gmt":"2025-04-17T15:43:17","guid":{"rendered":"https:\/\/www.europesays.com\/fr\/31989\/"},"modified":"2025-04-17T15:43:17","modified_gmt":"2025-04-17T15:43:17","slug":"elle-a-gagne-la-confiance-de-marine-le-pen-et-pourrait-arracher-la-mairie-de-toulon-incontournable-laure-lavalette","status":"publish","type":"post","link":"https:\/\/www.europesays.com\/fr\/31989\/","title":{"rendered":"Elle a gagn\u00e9 la confiance de Marine Le Pen et pourrait arracher la mairie de Toulon : incontournable Laure Lavalette"},"content":{"rendered":"<p><strong>PORTRAIT <\/strong>&#8211; En deux ans, la d\u00e9put\u00e9e du Var a su se rendre indispensable, nationalement \u00e0 Marine Le Pen, et, localement, \u00e0 ceux qui esp\u00e8rent faire basculer Toulon dans l\u2019escarcelle du RN, \u00e0 un an de l\u2019\u00e9lection pr\u00e9sidentielle.<\/p>\n<p class=\"fig-paragraph\">\u00ab\u00a0<a href=\"http:\/\/www.lefigaro.fr\/marseille\/var-la-deputee-rn-laure-lavalette-victime-d-une-tentative-de-vol-20241113\" target=\"_blank\" data-fig-type=\"NewsFlash\" rel=\"noopener\" data-gtm-custom-categorie=\"navigation\" data-gtm-custom-action=\"crossclick\" data-gtm-custom-label=\"Contextuel\" data-gtm-event=\"customEventSPE\" data-fig-domain=\"LEFIGARO\">Laure Lavalette<\/a> \u00a0? Elle va \u00eatre \u00e9lue \u00e0 Toulon. C\u2019est une tr\u00e8s bonne candidate.\u00a0\u00bb Dans les \u00e9tats-majors politiques parisiens l\u2019affaire semble entendue. \u00c0 moins d\u2019un an des \u00e9lections municipales, alors qu\u2019aucun candidat ne s\u2019est encore d\u00e9clar\u00e9, il semble \u00e9vident pour tout le monde que la pr\u00e9fecture du Var va tomber dans l\u2019escarcelle du\u00a0<a href=\"https:\/\/www.lefigaro.fr\/tag\/rassemblement-national\" target=\"_blank\" rel=\"noopener\" data-gtm-custom-categorie=\"navigation\" data-gtm-custom-action=\"crossclick\" data-gtm-custom-label=\"Contextuel\" data-gtm-event=\"customEventSPE\">Rassemblement national<\/a>, si Laure Lavalette d\u00e9cide de se lancer dans la comp\u00e9tition. Comment expliquer cette \u00e9vidence parisienne\u00a0?<\/p>\n<p class=\"fig-paragraph\">Par les chiffres\u00a0: la progression du RN dans ce d\u00e9partement est impressionnante. En 2022, Marine Le Pen obtient 49,6 % des voix dans la ville au second tour, face \u00e0 Emmanuel Macron\u00a0: 5,5 points de plus qu\u2019en 2017. Aux derni\u00e8res l\u00e9gislatives, le\u00a0<a href=\"https:\/\/www.lefigaro.fr\/elections\/resultats\/var-83\/toulon-83137\/\" target=\"_blank\" rel=\"noopener\" data-gtm-custom-categorie=\"navigation\" data-gtm-custom-action=\"crossclick\" data-gtm-custom-label=\"Contextuel\" data-gtm-event=\"customEventSPE\">RN rafle sept circonscriptions sur huit<\/a>. Seule celle du centre-ville, qui couvre 80 % de la population, lui r\u00e9siste, conserv\u00e9e par Yannick Chenevard, ancien premier adjoint.<\/p>\n<p class=\"fig-paragraph\">Est-ce pour cette raison que Laure Lavalette reste prudente\u00a0? Sous des dehors rock and\u2026<\/p>\n<p class=\"fig-premium-paywall__infos\">\n        Cet article est r\u00e9serv\u00e9 aux abonn\u00e9s.        Il vous reste 89% \u00e0 d\u00e9couvrir.\n    <\/p>\n<p>                <img  data- alt=\"Le Figaro\" class=\"fig-img--complete fig-img\"\/><\/p>\n<p class=\"fig-premium-paywall__title\">Vous avez envie de lire la suite ?<\/p>\n<p class=\"fig-premium-paywall__subtitle\">D\u00e9bloquez tous les articles imm\u00e9diatement.<\/p>\n<p class=\"fig-premium-paywall__connect\">\n                D\u00e9j\u00e0 abonn\u00e9\u00a0?                <a class=\"fig-premium-paywall__connect-link\" href=\"https:\/\/connect.lefigaro.fr\/login?client=horizon_web&amp;type=main&amp;redirect_uri=https%3A%2F%2Fwww.lefigaro.fr%2Fpolitique%2Felle-a-gagne-la-confiance-de-marine-le-pen-et-pourrait-arracher-la-mairie-de-toulon-l-incontournable-laure-lavalette-20250413\" data-js-gtm=\"{&quot;customCategorie&quot;: &quot;conversion&quot;, &quot;customAction&quot;: &quot;before_Landing_Connexion_paywall_auto&quot;, &quot;customLabel&quot;: &quot;bGVmaWdhcm8uZnJfXzFmMDE2YTZmLThhZTQtNjM1Mi1hMDM0LWE5ZWQxNTM1ZDdkN19fQXJ0aWNsZQ==_Elle a gagn\u00e9 la confiance de Marine Le Pen et pourrait arracher la mairie de Toulon\u00a0: incontournable Laure Lavalette_90&quot;, &quot;customIDSPE&quot;: &quot;bGVmaWdhcm8uZnJfXzFmMDE2YTZmLThhZTQtNjM1Mi1hMDM0LWE5ZWQxNTM1ZDdkN19fQXJ0aWNsZQ==&quot;, &quot;event&quot;: &quot;customEventSPE&quot;}\" target=\"_blank\" rel=\"noopener\"><br \/>\n                    Connectez-vous<br \/>\n                <\/a>\n            <\/p>\n","protected":false},"excerpt":{"rendered":"PORTRAIT &#8211; En deux ans, la d\u00e9put\u00e9e du Var a su se rendre indispensable, nationalement \u00e0 Marine Le&hellip;\n","protected":false},"author":2,"featured_media":31990,"comment_status":"","ping_status":"","sticky":false,"template":"","format":"standard","meta":{"footnotes":""},"categories":[9619],"tags":[1111,11,426,427,422,423,1777,674,1011,27,418,424,425,420,421,430,12,419,316,882,429,1078,25,2310,428],"class_list":{"0":"post-31989","1":"post","2":"type-post","3":"status-publish","4":"format-standard","5":"has-post-thumbnail","7":"category-toulon","8":"tag-actu","9":"tag-actualites","10":"tag-candidat","11":"tag-candidats","12":"tag-depute","13":"tag-deputes","14":"tag-eu","15":"tag-europe","16":"tag-fr","17":"tag-france","18":"tag-gouvernement","19":"tag-institution","20":"tag-institutions","21":"tag-loi","22":"tag-lois","23":"tag-marine-le-pen","24":"tag-news","25":"tag-opposition","26":"tag-politique","27":"tag-provence-alpes-cote-dazur","28":"tag-ps","29":"tag-rassemblement-national","30":"tag-republique-francaise","31":"tag-toulon","32":"tag-ump"},"share_on_mastodon":{"url":"https:\/\/pubeurope.com\/@fr\/114354074681059529","error":""},"_links":{"self":[{"href":"https:\/\/www.europesays.com\/fr\/wp-json\/wp\/v2\/posts\/31989","targetHints":{"allow":["GET"]}}],"collection":[{"href":"https:\/\/www.europesays.com\/fr\/wp-json\/wp\/v2\/posts"}],"about":[{"href":"https:\/\/www.europesays.com\/fr\/wp-json\/wp\/v2\/types\/post"}],"author":[{"embeddable":true,"href":"https:\/\/www.europesays.com\/fr\/wp-json\/wp\/v2\/users\/2"}],"replies":[{"embeddable":true,"href":"https:\/\/www.europesays.com\/fr\/wp-json\/wp\/v2\/comments?post=31989"}],"version-history":[{"count":0,"href":"https:\/\/www.europesays.com\/fr\/wp-json\/wp\/v2\/posts\/31989\/revisions"}],"wp:featuredmedia":[{"embeddable":true,"href":"https:\/\/www.europesays.com\/fr\/wp-json\/wp\/v2\/media\/31990"}],"wp:attachment":[{"href":"https:\/\/www.europesays.com\/fr\/wp-json\/wp\/v2\/media?parent=31989"}],"wp:term":[{"taxonomy":"category","embeddable":true,"href":"https:\/\/www.europesays.com\/fr\/wp-json\/wp\/v2\/categories?post=31989"},{"taxonomy":"post_tag","embeddable":true,"href":"https:\/\/www.europesays.com\/fr\/wp-json\/wp\/v2\/tags?post=31989"}],"curies":[{"name":"wp","href":"https:\/\/api.w.org\/{rel}","templated":true}]}}