{"id":319897,"date":"2025-08-15T02:21:16","date_gmt":"2025-08-15T02:21:16","guid":{"rendered":"https:\/\/www.europesays.com\/fr\/319897\/"},"modified":"2025-08-15T02:21:16","modified_gmt":"2025-08-15T02:21:16","slug":"motogp-toprak-razgatlioglu-nous-nous-parlons-souvent-au-telephone-avec-marc-marquez-il-sait-que-jai-hate-de-courir-avec-lui-et-ce-sera-un-honneur-pour-moi","status":"publish","type":"post","link":"https:\/\/www.europesays.com\/fr\/319897\/","title":{"rendered":"MotoGP, Toprak Razgatlioglu : \u00ab\u00a0nous nous parlons souvent au t\u00e9l\u00e9phone avec Marc Marquez. Il sait que j&rsquo;ai h\u00e2te de courir avec lui et ce sera un honneur pour moi\u00a0\u00bb"},"content":{"rendered":"<p><strong>\u00c0 presque 29 ans, Toprak Razgatlioglu s\u2019appr\u00eate \u00e0<br \/>\nr\u00e9aliser son r\u00eave de toujours : faire ses premiers pas en MotoGP.<br \/>\nUn peu plus vieux que la plupart des jeunes pilotes qui acc\u00e8dent \u00e0<br \/>\nla cat\u00e9gorie reine, le pilote turc a travaill\u00e9 dur pour y parvenir,<br \/>\nremportant deux titres WorldSBK avec Yamaha et BMW. Aujourd\u2019hui, il<br \/>\nest pr\u00eat \u00e0 franchir un nouveau cap, avec un contrat pour rejoindre<br \/>\nles rangs de PRAMAC Yamaha en 2026, une opportunit\u00e9 parfaite pour<br \/>\ns\u2019adapter \u00e0 la MotoGP avant l\u2019arriv\u00e9e du nouveau r\u00e8glement en<br \/>\n2027.<\/strong><\/p>\n<p>Dans une interview avec GPone, <strong>Razgatlioglu<\/strong> a<br \/>\nexprim\u00e9 son enthousiasme : \u00ab cela a toujours \u00e9t\u00e9 mon r\u00eave de<br \/>\ncourir en MotoGP, et cette ann\u00e9e<strong>, j\u2019ai eu l\u2019opportunit\u00e9 de<br \/>\nle faire, alors je l\u2019ai saisie<\/strong> sans r\u00e9fl\u00e9chir \u00e0 deux<br \/>\nfois. \u00bb Toprak, un \u00e9l\u00e8ve de <strong>Kenan Sofuoglu<\/strong>,<br \/>\nb\u00e9n\u00e9ficie d\u2019un contrat de <strong>deux ans<\/strong> avec<br \/>\n<strong>Yamaha<\/strong>, une stabilit\u00e9 qui lui procure \u00ab<br \/>\nbeaucoup de paix et de joie \u00bb, sans la pression des<br \/>\nn\u00e9gociations \u00e0 court terme.<\/p>\n<p>Le pilote turc a suivi de pr\u00e8s les \u00e9volutions de<br \/>\n<strong>Yamaha<\/strong> en MotoGP, tout en restant conscient des<br \/>\nprogr\u00e8s n\u00e9cessaires. Il se pr\u00e9pare mentalement pour 2026, qu\u2019il<br \/>\nd\u00e9crit comme une ann\u00e9e de transition avant que les choses ne<br \/>\nchangent radicalement en 2027 avec l\u2019introduction des nouveaux<br \/>\nmoteurs 850 cc et des pneus Pirelli. <strong>Razgatlioglu<\/strong><br \/>\npr\u00e9f\u00e8re ne pas trop sp\u00e9culer sur ses premi\u00e8res impressions avec la<br \/>\nM1, mais il reconna\u00eet que ce sera un d\u00e9fi, une \u00e9tape cruciale dans<br \/>\nsa carri\u00e8re.<\/p>\n<p><strong>Toprak<\/strong> arrive en MotoGP \u00e0 un moment<br \/>\nparticulier, alors que <a href=\"https:\/\/www.paddock-gp.com\/motogp-le-cauchemar-de-pecco-bagnaia-a-commence-avant-larrivee-de-marc-marquez-comme-coequipier-mais-qui-a-dit-ca\/\" target=\"_blank\" rel=\"noopener\"><br \/>\n<strong>Marc Marquez<\/strong><\/a> vit l\u2019un de ses plus beaux<br \/>\nmoments sportifs apr\u00e8s des ann\u00e9es difficiles. L\u2019Espagnol, qui a<br \/>\nsurmont\u00e9 une grave blessure, a retrouv\u00e9 son niveau de performance<br \/>\nau guidon de la <strong>Ducati<\/strong> Desmosedici, apr\u00e8s une<br \/>\npremi\u00e8re exp\u00e9rience sur la GP23 en 2024.<\/p>\n<p><img loading=\"lazy\" decoding=\"async\" class=\"aligncenter\" src=\"https:\/\/www.europesays.com\/fr\/wp-content\/uploads\/2025\/08\/GettyImages-2227005738-1140x760.jpg\" alt=\"Photo de Gold &amp; Goose Photography\/Getty Images\" width=\"869\" height=\"579\"\/><\/p>\n<p><strong>Toprak Razgatlioglu\u00a0:<br \/>\n\u00ab\u00a0Marc Marquez m\u2019aidera \u00e0 grandir et \u00e0 apprendre. Je le<br \/>\nregarde d\u00e9j\u00e0 \u00e0 la t\u00e9l\u00e9vision\u00a0\u00bb<\/strong><\/p>\n<p>Pour <strong>Toprak<\/strong>, Marc repr\u00e9sente bien plus qu\u2019un<br \/>\nadversaire de classe mondiale : \u00ab <strong>Marc est un champion<br \/>\nextraordinaire<\/strong>. Il a travers\u00e9 une p\u00e9riode tr\u00e8s<br \/>\ndifficile de sa vie, avec une grave blessure, mais il m\u00e9rite le<br \/>\nmoment qu\u2019il vit gr\u00e2ce \u00e0 sa t\u00e9nacit\u00e9 et \u00e0 ce qu\u2019il montre sur la<br \/>\npiste avec Ducati. \u00bb<\/p>\n<p>Mais ce qui est encore plus frappant dans les propos de<br \/>\n<strong>Toprak<\/strong>, c\u2019est la relation qu\u2019il entretient avec<br \/>\n<strong>Marc Marquez<\/strong>. Le pilote turc r\u00e9v\u00e8le qu\u2019il parle<br \/>\nr\u00e9guli\u00e8rement avec l\u2019Espagnol : \u00ab nous nous parlons souvent au<br \/>\nt\u00e9l\u00e9phone. Il sait que j\u2019ai h\u00e2te de courir en MotoGP, et ce sera un<br \/>\nhonneur pour moi. \u00bb<\/p>\n<p>Outre <strong>Marquez<\/strong>, Toprak entretient aussi<br \/>\nd\u2019excellentes relations avec d\u2019autres pilotes comme <a href=\"https:\/\/www.paddock-gp.com\/motogp-valentino-rossi-avec-pecco-bagnaia-on-sentend-mieux-sur-la-piste-quavec-franco-morbidelli\/\" target=\"_blank\" rel=\"noopener\"><br \/>\n<strong>Pecco Bagnaia<\/strong><\/a>, mais c\u2019est la perspective de<br \/>\nconcourir avec <strong>Marquez<\/strong> qui l\u2019enthousiasme<br \/>\nparticuli\u00e8rement : \u00ab j\u2019ai h\u00e2te de concourir avec Marc. Il<br \/>\nm\u2019aidera \u00e0 grandir et \u00e0 apprendre. Je le regarde d\u00e9j\u00e0 \u00e0 la<br \/>\nt\u00e9l\u00e9vision. \u00bb<\/p>\n<p>Avec son arriv\u00e9e en MotoGP, <strong>Toprak Razgatlioglu<\/strong><br \/>\ns\u2019appr\u00eate \u00e0 \u00e9crire un nouveau chapitre de sa carri\u00e8re. Son<br \/>\nadmiration pour <strong>Marc Marquez<\/strong> et sa volont\u00e9<br \/>\nd\u2019apprendre aupr\u00e8s des meilleurs illustrent son ambition et son<br \/>\nrespect pour les l\u00e9gendes de la discipline. Le futur de<br \/>\n<strong>Toprak<\/strong> dans la cat\u00e9gorie reine semble prometteur,<br \/>\net il est \u00e9vident que sa motivation, combin\u00e9e \u00e0 son talent,<br \/>\npourrait faire de lui une \u00e9toile montante du <a href=\"https:\/\/www.motogp.com\/en\" target=\"_blank\" rel=\"noopener\">MotoGP<\/a> dans les ann\u00e9es \u00e0 venir.<\/p>\n<p><img loading=\"lazy\" decoding=\"async\" class=\"aligncenter\" src=\"https:\/\/www.europesays.com\/fr\/wp-content\/uploads\/2025\/08\/876867678678_compressed.jpg\" alt=\"3223\" width=\"883\" height=\"462\"\/><\/p>\n","protected":false},"excerpt":{"rendered":"\u00c0 presque 29 ans, Toprak Razgatlioglu s\u2019appr\u00eate \u00e0 r\u00e9aliser son r\u00eave de toujours : faire ses premiers pas&hellip;\n","protected":false},"author":2,"featured_media":319898,"comment_status":"","ping_status":"","sticky":false,"template":"","format":"standard","meta":{"footnotes":""},"categories":[1413],"tags":[1011,27,1457,1456,60],"class_list":{"0":"post-319897","1":"post","2":"type-post","3":"status-publish","4":"format-standard","5":"has-post-thumbnail","7":"category-moto","8":"tag-fr","9":"tag-france","10":"tag-moto","11":"tag-motocycle","12":"tag-sports"},"share_on_mastodon":{"url":"https:\/\/pubeurope.com\/@fr\/115030398362978916","error":""},"_links":{"self":[{"href":"https:\/\/www.europesays.com\/fr\/wp-json\/wp\/v2\/posts\/319897","targetHints":{"allow":["GET"]}}],"collection":[{"href":"https:\/\/www.europesays.com\/fr\/wp-json\/wp\/v2\/posts"}],"about":[{"href":"https:\/\/www.europesays.com\/fr\/wp-json\/wp\/v2\/types\/post"}],"author":[{"embeddable":true,"href":"https:\/\/www.europesays.com\/fr\/wp-json\/wp\/v2\/users\/2"}],"replies":[{"embeddable":true,"href":"https:\/\/www.europesays.com\/fr\/wp-json\/wp\/v2\/comments?post=319897"}],"version-history":[{"count":0,"href":"https:\/\/www.europesays.com\/fr\/wp-json\/wp\/v2\/posts\/319897\/revisions"}],"wp:featuredmedia":[{"embeddable":true,"href":"https:\/\/www.europesays.com\/fr\/wp-json\/wp\/v2\/media\/319898"}],"wp:attachment":[{"href":"https:\/\/www.europesays.com\/fr\/wp-json\/wp\/v2\/media?parent=319897"}],"wp:term":[{"taxonomy":"category","embeddable":true,"href":"https:\/\/www.europesays.com\/fr\/wp-json\/wp\/v2\/categories?post=319897"},{"taxonomy":"post_tag","embeddable":true,"href":"https:\/\/www.europesays.com\/fr\/wp-json\/wp\/v2\/tags?post=319897"}],"curies":[{"name":"wp","href":"https:\/\/api.w.org\/{rel}","templated":true}]}}