{"id":319900,"date":"2025-08-15T02:23:18","date_gmt":"2025-08-15T02:23:18","guid":{"rendered":"https:\/\/www.europesays.com\/fr\/319900\/"},"modified":"2025-08-15T02:23:18","modified_gmt":"2025-08-15T02:23:18","slug":"avec-evenepoel-red-bull-veut-gagner-un-grand-tour-et-un-monument","status":"publish","type":"post","link":"https:\/\/www.europesays.com\/fr\/319900\/","title":{"rendered":"Avec Evenepoel, Red Bull veut \u00ab gagner un grand Tour et un Monument \u00bb"},"content":{"rendered":"<p class=\"date\">\n                                                            Thomas Siniecki, Media365 : publi\u00e9 le jeudi 14 ao\u00fbt 2025 \u00e0 22h47\n                                                    <\/p>\n<p>On le sait d&rsquo;ores et d\u00e9j\u00e0, le transfert de Remco Evenepoel sera le gros coup de 2026.<\/p>\n<p>L&rsquo;impact de Remco Evenepoel sur l&rsquo;\u00e9quipe Red Bull &#8211; Bora &#8211; Hansgrohe est d\u00e9j\u00e0 \u00e9norme et notamment au niveau m\u00e9diatique, selon le patron Ralph Denk qui a \u00e9voqu\u00e9 sa future star pour le podcast Sports am Samstag : \u00ab\u00a0Nous esp\u00e9rons un effet Peter Sagan. Tout comme lui, Remco Evenepoel a la facult\u00e9 de propulser les autres membres de notre \u00e9quipe.\u00a0\u00bb De 2017 \u00e0 2021, le charismatique coureur slovaque \u00e9tait le leader de Bora, <a href=\"https:\/\/sports.orange.fr\/cyclisme\/article\/red-bull-bora-hansgrohe-evenepoel-va-devenir-le-deuxieme-coureur-le-mieux-paye-au-monde-CNT000002k75O5.html\" rel=\"nofollow noopener\" target=\"_blank\">qui n&rsquo;a pris le label Red Bull que la saison derni\u00e8re<\/a> (avec l&rsquo;arriv\u00e9e de Primoz Roglic en prime).<\/p>\n<p>Denk : \u00ab\u00a0Nous pourrons faire des choix lorsqu&rsquo;on conna\u00eetra les parcours\u00a0\u00bb<\/p>\n<p>\u00ab\u00a0Remco Evenepoel ne vient pas chez nous uniquement pour remporter le Tour de France, pr\u00e9cise le dirigeant. C&rsquo;est un coureur qui peut s&rsquo;illustrer sur de nombreux parcours, y compris sur des courses d&rsquo;un jour. L&rsquo;objectif, c&rsquo;est de gagner un Monument et un grand Tour. Il a d\u00e9j\u00e0 accompli beaucoup de choses, mais on est persuad\u00e9s que c&rsquo;est loin d&rsquo;\u00eatre termin\u00e9.\u00a0\u00bb Le Belge a d\u00e9j\u00e0 remport\u00e9 la Vuelta en 2022 et fini troisi\u00e8me du Tour de France en 2024, tout en gagnant deux fois Li\u00e8ge-Bastogne-Li\u00e8ge coup sur coup en 2022 et 2023, <a href=\"https:\/\/sports.orange.fr\/cyclisme\/article\/paris-2024-cyclisme-h-evenepoel-plus-fort-que-tout-exclu-CNT000002eDgD4.html\" rel=\"nofollow noopener\" target=\"_blank\">et en \u00e9tant \u00e9galement sacr\u00e9 double champion olympique<\/a> (course en ligne et contre-la-montre) \u00e0 Paris 2024 et aussi champion du monde 2022 (et double tenant du titre sur le contre-la-montre).<\/p>\n<p>Il faudra s&rsquo;organiser avec Roglic et Florian Lipowitz, les deux leaders d\u00e9j\u00e0 en place, mais il est encore \u00ab\u00a0trop\u00a0t\u00f4t pour envisager les programmes et strat\u00e9gies pour nos diff\u00e9rents coureurs\u00a0\u00bb : \u00ab\u00a0C&rsquo;est une discussion que nous aurons en interne. Nous pourrons faire des choix lorsqu&rsquo;on conna\u00eetra les parcours des trois grands Tours.\u00a0\u00bb Pourquoi pas un Tour d&rsquo;Italie pour Remco Evenepoel, la seule course du triptyque qu&rsquo;il n&rsquo;a pas encore termin\u00e9e (deux abandons en 2021 et 2023) ? Il y a deux ans, il en avait toutefois port\u00e9 le maillot rose durant quatre jours.<\/p>\n","protected":false},"excerpt":{"rendered":"Thomas Siniecki, Media365 : publi\u00e9 le jeudi 14 ao\u00fbt 2025 \u00e0 22h47 On le sait d&rsquo;ores et d\u00e9j\u00e0,&hellip;\n","protected":false},"author":2,"featured_media":319901,"comment_status":"","ping_status":"","sticky":false,"template":"","format":"standard","meta":{"footnotes":""},"categories":[1411],"tags":[1154,207,1011,27,60],"class_list":{"0":"post-319900","1":"post","2":"type-post","3":"status-publish","4":"format-standard","5":"has-post-thumbnail","7":"category-cyclisme","8":"tag-cycling","9":"tag-cyclisme","10":"tag-fr","11":"tag-france","12":"tag-sports"},"share_on_mastodon":{"url":"https:\/\/pubeurope.com\/@fr\/115030406160557644","error":""},"_links":{"self":[{"href":"https:\/\/www.europesays.com\/fr\/wp-json\/wp\/v2\/posts\/319900","targetHints":{"allow":["GET"]}}],"collection":[{"href":"https:\/\/www.europesays.com\/fr\/wp-json\/wp\/v2\/posts"}],"about":[{"href":"https:\/\/www.europesays.com\/fr\/wp-json\/wp\/v2\/types\/post"}],"author":[{"embeddable":true,"href":"https:\/\/www.europesays.com\/fr\/wp-json\/wp\/v2\/users\/2"}],"replies":[{"embeddable":true,"href":"https:\/\/www.europesays.com\/fr\/wp-json\/wp\/v2\/comments?post=319900"}],"version-history":[{"count":0,"href":"https:\/\/www.europesays.com\/fr\/wp-json\/wp\/v2\/posts\/319900\/revisions"}],"wp:featuredmedia":[{"embeddable":true,"href":"https:\/\/www.europesays.com\/fr\/wp-json\/wp\/v2\/media\/319901"}],"wp:attachment":[{"href":"https:\/\/www.europesays.com\/fr\/wp-json\/wp\/v2\/media?parent=319900"}],"wp:term":[{"taxonomy":"category","embeddable":true,"href":"https:\/\/www.europesays.com\/fr\/wp-json\/wp\/v2\/categories?post=319900"},{"taxonomy":"post_tag","embeddable":true,"href":"https:\/\/www.europesays.com\/fr\/wp-json\/wp\/v2\/tags?post=319900"}],"curies":[{"name":"wp","href":"https:\/\/api.w.org\/{rel}","templated":true}]}}