{"id":319910,"date":"2025-08-15T02:28:26","date_gmt":"2025-08-15T02:28:26","guid":{"rendered":"https:\/\/www.europesays.com\/fr\/319910\/"},"modified":"2025-08-15T02:28:26","modified_gmt":"2025-08-15T02:28:26","slug":"cetait-assez-frustrant-sofiane-francine-devoile-les-coulisses-de-la-scene-de-sauvetage-de-lizzie-par-simon","status":"publish","type":"post","link":"https:\/\/www.europesays.com\/fr\/319910\/","title":{"rendered":"\u00ab\u00a0C&rsquo;\u00e9tait assez frustrant\u00a0\u00bb, Sofiane Francine d\u00e9voile les coulisses de la sc\u00e8ne de sauvetage de Lizzie par Simon"},"content":{"rendered":"<p>Dans l&rsquo;\u00e9pisode de Demain nous appartient diffus\u00e9 ce jeudi 14 ao\u00fbt 2025 sur TF1, Ludo a de nouveau frapp\u00e9 en trafiquant les \u00e9clairages de la sc\u00e8ne du Th\u00e9\u00e2tre de la mer. Plusieurs personnages vont ainsi se retrouver en danger, dont Simon. Son interpr\u00e8te Sofiane Francine a d\u00e9voil\u00e9 \u00e0 T\u00e9l\u00e9-Loisirs les coulisses de cette sc\u00e8ne.<\/p>\n<p><b>ATTENTION SPOILERS<\/b> ! Ne lisez pas la suite si vous voulez la d\u00e9couvrir en regardant <a href=\"https:\/\/www.programme-tv.net\/news\/series-tv\/385395-demain-nous-appartient-en-avance-simon-se-precipite-pour-sauver-lizzie-victoire-et-fred-toujours-en-froid-le-resume-de-l-episode-2009-du-jeudi-14-aout-2025\/\" data-api-deeplink=\"teleloisirs:\/\/news\/385395\" target=\"_blank\" rel=\"noopener\">l&rsquo;\u00e9pisode de <b>Demain nous appartient<\/b> diffus\u00e9 ce jeudi 14 ao\u00fbt 2025 sur TF1<\/a>. <a href=\"https:\/\/www.programme-tv.net\/news\/series-tv\/385244-demain-nous-appartient-en-avance-bart-est-vivant-annie-renverse-ludo-en-voiture-le-resume-de-l-episode-2008-du-mercredi-13-aout-2025\/\" data-api-deeplink=\"teleloisirs:\/\/news\/385244\" target=\"_blank\" rel=\"noopener\">Ludo a mis en place un nouveau dispositif mortel<\/a> pour faire d&rsquo;autres victimes. Cette fois, le tueur en s\u00e9rie a sabot\u00e9 l&rsquo;\u00e9clairage du Th\u00e9\u00e2tre de la mer o\u00f9 se produisent les membres de la chorale de la Brassos. Lizzie, Lilou, Bastien, Fran\u00e7ois, M\u00e9lody&#8230; tous sont sur sc\u00e8ne quand des bruits inqui\u00e9tants se font entendre. Du c\u00f4t\u00e9 du public, Victoire, Soraya, mais aussi <a href=\"https:\/\/www.programme-tv.net\/news\/series-tv\/385359-demain-nous-appartient-simon-est-au-bout-du-rouleau-sofiane-francine-revient-sur-l-etat-d-esprit-de-son-personnage\/\" data-api-deeplink=\"teleloisirs:\/\/news\/385359\" target=\"_blank\" rel=\"noopener\">Simon (Sofiane Francine), toujours affect\u00e9 par sa rupture avec Camille<\/a>, sont sur le qui-vive.<\/p>\n<p>Demain nous appartient : \u00ab\u00a0Je m&rsquo;\u00e9tais bless\u00e9&#8230;\u00a0\u00bb, Sofiane Francine revient sur les coulisses de la sc\u00e8ne de sauvetage<\/p>\n<p>Dans Demain nous appartient, <a href=\"https:\/\/www.programme-tv.net\/news\/series-tv\/385395-demain-nous-appartient-en-avance-simon-se-precipite-pour-sauver-lizzie-victoire-et-fred-toujours-en-froid-le-resume-de-l-episode-2009-du-jeudi-14-aout-2025\/\" data-api-deeplink=\"teleloisirs:\/\/news\/385395\" target=\"_blank\" rel=\"noopener\">Simon voit qu&rsquo;un projecteur menace Lizzie<\/a>, rest\u00e9e sur sc\u00e8ne, et il n&rsquo;h\u00e9site pas une seconde pour courir vers elle et tenter de la sauver. Mais \u00e0 la fin de l&rsquo;\u00e9pisode, on ignore si une ou des victimes sont \u00e0 d\u00e9plorer. \u00ab\u00a0Avant de tourner, je m\u2019\u00e9tais bless\u00e9 au genou et j\u2019\u00e9tais d\u00e9go\u00fbt\u00e9 de ne pas pouvoir tourner la course de la sc\u00e8ne de sauvetage. J\u2019ai \u00e9t\u00e9 doubl\u00e9, c\u2019\u00e9tait assez frustrant\u00a0\u00bb, nous a d\u00e9voil\u00e9 le com\u00e9dien. Mais il garde un bon souvenir de ce jour de tournage particulier : \u00ab\u00a0C\u2019\u00e9tait grisant de tourner dans le Th\u00e9\u00e2tre de la mer et c\u2019\u00e9tait \u00e9mouvant. \u00c7a a \u00e9t\u00e9 une longue journ\u00e9e de tournage, ces s\u00e9quences se d\u00e9roulent sur deux \u00e9pisodes. La sc\u00e8ne de sauvetage \u00e9tait assez cool \u00e0 faire.\u00a0\u00bb<\/p>\n<p>                        Demain nous appartient : \u00ab\u00a0C&rsquo;est une belle r\u00e9compense pour mon personnage\u00a0\u00bb, confie Sofiane Francine<\/p>\n<p>Pr\u00e9c\u00e9demment dans <b>Demain nous appartient<\/b><b>,<\/b> Simon avait fait croire qu&rsquo;il avait sauv\u00e9 une femme dans la rue. Mais son mensonge s&rsquo;\u00e9tait retourn\u00e9 contre lui. Cette fois, il se comporte vraiment en h\u00e9ros : \u00ab\u00a0Simon a toujours voulu \u00eatre quelqu\u2019un, il a v\u00e9cu dans l\u2019ombre de son grand fr\u00e8re. Il veut rendre fiers ses parents adoptifs tout en trouvant sa personnalit\u00e9. Simon est devenu quelqu\u2019un de tr\u00e8s sage. Qu\u2019il devienne un h\u00e9ros est une belle r\u00e9compense pour ce personnage\u00a0\u00bb, a confi\u00e9 Sofiane Francine.<\/p>\n","protected":false},"excerpt":{"rendered":"Dans l&rsquo;\u00e9pisode de Demain nous appartient diffus\u00e9 ce jeudi 14 ao\u00fbt 2025 sur TF1, Ludo a de nouveau&hellip;\n","protected":false},"author":2,"featured_media":319911,"comment_status":"","ping_status":"","sticky":false,"template":"","format":"standard","meta":{"footnotes":""},"categories":[1356],"tags":[244,3598,58,59,1011,27,2173,252,199,1364],"class_list":{"0":"post-319910","1":"post","2":"type-post","3":"status-publish","4":"format-standard","5":"has-post-thumbnail","7":"category-television","8":"tag-commentaire","9":"tag-demain-nous-appartient","10":"tag-divertissement","11":"tag-entertainment","12":"tag-fr","13":"tag-france","14":"tag-interview","15":"tag-television","16":"tag-tf1","17":"tag-tv"},"share_on_mastodon":{"url":"https:\/\/pubeurope.com\/@fr\/115030425841138519","error":""},"_links":{"self":[{"href":"https:\/\/www.europesays.com\/fr\/wp-json\/wp\/v2\/posts\/319910","targetHints":{"allow":["GET"]}}],"collection":[{"href":"https:\/\/www.europesays.com\/fr\/wp-json\/wp\/v2\/posts"}],"about":[{"href":"https:\/\/www.europesays.com\/fr\/wp-json\/wp\/v2\/types\/post"}],"author":[{"embeddable":true,"href":"https:\/\/www.europesays.com\/fr\/wp-json\/wp\/v2\/users\/2"}],"replies":[{"embeddable":true,"href":"https:\/\/www.europesays.com\/fr\/wp-json\/wp\/v2\/comments?post=319910"}],"version-history":[{"count":0,"href":"https:\/\/www.europesays.com\/fr\/wp-json\/wp\/v2\/posts\/319910\/revisions"}],"wp:featuredmedia":[{"embeddable":true,"href":"https:\/\/www.europesays.com\/fr\/wp-json\/wp\/v2\/media\/319911"}],"wp:attachment":[{"href":"https:\/\/www.europesays.com\/fr\/wp-json\/wp\/v2\/media?parent=319910"}],"wp:term":[{"taxonomy":"category","embeddable":true,"href":"https:\/\/www.europesays.com\/fr\/wp-json\/wp\/v2\/categories?post=319910"},{"taxonomy":"post_tag","embeddable":true,"href":"https:\/\/www.europesays.com\/fr\/wp-json\/wp\/v2\/tags?post=319910"}],"curies":[{"name":"wp","href":"https:\/\/api.w.org\/{rel}","templated":true}]}}