{"id":319912,"date":"2025-08-15T02:29:11","date_gmt":"2025-08-15T02:29:11","guid":{"rendered":"https:\/\/www.europesays.com\/fr\/319912\/"},"modified":"2025-08-15T02:29:11","modified_gmt":"2025-08-15T02:29:11","slug":"ne-me-parlez-pas-de-sheila-refuse-daborder-un-sujet-sensible","status":"publish","type":"post","link":"https:\/\/www.europesays.com\/fr\/319912\/","title":{"rendered":"\u00ab\u00a0Ne me parlez pas de\u2026\u00a0\u00bb : Sheila refuse d\u2019aborder un sujet sensible"},"content":{"rendered":"<p>Sheila est actuellement en pleine tourn\u00e9e, o\u00f9 elle interpr\u00e8te certains de ses plus grands succ\u00e8s, comme Spacer, et en profite notamment pour pr\u00e9senter son nouvel album, \u00c0 l\u2019avenir, sorti en avril dernier.<\/p>\n<p><a id=\"eztoc103265466_1\"\/>L&rsquo;\u00e2ge, un sujet dont ne veut pas parler Sheila\u00a0<\/p>\n<p>Interrog\u00e9e par nos confr\u00e8res de Cin\u00e9 T\u00e9l\u00e9 Revue ce jeudi 14 ao\u00fbt, la chanteuse de Bang Bang a tenu \u00e0 revenir sur son \u00e2ge : 80 ans.<\/p>\n<p>\u00ab\u00a0Ne me parlez pas de mes 80 ans, je ne veux pas entendre ce chiffre.\u00a0\u00bb a-t-elle dit avant que nos confr\u00e8res ne lui demande pourquoi elle avait baptis\u00e9 sa nouvelle tourn\u00e9e 8.0, sugg\u00e9rant forc\u00e9ment qu\u2019elle faisait r\u00e9f\u00e9rence \u00e0 son \u00e2ge. \u00ab\u00a0Oui, mais 8.0 ce n\u2019est pas le m\u00eame chiffre. Et puis ce sont les autres qui vous donnent un \u00e2ge. Moi, j\u2019ai \u00e0 peine 50 ans dans ma t\u00eate ! J\u2019ai des projets, des envies. Je n\u2019aime pas ce mot \u2018senior\u2019. \u00c7a donne l\u2019impression d\u2019\u00eatre d\u00e9j\u00e0 fini !\u00a0\u00bb a-t-elle dit.\u00a0<\/p>\n<p>Si aujourd\u2019hui la chanteuse Sheila jouit d\u2019une notori\u00e9t\u00e9 qui n\u2019est plus \u00e0 prouver, elle a pourtant \u00e9t\u00e9 moqu\u00e9e \u00e0 ses d\u00e9buts et a tenu \u00e0 revenir sur les critiques parfois acerbes qu\u2019elle a essuy\u00e9es \u00e0 l\u2019\u00e9poque. \u00ab\u00a0Je ne suis pas revancharde. Je m\u2019en suis toujours foutu, des jugements. Mais \u00e7a me fait plaisir (son dernier album a \u00e9t\u00e9 salu\u00e9 par la critique, ndlr). Longtemps, j\u2019ai \u00e9t\u00e9 catalogu\u00e9e petite fille de Fran\u00e7ais moyens, ringarde\u2026.Et voyez ! Le concert que je fais, c\u2019est du rock. La petite Sheila avec des couettes, c\u2019est tellement pass\u00e9iste\u00a0\u00bb a-t-elle affirm\u00e9 \u00e0 nos confr\u00e8res.\u00a0<\/p>\n<p><a id=\"eztoc103265466_2\"\/>La chanteuse de Spacer revient sur le f\u00e9minisme\u00a0<\/p>\n<p>  <a href=\"https:\/\/www.programme-television.org\/news\/people\/vie-privee\/pour-etre-libre-aujourd-hui-sheila-donne-sa-vision-du-feminisme-qui-ne-passe-pas-par-les-seins-a-l-air-et-les-ecriteaux-4740382\" target=\"_self\" rel=\"nofollow noopener\">Un sujet qui tient particuli\u00e8rement \u00e0 c\u0153ur \u00e0 la chanteuse est le f\u00e9minisme.<\/a> Sheila a d\u2019ailleurs fait quelques confidences sur sa vision de ce th\u00e8me \u00e0 nos confr\u00e8res de   <a href=\"https:\/\/www.programme-tv.net\/news\/musique\/376662-exclu-pour-moi-ca-ne-passe-pas-par-les-seins-a-l-air-et-les-ecriteaux-sheila-nous-donne-sa-vision-du-feminisme\/\" target=\"_self\" rel=\"nofollow noopener\">T\u00e9l\u00e9-Loisirs<\/a>, son album comportant une chanson en hommage \u00e0 Simone Veil. \u00ab\u00a0La lib\u00e9ration de la femme, ce n&rsquo;est pas \u00eatre au niveau des hommes, parce que je pense qu&rsquo;on est beaucoup plus fortes que les hommes\u00a0\u00bb. Elle avait ajout\u00e9 : \u00ab\u00a0C&rsquo;est d&rsquo;abord \u00eatre capable d&rsquo;assumer sa vie sans personne, \u00e7a commence par l\u00e0. Et apr\u00e8s, quand on est en r\u00e9union avec des hommes, prendre la parole juste parce qu&rsquo;on est brillante et qu&rsquo;on peut avoir de meilleures id\u00e9es qu&rsquo;eux\u00a0\u00bb<\/p>\n","protected":false},"excerpt":{"rendered":"Sheila est actuellement en pleine tourn\u00e9e, o\u00f9 elle interpr\u00e8te certains de ses plus grands succ\u00e8s, comme Spacer, et&hellip;\n","protected":false},"author":2,"featured_media":319913,"comment_status":"","ping_status":"","sticky":false,"template":"","format":"standard","meta":{"footnotes":""},"categories":[1355],"tags":[58,59,1011,27,1361,873],"class_list":{"0":"post-319912","1":"post","2":"type-post","3":"status-publish","4":"format-standard","5":"has-post-thumbnail","7":"category-musique","8":"tag-divertissement","9":"tag-entertainment","10":"tag-fr","11":"tag-france","12":"tag-music","13":"tag-musique"},"share_on_mastodon":{"url":"https:\/\/pubeurope.com\/@fr\/115030429716782681","error":""},"_links":{"self":[{"href":"https:\/\/www.europesays.com\/fr\/wp-json\/wp\/v2\/posts\/319912","targetHints":{"allow":["GET"]}}],"collection":[{"href":"https:\/\/www.europesays.com\/fr\/wp-json\/wp\/v2\/posts"}],"about":[{"href":"https:\/\/www.europesays.com\/fr\/wp-json\/wp\/v2\/types\/post"}],"author":[{"embeddable":true,"href":"https:\/\/www.europesays.com\/fr\/wp-json\/wp\/v2\/users\/2"}],"replies":[{"embeddable":true,"href":"https:\/\/www.europesays.com\/fr\/wp-json\/wp\/v2\/comments?post=319912"}],"version-history":[{"count":0,"href":"https:\/\/www.europesays.com\/fr\/wp-json\/wp\/v2\/posts\/319912\/revisions"}],"wp:featuredmedia":[{"embeddable":true,"href":"https:\/\/www.europesays.com\/fr\/wp-json\/wp\/v2\/media\/319913"}],"wp:attachment":[{"href":"https:\/\/www.europesays.com\/fr\/wp-json\/wp\/v2\/media?parent=319912"}],"wp:term":[{"taxonomy":"category","embeddable":true,"href":"https:\/\/www.europesays.com\/fr\/wp-json\/wp\/v2\/categories?post=319912"},{"taxonomy":"post_tag","embeddable":true,"href":"https:\/\/www.europesays.com\/fr\/wp-json\/wp\/v2\/tags?post=319912"}],"curies":[{"name":"wp","href":"https:\/\/api.w.org\/{rel}","templated":true}]}}