{"id":319914,"date":"2025-08-15T02:30:30","date_gmt":"2025-08-15T02:30:30","guid":{"rendered":"https:\/\/www.europesays.com\/fr\/319914\/"},"modified":"2025-08-15T02:30:30","modified_gmt":"2025-08-15T02:30:30","slug":"bande-annonce-kaamelott-deuxieme-volet-partie-1-dalexandre-astier-la-comedie-la-plus-attendue-de-lautomne","status":"publish","type":"post","link":"https:\/\/www.europesays.com\/fr\/319914\/","title":{"rendered":"Bande-annonce : \u00ab Kaamelott &#8211; deuxi\u00e8me volet (partie 1) \u00bb d&rsquo;Alexandre Astier, la com\u00e9die la plus attendue de l&rsquo;automne"},"content":{"rendered":"<p class=\"intro\">La bande-annonce du jour : \u00ab Kaamelott &#8211; deuxi\u00e8me volet (partie 1) \u00bb d&rsquo;Alexandre Astier, avec Alain Chabat, Guillaume Gallienne et Virginie Ledoyen. Sortie le 22 octobre 2025.<\/p>\n<p>Le synopsis :\u00a0Le tyrannique Lancelot-du-Lac et ses mercenaires saxons font r\u00e9gner la terreur sur le royaume de Logres. Les Dieux, insult\u00e9s par cette cruelle dictature, provoquent le retour d&rsquo;Arthur Pendragon et l&rsquo;av\u00e8nement de la r\u00e9sistance. Arthur parviendra-t-il \u00e0 f\u00e9d\u00e9rer les clans rebelles, renverser son rival, reprendre Kaamelott et restaurer la paix sur l&rsquo;\u00eele de Bretagne ?<\/p>\n","protected":false},"excerpt":{"rendered":"La bande-annonce du jour : \u00ab Kaamelott &#8211; deuxi\u00e8me volet (partie 1) \u00bb d&rsquo;Alexandre Astier, avec Alain Chabat,&hellip;\n","protected":false},"author":2,"featured_media":319915,"comment_status":"","ping_status":"","sticky":false,"template":"","format":"standard","meta":{"footnotes":""},"categories":[1354],"tags":[58,59,1346,1011,27,1360],"class_list":{"0":"post-319914","1":"post","2":"type-post","3":"status-publish","4":"format-standard","5":"has-post-thumbnail","7":"category-films","8":"tag-divertissement","9":"tag-entertainment","10":"tag-films","11":"tag-fr","12":"tag-france","13":"tag-movies"},"share_on_mastodon":{"url":"https:\/\/pubeurope.com\/@fr\/115030433988382064","error":""},"_links":{"self":[{"href":"https:\/\/www.europesays.com\/fr\/wp-json\/wp\/v2\/posts\/319914","targetHints":{"allow":["GET"]}}],"collection":[{"href":"https:\/\/www.europesays.com\/fr\/wp-json\/wp\/v2\/posts"}],"about":[{"href":"https:\/\/www.europesays.com\/fr\/wp-json\/wp\/v2\/types\/post"}],"author":[{"embeddable":true,"href":"https:\/\/www.europesays.com\/fr\/wp-json\/wp\/v2\/users\/2"}],"replies":[{"embeddable":true,"href":"https:\/\/www.europesays.com\/fr\/wp-json\/wp\/v2\/comments?post=319914"}],"version-history":[{"count":0,"href":"https:\/\/www.europesays.com\/fr\/wp-json\/wp\/v2\/posts\/319914\/revisions"}],"wp:featuredmedia":[{"embeddable":true,"href":"https:\/\/www.europesays.com\/fr\/wp-json\/wp\/v2\/media\/319915"}],"wp:attachment":[{"href":"https:\/\/www.europesays.com\/fr\/wp-json\/wp\/v2\/media?parent=319914"}],"wp:term":[{"taxonomy":"category","embeddable":true,"href":"https:\/\/www.europesays.com\/fr\/wp-json\/wp\/v2\/categories?post=319914"},{"taxonomy":"post_tag","embeddable":true,"href":"https:\/\/www.europesays.com\/fr\/wp-json\/wp\/v2\/tags?post=319914"}],"curies":[{"name":"wp","href":"https:\/\/api.w.org\/{rel}","templated":true}]}}