{"id":319918,"date":"2025-08-15T02:32:10","date_gmt":"2025-08-15T02:32:10","guid":{"rendered":"https:\/\/www.europesays.com\/fr\/319918\/"},"modified":"2025-08-15T02:32:10","modified_gmt":"2025-08-15T02:32:10","slug":"a-timizzolu-le-seul-terrain-quil-reste-a-lac-ajaccio","status":"publish","type":"post","link":"https:\/\/www.europesays.com\/fr\/319918\/","title":{"rendered":"A Timizzolu, le seul terrain qu&rsquo;il reste \u00e0 l&rsquo;AC Ajaccio"},"content":{"rendered":"<p>\u00ab\u00a0La valeur de notre foncier est estim\u00e9e entre 17 et 21\u00a0millions d&rsquo;euros. \u00a0\u00bb\u00a0Le 6\u00a0janvier dernier, devant la presse et les supporters lors de la premi\u00e8re r\u00e9union d&rsquo;une crise qui, on le sait aujourd&rsquo;hui, a fait sombrer l&rsquo;ACA en tant que club professionnel, les dirigeants avaient l\u00e2ch\u00e9 rapidement cette fourchette sur le patrimoine suppos\u00e9ment d\u00e9tenu \u00e0 Timizzolu par le club ajaccien.<\/p>\n<p>Un patrimoine c\u00e9d\u00e9&#8230; en 2019<\/p>\n<p>En effet, depuis toujours, ce dernier \u00e9tait propri\u00e9taire des 9 hectares abritant ses infrastructures, un des trois clubs de football \u00e0 l&rsquo;\u00eatre en France, avec Auxerre et Lyon. C&rsquo;est ce que tout le monde pensait.<\/p>\n<p>\u00c0 demi-mot, en r\u00e9\u00e9coutant l&rsquo;int\u00e9gralit\u00e9 des \u00e9changes de cette r\u00e9union hivernale, il avait \u00e9t\u00e9 \u00e9voqu\u00e9 \u00a0\u00bb\u00a0un gage\u00a0\u00a0\u00bb par Franck Leloup., Le directeur g\u00e9n\u00e9ral avait pr\u00e9f\u00e9r\u00e9 se concentrer sur une autre parcelle de terrain, la seule constructible. \u00a0\u00bb Il s&rsquo;agit du terrain parking tir \u00e0 l&rsquo;arc mais aucune op\u00e9ration immobili\u00e8re ne sera organis\u00e9e sans l&rsquo;accord du club. Mais on peut le vendre si vous trouvez quelqu&rsquo;un\u00a0\u00bb, avait-il alors lanc\u00e9 aux supporters pr\u00e9sents.<\/p>\n","protected":false},"excerpt":{"rendered":"\u00ab\u00a0La valeur de notre foncier est estim\u00e9e entre 17 et 21\u00a0millions d&rsquo;euros. \u00a0\u00bb\u00a0Le 6\u00a0janvier dernier, devant la presse&hellip;\n","protected":false},"author":2,"featured_media":319919,"comment_status":"","ping_status":"","sticky":false,"template":"","format":"standard","meta":{"footnotes":""},"categories":[9],"tags":[17,5622,1102,1011,27,28192,18017,3138,8288,60,3945,45799],"class_list":{"0":"post-319918","1":"post","2":"type-post","3":"status-publish","4":"format-standard","5":"has-post-thumbnail","7":"category-sports","8":"tag-17","9":"tag-ajaccio","10":"tag-breakingnews","11":"tag-fr","12":"tag-france","13":"tag-lac","14":"tag-quil","15":"tag-reste","16":"tag-seul","17":"tag-sports","18":"tag-terrain","19":"tag-timizzolu"},"share_on_mastodon":{"url":"https:\/\/pubeurope.com\/@fr\/115030441662421484","error":""},"_links":{"self":[{"href":"https:\/\/www.europesays.com\/fr\/wp-json\/wp\/v2\/posts\/319918","targetHints":{"allow":["GET"]}}],"collection":[{"href":"https:\/\/www.europesays.com\/fr\/wp-json\/wp\/v2\/posts"}],"about":[{"href":"https:\/\/www.europesays.com\/fr\/wp-json\/wp\/v2\/types\/post"}],"author":[{"embeddable":true,"href":"https:\/\/www.europesays.com\/fr\/wp-json\/wp\/v2\/users\/2"}],"replies":[{"embeddable":true,"href":"https:\/\/www.europesays.com\/fr\/wp-json\/wp\/v2\/comments?post=319918"}],"version-history":[{"count":0,"href":"https:\/\/www.europesays.com\/fr\/wp-json\/wp\/v2\/posts\/319918\/revisions"}],"wp:featuredmedia":[{"embeddable":true,"href":"https:\/\/www.europesays.com\/fr\/wp-json\/wp\/v2\/media\/319919"}],"wp:attachment":[{"href":"https:\/\/www.europesays.com\/fr\/wp-json\/wp\/v2\/media?parent=319918"}],"wp:term":[{"taxonomy":"category","embeddable":true,"href":"https:\/\/www.europesays.com\/fr\/wp-json\/wp\/v2\/categories?post=319918"},{"taxonomy":"post_tag","embeddable":true,"href":"https:\/\/www.europesays.com\/fr\/wp-json\/wp\/v2\/tags?post=319918"}],"curies":[{"name":"wp","href":"https:\/\/api.w.org\/{rel}","templated":true}]}}