{"id":319924,"date":"2025-08-15T02:35:12","date_gmt":"2025-08-15T02:35:12","guid":{"rendered":"https:\/\/www.europesays.com\/fr\/319924\/"},"modified":"2025-08-15T02:35:12","modified_gmt":"2025-08-15T02:35:12","slug":"le-reseau-social-x-a-ete-victime-dune-panne-mondiale","status":"publish","type":"post","link":"https:\/\/www.europesays.com\/fr\/319924\/","title":{"rendered":"Le r\u00e9seau social X a \u00e9t\u00e9 victime d&rsquo;une panne mondiale"},"content":{"rendered":"<p>Entre 16h50 et 17h30, le r\u00e9seau social X a \u00e9t\u00e9 victime d&rsquo;une panne emp\u00eachant le bon fonctionnement de la plateforme, notamment le flux de publications.<\/p>\n<p>Vous n&rsquo;arriviez pas \u00e0 acc\u00e9der \u00e0 X (ex-Twitter)? C&rsquo;est normal: le r\u00e9seau social \u00e9tait victime d&rsquo;une panne mondiale entre 16h50 et 17h30 ce 14 ao\u00fbt 2025. Que ce soit sur la version web ou sur l&rsquo;application mobile, il est impossible de remonter le fil d&rsquo;actualit\u00e9s.<\/p>\n<p>Sur le site <a href=\"https:\/\/downdetector.fr\/statut\/twitter\/\" target=\"_blank\" class=\"external_link\" rel=\"nofollow noopener\">Downdetector<\/a>, le nombre d&rsquo;internautes signalant des probl\u00e8mes ont explos\u00e9, notamment aux \u00c9tats-Unis avec pr\u00e8s de 18.000 signalements vers 17 heures. Tech&amp;Co avait aussi pu constater des pannes en France.<\/p>\n<p><img decoding=\"async\" loading=\"lazy\" width=\"1287\" height=\"551\" src=\"https:\/\/www.europesays.com\/fr\/wp-content\/uploads\/2025\/08\/Un-message-d-erreur-sur-X-ex-Twitter-2122949.jpg\"  alt=\"Un message d'erreur sur X (ex-Twitter)\" title=\"Un message d'erreur sur X (ex-Twitter)\"\/>Un message d&rsquo;erreur sur X (ex-Twitter) \u00a9 Tech&amp;Co<\/p>\n<p>La connexion au r\u00e9seau social a \u00e9t\u00e9 r\u00e9tablie vers 17h30. Le fil de publication et l&rsquo;ensemble des fonctionnalit\u00e9s de X sont de nouveau accessibles. Ni X, ni son propri\u00e9taire Elon Musk, n&rsquo;a pour le moment expliqu\u00e9 l&rsquo;origine de cette panne.<\/p>\n<p>Comme d&rsquo;habitude, le hashtag #TwitterDown a repris de l&rsquo;importance sur le r\u00e9seau social. Ces derniers mois, les pannes se sont multipli\u00e9es pour X. <a href=\"https:\/\/www.bfmtv.com\/tech\/twitter\/le-reseau-social-x-victime-d-une-panne_AV-202505010470.html#:~:text=La%20plateforme%20du%20milliardaire%20est,%3E%3E\" target=\"_blank\" class=\"external_link\" rel=\"nofollow noopener\">La derni\u00e8re date du mois de mai 2025<\/a>, alors que le 10 mars dernier, une cyberattaque avait \u00e9t\u00e9 \u00e0 l&rsquo;origine de gros probl\u00e8mes techniques.<\/p>\n","protected":false},"excerpt":{"rendered":"Entre 16h50 et 17h30, le r\u00e9seau social X a \u00e9t\u00e9 victime d&rsquo;une panne emp\u00eachant le bon fonctionnement de&hellip;\n","protected":false},"author":2,"featured_media":242818,"comment_status":"","ping_status":"","sticky":false,"template":"","format":"standard","meta":{"footnotes":""},"categories":[6],"tags":[35,33,34,1011,27],"class_list":{"0":"post-319924","1":"post","2":"type-post","3":"status-publish","4":"format-standard","5":"has-post-thumbnail","7":"category-economie","8":"tag-business","9":"tag-economie","10":"tag-economy","11":"tag-fr","12":"tag-france"},"share_on_mastodon":{"url":"https:\/\/pubeurope.com\/@fr\/115030453780827622","error":""},"_links":{"self":[{"href":"https:\/\/www.europesays.com\/fr\/wp-json\/wp\/v2\/posts\/319924","targetHints":{"allow":["GET"]}}],"collection":[{"href":"https:\/\/www.europesays.com\/fr\/wp-json\/wp\/v2\/posts"}],"about":[{"href":"https:\/\/www.europesays.com\/fr\/wp-json\/wp\/v2\/types\/post"}],"author":[{"embeddable":true,"href":"https:\/\/www.europesays.com\/fr\/wp-json\/wp\/v2\/users\/2"}],"replies":[{"embeddable":true,"href":"https:\/\/www.europesays.com\/fr\/wp-json\/wp\/v2\/comments?post=319924"}],"version-history":[{"count":0,"href":"https:\/\/www.europesays.com\/fr\/wp-json\/wp\/v2\/posts\/319924\/revisions"}],"wp:featuredmedia":[{"embeddable":true,"href":"https:\/\/www.europesays.com\/fr\/wp-json\/wp\/v2\/media\/242818"}],"wp:attachment":[{"href":"https:\/\/www.europesays.com\/fr\/wp-json\/wp\/v2\/media?parent=319924"}],"wp:term":[{"taxonomy":"category","embeddable":true,"href":"https:\/\/www.europesays.com\/fr\/wp-json\/wp\/v2\/categories?post=319924"},{"taxonomy":"post_tag","embeddable":true,"href":"https:\/\/www.europesays.com\/fr\/wp-json\/wp\/v2\/tags?post=319924"}],"curies":[{"name":"wp","href":"https:\/\/api.w.org\/{rel}","templated":true}]}}