{"id":319925,"date":"2025-08-15T02:36:14","date_gmt":"2025-08-15T02:36:14","guid":{"rendered":"https:\/\/www.europesays.com\/fr\/319925\/"},"modified":"2025-08-15T02:36:14","modified_gmt":"2025-08-15T02:36:14","slug":"teheran-affirme-travailler-avec-la-russie-et-la-chine-pour-empecher-des-sanctions-europeennes-2","status":"publish","type":"post","link":"https:\/\/www.europesays.com\/fr\/319925\/","title":{"rendered":"T\u00e9h\u00e9ran affirme travailler avec la Russie et la Chine pour emp\u00eacher des sanctions europ\u00e9ennes"},"content":{"rendered":"<p>Le ministre <a href=\"https:\/\/www.20minutes.fr\/monde\/iran\/\" target=\"_blank\" class=\"c-link c-link--is-underlined\" rel=\"noopener\">iranien<\/a> des Affaires \u00e9trang\u00e8res, <a href=\"https:\/\/www.20minutes.fr\/monde\/4164724-20250722-nucleaire-iran-affirme-abandonnera-enrichissement-uranium\" target=\"_blank\" class=\"c-link c-link--is-underlined\" rel=\"noopener\">Abbas Araghchi<\/a>, a affirm\u00e9 jeudi que son pays travaillait en \u00e9troite coordination avec la <a href=\"https:\/\/www.20minutes.fr\/dossier\/chine\" target=\"_blank\" class=\"c-link c-link--is-underlined\" rel=\"noopener\">Chine<\/a> et la <a href=\"https:\/\/www.20minutes.fr\/monde\/russie\/\" target=\"_blank\" class=\"c-link c-link--is-underlined\" rel=\"noopener\">Russie<\/a> pour \u00e9viter l\u2019activation du m\u00e9canisme de \u00ab\u00a0snapback\u00a0\u00bb envisag\u00e9 par les <a href=\"https:\/\/www.20minutes.fr\/dossier\/europe\" target=\"_blank\" class=\"c-link c-link--is-underlined\" rel=\"noopener\">Europ\u00e9ens<\/a>. Ce dispositif permettrait de r\u00e9tablir les sanctions internationales contre l\u2019Iran si aucun accord n\u2019est trouv\u00e9 d\u2019ici fin ao\u00fbt.<\/p>\n<p>Mardi, l\u2019<a href=\"https:\/\/www.20minutes.fr\/dossier\/allemagne\" target=\"_blank\" class=\"c-link c-link--is-underlined\" rel=\"noopener\">Allemagne<\/a>, le <a href=\"https:\/\/www.20minutes.fr\/monde\/royaume-uni\/\" target=\"_blank\" class=\"c-link c-link--is-underlined\" rel=\"noopener\">Royaume-Uni<\/a> et la <a href=\"https:\/\/www.20minutes.fr\/france\/\" target=\"_blank\" class=\"c-link c-link--is-underlined\" rel=\"noopener\">France<\/a> \u2013 r\u00e9unis sous le nom de \u00ab\u00a0E3\u00a0\u00bb \u2013 ont adress\u00e9 une lettre au secr\u00e9taire g\u00e9n\u00e9ral de l\u2019<a href=\"https:\/\/www.20minutes.fr\/monde\/onu\/\" target=\"_blank\" class=\"c-link c-link--is-underlined\" rel=\"noopener\">ONU<\/a>, Antonio Guterres, d\u00e9non\u00e7ant une accumulation d\u2019<a href=\"https:\/\/www.20minutes.fr\/dossier\/uranium\" target=\"_blank\" class=\"c-link c-link--is-underlined\" rel=\"noopener\">uranium<\/a> enrichi \u00ab\u00a0plus de 40 fois\u00a0\u00bb sup\u00e9rieure \u00e0 la limite fix\u00e9e par l\u2019accord nucl\u00e9aire de\u00a02015. Les trois capitales europ\u00e9ennes pr\u00e9viennent qu\u2019en l\u2019absence de solution n\u00e9goci\u00e9e, elles enclencheront le processus menant au retour des <a href=\"https:\/\/www.20minutes.fr\/dossier\/sanction\" target=\"_blank\" class=\"c-link c-link--is-underlined\" rel=\"noopener\">sanctions<\/a> en octobre. \u00ab Si l&rsquo;Iran persiste \u00e0 violer ses obligations internationales, la France et ses partenaires allemand et britannique r\u00e9enclencheront fin ao\u00fbt les embargos mondiaux sur les armes, les \u00e9quipements nucl\u00e9aires et les restrictions bancaires lev\u00e9s il y a 10 ans \u00bb, a pr\u00e9venu <a href=\"https:\/\/www.20minutes.fr\/politique\/jean-noel-barrot\/\" target=\"_blank\" class=\"c-link c-link--is-underlined\" rel=\"noopener\">Jean-No\u00ebl Barrot<\/a> sur X.<\/p>\n<\/p>\n<p>\u00ab\u00a0Nous avons des outils pour r\u00e9agir\u00a0\u00bb<\/p>\n<p>\u00ab\u00a0Si cela se produit, ce sera n\u00e9gatif [\u2026] Nous allons essayer de l\u2019emp\u00eacher [\u2026] Nous travaillons avec la Chine et la Russie pour emp\u00eacher la mise en \u0153uvre du snapback\u00a0\u00bb, a d\u00e9clar\u00e9 Abbas Araghchi \u00e0 la t\u00e9l\u00e9vision d\u2019Etat. Le chef de la diplomatie iranienne a \u00e9galement averti\u00a0: \u00ab\u00a0Si cela ne fonctionne pas et qu\u2019ils l\u2019appliquent, nous avons des outils pour r\u00e9agir.\u00a0\u00bb<\/p>\n<p><a href=\"https:\/\/www.20minutes.fr\/monde\/nucleaire_iranien\/\" target=\"_blank\" class=\"c-link c-btn c-btn--primary\" rel=\"noopener\">Notre dossier sur le nucl\u00e9aire iranien<\/a><\/p>\n<p>L\u2019accord <a href=\"https:\/\/www.20minutes.fr\/monde\/nucleaire_iranien\/\" target=\"_blank\" class=\"c-link c-link--is-underlined\" rel=\"noopener\">nucl\u00e9aire<\/a> sign\u00e9 en\u00a02015, auquel participaient \u00e9galement les <a href=\"https:\/\/www.20minutes.fr\/monde\/etats-unis\/\" target=\"_blank\" class=\"c-link c-link--is-underlined\" rel=\"noopener\">Etats-Unis<\/a>, pr\u00e9voyait une limitation stricte des activit\u00e9s nucl\u00e9aires iraniennes en \u00e9change d\u2019une lev\u00e9e progressive des sanctions. Mais en\u00a02018, Washington s\u2019est retir\u00e9 unilat\u00e9ralement sous la pr\u00e9sidence de <a href=\"https:\/\/www.20minutes.fr\/dossier\/donald_trump\" target=\"_blank\" class=\"c-link c-link--is-underlined\" rel=\"noopener\">Donald Trump<\/a>, poussant <a href=\"https:\/\/www.20minutes.fr\/monde\/teheran\/\" target=\"_blank\" class=\"c-link c-link--is-underlined\" rel=\"noopener\">T\u00e9h\u00e9ran<\/a> \u00e0 s\u2019affranchir de plusieurs engagements. Depuis, les n\u00e9gociations pour un nouveau cadre contraignant se heurtent \u00e0 des d\u00e9saccords persistants, alors que les Occidentaux accusent l\u2019Iran de vouloir se doter de l\u2019arme nucl\u00e9aire.<\/p>\n","protected":false},"excerpt":{"rendered":"Le ministre iranien des Affaires \u00e9trang\u00e8res, Abbas Araghchi, a affirm\u00e9 jeudi que son pays travaillait en \u00e9troite coordination&hellip;\n","protected":false},"author":2,"featured_media":319926,"comment_status":"","ping_status":"","sticky":false,"template":"","format":"standard","meta":{"footnotes":""},"categories":[5],"tags":[47,11,309,40041,1011,27,14,3019,74,12,3020,3521,132,10378,34800,28],"class_list":{"0":"post-319925","1":"post","2":"type-post","3":"status-publish","4":"format-standard","5":"has-post-thumbnail","7":"category-international","8":"tag-actualite","9":"tag-actualites","10":"tag-chine","11":"tag-e3","12":"tag-fr","13":"tag-france","14":"tag-international","15":"tag-iran","16":"tag-monde","17":"tag-news","18":"tag-nucleaire-iranien","19":"tag-onu","20":"tag-russie","21":"tag-sanction","22":"tag-uranium","23":"tag-world"},"share_on_mastodon":{"url":"https:\/\/pubeurope.com\/@fr\/115030457754552700","error":""},"_links":{"self":[{"href":"https:\/\/www.europesays.com\/fr\/wp-json\/wp\/v2\/posts\/319925","targetHints":{"allow":["GET"]}}],"collection":[{"href":"https:\/\/www.europesays.com\/fr\/wp-json\/wp\/v2\/posts"}],"about":[{"href":"https:\/\/www.europesays.com\/fr\/wp-json\/wp\/v2\/types\/post"}],"author":[{"embeddable":true,"href":"https:\/\/www.europesays.com\/fr\/wp-json\/wp\/v2\/users\/2"}],"replies":[{"embeddable":true,"href":"https:\/\/www.europesays.com\/fr\/wp-json\/wp\/v2\/comments?post=319925"}],"version-history":[{"count":0,"href":"https:\/\/www.europesays.com\/fr\/wp-json\/wp\/v2\/posts\/319925\/revisions"}],"wp:featuredmedia":[{"embeddable":true,"href":"https:\/\/www.europesays.com\/fr\/wp-json\/wp\/v2\/media\/319926"}],"wp:attachment":[{"href":"https:\/\/www.europesays.com\/fr\/wp-json\/wp\/v2\/media?parent=319925"}],"wp:term":[{"taxonomy":"category","embeddable":true,"href":"https:\/\/www.europesays.com\/fr\/wp-json\/wp\/v2\/categories?post=319925"},{"taxonomy":"post_tag","embeddable":true,"href":"https:\/\/www.europesays.com\/fr\/wp-json\/wp\/v2\/tags?post=319925"}],"curies":[{"name":"wp","href":"https:\/\/api.w.org\/{rel}","templated":true}]}}