{"id":319927,"date":"2025-08-15T02:37:15","date_gmt":"2025-08-15T02:37:15","guid":{"rendered":"https:\/\/www.europesays.com\/fr\/319927\/"},"modified":"2025-08-15T02:37:15","modified_gmt":"2025-08-15T02:37:15","slug":"bayrou-appelle-les-francais-a-lui-envoyer-des-questions-et-suggestions","status":"publish","type":"post","link":"https:\/\/www.europesays.com\/fr\/319927\/","title":{"rendered":"Bayrou appelle les Fran\u00e7ais \u00e0 lui envoyer des \u00ab\u00a0questions\u00a0\u00bb et \u00ab\u00a0suggestions\u00a0\u00bb"},"content":{"rendered":"<p><a href=\"https:\/\/www.20minutes.fr\/politique\/francois_bayrou\/\" target=\"_blank\" class=\"c-link c-link--is-underlined\" rel=\"noopener\">Fran\u00e7ois Bayrou<\/a> relance son op\u00e9ration de \u00ab\u00a0communication directe\u00a0\u00bb avec les Fran\u00e7ais. Jeudi, le <a href=\"https:\/\/www.20minutes.fr\/dossier\/premier_ministre\" target=\"_blank\" class=\"c-link c-link--is-underlined\" rel=\"noopener\">Premier ministre<\/a> a annonc\u00e9 la \u00ab\u00a0deuxi\u00e8me \u00e9tape\u00a0\u00bb de cette initiative visant \u00e0 expliquer et d\u00e9fendre son plan de redressement budg\u00e9taire, tout en invitant les citoyens \u00e0 contribuer par leurs questions, propositions et suggestions.<\/p>\n<p>Dans une <a href=\"https:\/\/www.20minutes.fr\/dossier\/video\" target=\"_blank\" class=\"c-link c-link--is-underlined\" rel=\"noopener\">vid\u00e9o<\/a> publi\u00e9e en ligne, il a rappel\u00e9 l\u2019\u00ab\u00a0objectif double\u00a0\u00bb de cette d\u00e9marche\u00a0: \u00ab\u00a0redresser nos comptes publics autant que possible, progressivement, et produire plus pour la France\u00a0\u00bb. Soucieux d\u2019\u00e9viter tout bras de fer entre le <a href=\"https:\/\/www.20minutes.fr\/dossier\/gouvernement\" target=\"_blank\" class=\"c-link c-link--is-underlined\" rel=\"noopener\">gouvernement<\/a> et la population, il a pr\u00e9venu\u00a0: \u00ab\u00a0Je ne laisserai pas se mettre en place un conflit entre le pouvoir et les <a href=\"https:\/\/www.20minutes.fr\/dossier\/francais\" class=\"c-link c-link--is-underlined\" target=\"_blank\" rel=\"noopener\">Fran\u00e7ais<\/a>. Sans leur soutien, cette t\u00e2che est impossible.\u00a0\u00bb<\/p>\n<\/p>\n<p>Relance de l\u2019application Agora et adresse e-mail<\/p>\n<p>Pour faciliter cette participation, une nouvelle version de l\u2019<a href=\"https:\/\/www.20minutes.fr\/economie\/4061974-20231118-application-mobile-agora-dematerialisee-vise-renouer-dialogue-etat\" target=\"_blank\" class=\"c-link c-link--is-underlined\" rel=\"noopener\">application Agora<\/a> \u2013 lanc\u00e9e en\u00a02023 par <a href=\"https:\/\/www.20minutes.fr\/politique\/olivier-veran\/\" target=\"_blank\" class=\"c-link c-link--is-underlined\" rel=\"noopener\">Olivier V\u00e9ran<\/a> \u2013 est d\u00e9sormais disponible. Les citoyens peuvent aussi \u00e9crire directement au chef du gouvernement via l\u2019adresse <a href=\"https:\/\/www.20minutes.fr\/cdn-cgi\/l\/email-protection\" class=\"__cf_email__\" data-cfemail=\"442226202d3621273004343621292d213669292d2a2d373036216a232b31326a2236\" target=\"_blank\" rel=\"noopener\">[email\u00a0protected]<\/a>. \u00ab\u00a0Il faut que vous soyez inform\u00e9s, associ\u00e9s et que vous puissiez participer\u00a0\u00bb, a soulign\u00e9 Fran\u00e7ois Bayrou, tout en pr\u00e9cisant\u00a0: \u00ab\u00a0Je ne r\u00e9pondrai pas aux injures, tout le monde sait comment fonctionnent les <a href=\"https:\/\/www.20minutes.fr\/dossier\/reseaux_sociaux\" target=\"_blank\" class=\"c-link c-link--is-underlined\" rel=\"noopener\">r\u00e9seaux sociaux<\/a>.\u00a0\u00bb<\/p>\n<p><a href=\"https:\/\/www.20minutes.fr\/economie\/budget\/\" target=\"_blank\" class=\"c-link c-btn c-btn--primary\" rel=\"noopener\">Notre dossier sur le budget<\/a><\/p>\n<p>Inspir\u00e9e par l\u2019exemple de Pierre Mend\u00e8s France, qui rendait compte de son action \u00e0 la radio dans les ann\u00e9es\u00a01950, cette campagne se poursuivra jusqu\u2019au d\u00e9but septembre, avant l\u2019examen des textes financiers \u00e0 l\u2019<a href=\"https:\/\/www.20minutes.fr\/dossier\/assemblee_nationale\" target=\"_blank\" class=\"c-link c-link--is-underlined\" rel=\"noopener\">Assembl\u00e9e<\/a> en octobre. Depuis le lancement mi-juillet, la premi\u00e8re vid\u00e9o a \u00e9t\u00e9 visionn\u00e9e plus de 126.000 fois sur <a href=\"https:\/\/www.20minutes.fr\/high-tech\/youtube\/\" target=\"_blank\" class=\"c-link c-link--is-underlined\" rel=\"noopener\">YouTube<\/a>, tandis que les suivantes ont rassembl\u00e9 entre 7.400 et 37.000 vues.<\/p>\n","protected":false},"excerpt":{"rendered":"Fran\u00e7ois Bayrou relance son op\u00e9ration de \u00ab\u00a0communication directe\u00a0\u00bb avec les Fran\u00e7ais. Jeudi, le Premier ministre a annonc\u00e9 la&hellip;\n","protected":false},"author":2,"featured_media":319928,"comment_status":"","ping_status":"","sticky":false,"template":"","format":"standard","meta":{"footnotes":""},"categories":[4],"tags":[47,11,1071,1003,7716,1011,27,431,418,12,316,3363,25,938,2784],"class_list":{"0":"post-319927","1":"post","2":"type-post","3":"status-publish","4":"format-standard","5":"has-post-thumbnail","7":"category-france","8":"tag-actualite","9":"tag-actualites","10":"tag-application-mobile","11":"tag-budget","12":"tag-email","13":"tag-fr","14":"tag-france","15":"tag-francois-bayrou","16":"tag-gouvernement","17":"tag-news","18":"tag-politique","19":"tag-premier-ministre","20":"tag-republique-francaise","21":"tag-reseaux-sociaux","22":"tag-youtube"},"share_on_mastodon":{"url":"https:\/\/pubeurope.com\/@fr\/115030461208005009","error":""},"_links":{"self":[{"href":"https:\/\/www.europesays.com\/fr\/wp-json\/wp\/v2\/posts\/319927","targetHints":{"allow":["GET"]}}],"collection":[{"href":"https:\/\/www.europesays.com\/fr\/wp-json\/wp\/v2\/posts"}],"about":[{"href":"https:\/\/www.europesays.com\/fr\/wp-json\/wp\/v2\/types\/post"}],"author":[{"embeddable":true,"href":"https:\/\/www.europesays.com\/fr\/wp-json\/wp\/v2\/users\/2"}],"replies":[{"embeddable":true,"href":"https:\/\/www.europesays.com\/fr\/wp-json\/wp\/v2\/comments?post=319927"}],"version-history":[{"count":0,"href":"https:\/\/www.europesays.com\/fr\/wp-json\/wp\/v2\/posts\/319927\/revisions"}],"wp:featuredmedia":[{"embeddable":true,"href":"https:\/\/www.europesays.com\/fr\/wp-json\/wp\/v2\/media\/319928"}],"wp:attachment":[{"href":"https:\/\/www.europesays.com\/fr\/wp-json\/wp\/v2\/media?parent=319927"}],"wp:term":[{"taxonomy":"category","embeddable":true,"href":"https:\/\/www.europesays.com\/fr\/wp-json\/wp\/v2\/categories?post=319927"},{"taxonomy":"post_tag","embeddable":true,"href":"https:\/\/www.europesays.com\/fr\/wp-json\/wp\/v2\/tags?post=319927"}],"curies":[{"name":"wp","href":"https:\/\/api.w.org\/{rel}","templated":true}]}}