{"id":319943,"date":"2025-08-15T02:49:33","date_gmt":"2025-08-15T02:49:33","guid":{"rendered":"https:\/\/www.europesays.com\/fr\/319943\/"},"modified":"2025-08-15T02:49:33","modified_gmt":"2025-08-15T02:49:33","slug":"national-baptiste-ridira-dfco-faire-de-gaston-gerard-une-forteresse","status":"publish","type":"post","link":"https:\/\/www.europesays.com\/fr\/319943\/","title":{"rendered":"National. Baptiste Ridira (DFCO) : \u00ab Faire de Gaston-G\u00e9rard une forteresse \u00bb"},"content":{"rendered":"<p>Infirmerie<\/p>\n<p>Ben Hamada s\u2019est bless\u00e9 mardi matin lors de la s\u00e9ance et sera indisponible potentiellement\u00a0 trois semaines. Il est touch\u00e9 \u00e0 l\u2019ischio.\u00a0<\/p>\n<p>O\u00f9 en sont Tavares, Diouf et Khatir \u00a0?<\/p>\n<p>\u00ab\u00a0On est sur des timing de pr\u00e9paration athl\u00e9tique diff\u00e9rents, on est sur de la mise en confiance, sur de la capacit\u00e9 \u00e0 amener des joueurs, progressivement, \u00e0 rentrer dans le groupe \u00e0 leur meilleur niveau. Pour le moment la satisfaction c\u2019est qu\u2019on a un groupe disponible quasi \u00e0 100 %, \u00e0 part Ben (Hamada) malheureusement, par rapport \u00e0 l\u2019entr\u00e9e qu\u2019il a fait la semaine derni\u00e8re.\u00a0\u00bb<\/p>\n<p>\u00a0Confirmer \u00e0 domicile<\/p>\n<p>\u00ab\u00a0Cela ne devrait pas \u00eatre le plus dur, c\u2019est l\u00e0-dessus qu\u2019on doit \u00eatre serein. On a \u00e9t\u00e9 gagn\u00e9 \u00e0 l\u2019ext\u00e9rieur. Et chez nous, comme on l\u2019a d\u00e9j\u00e0 \u00e9voqu\u00e9 par le pass\u00e9, on doit faire de Gaston-G\u00e9rard une forteresse. Quand on joue \u00e0 domicile cela ne doit pas \u00eatre nos genoux mais plut\u00f4t ceux des adversaires qui tremblent. Donc Il faut \u00eatre tr\u00e8s serein par rapport \u00e0 cela, parce qu\u2019on s\u2019est donn\u00e9 presque un peu d\u2019air en gagnant le premier match \u00e0 l\u2019ext\u00e9rieur. Sur le premier match \u00e0 domicile, on a toutes les raisons de faire preuve de s\u00e9r\u00e9nit\u00e9 de confiance, toujours pas de suffisance et cela est important. Et quand on dit un tr\u00e8s beau match \u00e0 Orl\u00e9ans, c\u2019est l\u2019euphorie du match et le visionnage des images, etc. Il y a quand m\u00eame pas mal de choses \u00e0 corriger, sur le tempo global du match, sur la gestion de cette partie de match qui n\u2019ont \u00e0 \u00e9chapper en seconde mi-temps, de certaines actions d\u00e9fensives qu\u2019on a pas forc\u00e9ment su bien g\u00e9rer et sur lesquelles on a conc\u00e9d\u00e9 des occasions tr\u00e8s franches.\u00a0 On ne peut pas se permettre de penser que c\u2019\u00e9tait un match parfait, c\u2019\u00e9tait loin d\u2019\u00eatre le match parfait. Cela a bien tourn\u00e9 pour nous, c\u2019est le discours que j\u2019ai tenu aux joueurs toute la semaine.\u00a0\u00bb<\/p>\n<p>Un coach \u00e0 l&rsquo;aise<\/p>\n<p>\u00ab\u00a0Quand j\u2019aligne une \u00e9quipe et que moi je suis sur le banc du DFCO, aujourd\u2019hui je me sens soutenu. Et cela c\u2019est tr\u00e8s important, parce qu\u2019on sent qu\u2019on a des gens derri\u00e8re nous. On sent qu\u2019il y a de l\u2019attente, pas de d\u00e9fiance. Je n\u2019ai pas ce sentiment de d\u00e9fiance qu\u2019on peut avoir par rapport au supporteurs, je trouve que c\u2019est sain.\u00a0\u00bb<\/p>\n<p>Quel regard sur le FC Rouen\u00a0?<\/p>\n<p>\u00ab\u00a0Le club dans sa communication externe est rentr\u00e9e dans le rang par rapport \u00e0 l\u2019an dernier o\u00f9 il y avait beaucoup de sorties m\u00e9diatiques et d\u2019incertitudes par rapport \u00e0 l\u2019aspect financier, la reprise du club, les ambitions. Je les ai trouv\u00e9s discrets pendant la pr\u00e9pa. Avec un recrutement que j\u2019ai trouv\u00e9 plut\u00f4t judicieux avec Nassim Titebah qui \u00e9tait chez nous l\u2019an dernier, avec Rapha\u00ebl Gerbeaud que j\u2019ai eu \u00e0 Saint-Pryv\u00e9 et que je suivais encore en \u00e9tant au DFCO, en signant \u00e9galement un joueur comme Kenny Rocha qu\u2019on avait pist\u00e9 avant qu\u2019il ne signe au Paris 13\u2026 Les recrues du FC Rouen me parlent en termes de philosophie de jeu, de profils\u2026 C\u2019est aussi un effectif qui a pas mal \u00e9volu\u00e9 par rapport \u00e0 l\u2019an dernier.\u00a0Pour moi, c\u2019est une \u00e9quipe moins expos\u00e9e et plus sereine pour travailler. \u00bb<\/p>\n<p>Le d\u00e9part de Nassim Titebah\u00a0?<\/p>\n<p>\u00ab\u00a0Je n\u2019ai pas de regrets, c\u2019est lui qui a d\u00e9cid\u00e9, il a fait son choix. Dans des dispositions qui ne nous ont pas plu, mais d\u2019un autre c\u00f4t\u00e9, c\u2019est comme \u00e7a. Cela fait partie du jeu. Je ne suis pas s\u00fbr qu\u2019il \u00e9tait super \u00e0 l\u2019aise avec la d\u00e9marche, mais tant pis. On s\u2019est expliqu\u00e9 en fin d\u2019ann\u00e9e. Ce qui m\u2019int\u00e9resse n\u2019est pas de savoir si j\u2019aurais aim\u00e9 avoir Nassim Titebah cette ann\u00e9e, mais d\u2019avoir des joueurs comme Zoran Moco que l\u2019on a replac\u00e9 \u00e0 ce poste et Isma\u00efl Diallo. Je n\u2019ai pas le sentiment qu\u2019on soit moins fort sur le poste que l\u2019an dernier. C\u2019est ce qui m\u2019int\u00e9resse.\u00a0\u00bb<\/p>\n<p>\u00ab\u00a0Isma\u00efl Diallo. Je n\u2019ai pas le sentiment qu\u2019on soit moins fort sur le poste que l\u2019an dernier. C\u2019est ce qui m\u2019int\u00e9resse.\u00a0\u00bb<\/p>\n<p>La situation de l\u2019AC Ajaccio, exclu des championnats nationaux<\/p>\n<p>\u00ab\u00a0Cela m\u2019attriste pour le public ajaccien, pour le club. C\u2019est quand m\u00eame un club historique. Je pense \u00e0 l\u2019entra\u00eeneur qui rentrait au dipl\u00f4me et qui ne peut pas avoir une continuit\u00e9 dans sa formation. J\u2019ai \u00e9galement une grosse pens\u00e9e pour tous les joueurs qui se retrouvent dans un timing o\u00f9 leur pr\u00e9pa \u00e9tait lanc\u00e9e\u2026 Il y a beaucoup de dommages collat\u00e9raux. La situation est identique depuis trois saisons, il y a eu Sochaux, Bordeaux\u2026 J\u2019esp\u00e8re que \u00e7a sera des situations que le foot fran\u00e7ais ne sera pas amen\u00e9 \u00e0 revivre chaque saison.\u00a0\u00bb<\/p>\n","protected":false},"excerpt":{"rendered":"Infirmerie Ben Hamada s\u2019est bless\u00e9 mardi matin lors de la s\u00e9ance et sera indisponible potentiellement\u00a0 trois semaines. Il&hellip;\n","protected":false},"author":2,"featured_media":319944,"comment_status":"","ping_status":"","sticky":false,"template":"","format":"standard","meta":{"footnotes":""},"categories":[9587],"tags":[1111,11,2931,24879,2930,1777,674,107,63,1011,27,12,5161,25,9590,517],"class_list":{"0":"post-319943","1":"post","2":"type-post","3":"status-publish","4":"format-standard","5":"has-post-thumbnail","7":"category-rouen","8":"tag-actu","9":"tag-actualites","10":"tag-cote-dor","11":"tag-dfco-dijon-football-cote-dor","12":"tag-dijon","13":"tag-eu","14":"tag-europe","15":"tag-fil-info","16":"tag-football","17":"tag-fr","18":"tag-france","19":"tag-news","20":"tag-normandie","21":"tag-republique-francaise","22":"tag-rouen","23":"tag-sport"},"share_on_mastodon":{"url":"https:\/\/pubeurope.com\/@fr\/115030508376829458","error":""},"_links":{"self":[{"href":"https:\/\/www.europesays.com\/fr\/wp-json\/wp\/v2\/posts\/319943","targetHints":{"allow":["GET"]}}],"collection":[{"href":"https:\/\/www.europesays.com\/fr\/wp-json\/wp\/v2\/posts"}],"about":[{"href":"https:\/\/www.europesays.com\/fr\/wp-json\/wp\/v2\/types\/post"}],"author":[{"embeddable":true,"href":"https:\/\/www.europesays.com\/fr\/wp-json\/wp\/v2\/users\/2"}],"replies":[{"embeddable":true,"href":"https:\/\/www.europesays.com\/fr\/wp-json\/wp\/v2\/comments?post=319943"}],"version-history":[{"count":0,"href":"https:\/\/www.europesays.com\/fr\/wp-json\/wp\/v2\/posts\/319943\/revisions"}],"wp:featuredmedia":[{"embeddable":true,"href":"https:\/\/www.europesays.com\/fr\/wp-json\/wp\/v2\/media\/319944"}],"wp:attachment":[{"href":"https:\/\/www.europesays.com\/fr\/wp-json\/wp\/v2\/media?parent=319943"}],"wp:term":[{"taxonomy":"category","embeddable":true,"href":"https:\/\/www.europesays.com\/fr\/wp-json\/wp\/v2\/categories?post=319943"},{"taxonomy":"post_tag","embeddable":true,"href":"https:\/\/www.europesays.com\/fr\/wp-json\/wp\/v2\/tags?post=319943"}],"curies":[{"name":"wp","href":"https:\/\/api.w.org\/{rel}","templated":true}]}}