{"id":319947,"date":"2025-08-15T02:53:23","date_gmt":"2025-08-15T02:53:23","guid":{"rendered":"https:\/\/www.europesays.com\/fr\/319947\/"},"modified":"2025-08-15T02:53:23","modified_gmt":"2025-08-15T02:53:23","slug":"les-grandes-piscines-privees-interdites-pourquoi-la-metropole-de-rennes-limite-la-taille-des-futures-constructions","status":"publish","type":"post","link":"https:\/\/www.europesays.com\/fr\/319947\/","title":{"rendered":"Les grandes piscines priv\u00e9es interdites : pourquoi la m\u00e9tropole de Rennes limite la taille des futures constructions"},"content":{"rendered":"<ul class=\"jsx-862013697 ArticleChapo__List\">\n<li class=\"jsx-862013697 ArticleChapo__List_Item flex\">Pour s&rsquo;adapter \u00e0 la rar\u00e9faction de la ressource en eau, les 43 communes de Rennes M\u00e9tropole (Ille-et-Vilaine) ont d\u00e9cid\u00e9 de limiter la taille des futures piscines \u00e0 25 m\u00b3.<\/li>\n<li class=\"jsx-862013697 ArticleChapo__List_Item flex\">Cette nouvelle r\u00e9glementation prendra effet le 18 septembre.<\/li>\n<li class=\"jsx-862013697 ArticleChapo__List_Item flex\">Une \u00e9quipe de TF1 est all\u00e9e \u00e0 la rencontre des habitants et professionnels, peu enthousiastes.<\/li>\n<\/ul>\n<p><a href=\"https:\/\/www.tf1info.fr\/actualite\/initiatives-environnementales-12929\/\" rel=\"noopener\" class=\"jsx-484472199 Link jsx-1428418400 jsx-1797245342\" target=\"_blank\"><\/p>\n<p style=\"font-weight:400\" class=\"jsx-1837267516\">Suivez la couverture compl\u00e8te<\/p>\n<p style=\"font-weight:800\" class=\"jsx-1837267516\">Initiatives environnementales<\/p>\n<p><\/a><\/p>\n<p data-module=\"article-paragraph\" class=\"jsx-3046738180 Paragraph Paragraph__End\">Une premi\u00e8re en France. En juin dernier, les 43 communes de Rennes M\u00e9tropole ont pris le parti de <a href=\"https:\/\/www.tf1info.fr\/environnement-ecologie\/secheresse-la-metropole-de-rennes-limite-la-taille-des-piscines-privees-dans-l-interet-collectif-2380061.html\" target=\"_blank\" rel=\"noopener\">limiter la taille des piscines<\/a> \u00e0 25 m\u00b3, soit 3&#215;6 m\u00e8tres environ. \u00ab\u00a0Si l&rsquo;id\u00e9e est de se rafraichir,\u00a0c&rsquo;est plut\u00f4t pas mal\u00a0\u00bb, estime un passant dans le reportage de TF1 en t\u00eate de cet article. \u00ab\u00a0On nous demande de faire attention \u00e0 la <a href=\"https:\/\/www.tf1info.fr\/environnement-ecologie\/cet-outil-va-vous-etre-utile-pour-calculer-et-diminuer-votre-consommation-d-eau-au-quotidien-2345156.html\" target=\"_blank\" rel=\"noopener\">consommation d&rsquo;eau<\/a>, donc oui, \u00e7a va dans le bon sens\u00a0\u00bb, rench\u00e9rit une autre.\u00a0<\/p>\n<blockquote class=\"jsx-2786790838 Quote__Text\"><p>Ils se sont arr\u00eat\u00e9s \u00e0 un volume de remplissage<\/p><\/blockquote>\n<p>Antoine Coeffic, pr\u00e9sident de Passion Piscine<\/p>\n<p data-module=\"article-paragraph\" class=\"jsx-3046738180 Paragraph\">Ce n&rsquo;est pas l&rsquo;avis de Didier, qui indique n&rsquo;avoir rempli sa piscine de 65 m\u00b3 qu&rsquo;une seule fois en onze ans. \u00ab\u00a0Une fois qu&rsquo;elle est remplie, elle est remplie\u00a0\u00bb, assure-t-il. \u00ab\u00a0Si c&rsquo;est simplement pour faire &lsquo;plouf&rsquo;, se rafraichir dans l&rsquo;eau, et ne pas pouvoir nager, je trouve que c&rsquo;est un peu dommage\u00a0\u00bb, juge-t-il, pr\u00e9cisant qu&rsquo;il n&rsquo;aurait sans doute pas construit sa piscine dans ces nouvelles circonstances.\u00a0<\/p>\n<p data-module=\"article-paragraph\" class=\"jsx-3046738180 Paragraph\">C&rsquo;est aussi ce que redoute Antoine Coeffic, pr\u00e9sident de Passion Piscine. Ce dernier craint une diminution des chantiers autour de Rennes, regrettant la brutalit\u00e9 de cette mesure. \u00ab\u00a0Ce n&rsquo;est pas une r\u00e9glementation qui a \u00e9t\u00e9 \u00e9tudi\u00e9e, donc c&rsquo;est un coup dur. Aujourd&rsquo;hui, on a des \u00e9quipements pertinents pour <a href=\"https:\/\/www.tf1info.fr\/conso-argent\/video-astuces-consommation-d-eau-les-bons-tuyaux-pour-faire-des-economies-sur-votre-facture-et-pour-l-environnement-2247230.html\" target=\"_blank\" rel=\"noopener\">\u00e9conomiser de l&rsquo;eau<\/a>, et eux, ils se sont arr\u00eat\u00e9s \u00e0 un volume de remplissage\u00a0\u00bb, souligne le pisciniste. \u00ab\u00a0C&rsquo;est une limitation qui n&rsquo;est pas tr\u00e8s justifi\u00e9e du fait que deux bassins \u00e9quivalents ne vont pas avoir la m\u00eame consommation\u00a0\u00bb, juge-t-il.\u00a0<\/p>\n<p data-module=\"article-paragraph\" class=\"jsx-3046738180 Paragraph Paragraph__End\">\u00ab\u00a0On pourrait dire que c&rsquo;est une goutte d&rsquo;eau dans tout le contexte, mais c&rsquo;est un ensemble de gestes du quotidien qu&rsquo;il faut changer. Je pense sinc\u00e8rement que nos enfants et nos petits enfants nous diront &lsquo;pourquoi vous n&rsquo;avez pas r\u00e9duit les tailles des piscines ?'\u00a0\u00bb, d\u00e9fend \u00e0 son tour Laurence Besserve, vice-pr\u00e9sidente de Rennes M\u00e9tropole.\u00a0<\/p>\n<p><a href=\"https:\/\/www.tf1info.fr\/initiatives-positives\/video-cette-ville-exemplaire-dans-la-gestion-de-l-eau-2228437.html\" rel=\"noopener\" class=\"jsx-3308031228 Link flex\" target=\"_blank\"><img decoding=\"async\" src=\"https:\/\/www.europesays.com\/fr\/wp-content\/uploads\/2025\/08\/portiragnes-eau-economie-aout-2022-7c6cc0-0@1x.jpeg\" alt=\"TF1\" loading=\"lazy\" importance=\"low\" fetchpriority=\"low\" class=\"\" aria-hidden=\"true\"\/><\/p>\n<p class=\"jsx-3657663356 ReadMoreArticle__Title\">Lire aussi<\/p>\n<p class=\"jsx-3657663356\">VID\u00c9O &#8211; \u00c9conomies d&rsquo;eau : cette commune de l&rsquo;H\u00e9rault est parmi les meilleures de France<\/p>\n<p><\/a><\/p>\n<p data-module=\"article-paragraph\" class=\"jsx-3046738180 Paragraph Paragraph__End\">\u00c0 partir du 18 septembre, les futurs projets devront \u00eatre \u00e9quip\u00e9s de syst\u00e8mes de couverture pour limiter l&rsquo;\u00e9vaporation. Ils devront aussi \u00eatre dot\u00e9s d&rsquo;un syst\u00e8me de r\u00e9cup\u00e9ration d&rsquo;eau de pluie avec filtration pour la remise \u00e0 niveau en eau.\u00a0<\/p>\n<p>La r\u00e9daction de TF1info | Reportage TF1 : K\u00e9vin GAIGNOUX, J. PAOLONI<\/p>\n","protected":false},"excerpt":{"rendered":"Pour s&rsquo;adapter \u00e0 la rar\u00e9faction de la ressource en eau, les 43 communes de Rennes M\u00e9tropole (Ille-et-Vilaine) ont&hellip;\n","protected":false},"author":2,"featured_media":319948,"comment_status":"","ping_status":"","sticky":false,"template":"","format":"standard","meta":{"footnotes":""},"categories":[2821],"tags":[1111,11,1921,829,1777,674,1011,27,1922,8472,5008,12,5922,584,25,133,5737],"class_list":{"0":"post-319947","1":"post","2":"type-post","3":"status-publish","4":"format-standard","5":"has-post-thumbnail","7":"category-rennes","8":"tag-actu","9":"tag-actualites","10":"tag-article-video","11":"tag-bretagne","12":"tag-eu","13":"tag-europe","14":"tag-fr","15":"tag-france","16":"tag-info","17":"tag-initiatives-environnementales","18":"tag-le-13h","19":"tag-news","20":"tag-piscine","21":"tag-rennes","22":"tag-republique-francaise","23":"tag-video","24":"tag-video-environnement"},"share_on_mastodon":{"url":"https:\/\/pubeurope.com\/@fr\/115030524117318100","error":""},"_links":{"self":[{"href":"https:\/\/www.europesays.com\/fr\/wp-json\/wp\/v2\/posts\/319947","targetHints":{"allow":["GET"]}}],"collection":[{"href":"https:\/\/www.europesays.com\/fr\/wp-json\/wp\/v2\/posts"}],"about":[{"href":"https:\/\/www.europesays.com\/fr\/wp-json\/wp\/v2\/types\/post"}],"author":[{"embeddable":true,"href":"https:\/\/www.europesays.com\/fr\/wp-json\/wp\/v2\/users\/2"}],"replies":[{"embeddable":true,"href":"https:\/\/www.europesays.com\/fr\/wp-json\/wp\/v2\/comments?post=319947"}],"version-history":[{"count":0,"href":"https:\/\/www.europesays.com\/fr\/wp-json\/wp\/v2\/posts\/319947\/revisions"}],"wp:featuredmedia":[{"embeddable":true,"href":"https:\/\/www.europesays.com\/fr\/wp-json\/wp\/v2\/media\/319948"}],"wp:attachment":[{"href":"https:\/\/www.europesays.com\/fr\/wp-json\/wp\/v2\/media?parent=319947"}],"wp:term":[{"taxonomy":"category","embeddable":true,"href":"https:\/\/www.europesays.com\/fr\/wp-json\/wp\/v2\/categories?post=319947"},{"taxonomy":"post_tag","embeddable":true,"href":"https:\/\/www.europesays.com\/fr\/wp-json\/wp\/v2\/tags?post=319947"}],"curies":[{"name":"wp","href":"https:\/\/api.w.org\/{rel}","templated":true}]}}