{"id":319951,"date":"2025-08-15T02:56:14","date_gmt":"2025-08-15T02:56:14","guid":{"rendered":"https:\/\/www.europesays.com\/fr\/319951\/"},"modified":"2025-08-15T02:56:14","modified_gmt":"2025-08-15T02:56:14","slug":"quatre-personnes-renversees-dans-la-plaine-du-var-le-chauffard-en-detention-provisoire-2","status":"publish","type":"post","link":"https:\/\/www.europesays.com\/fr\/319951\/","title":{"rendered":"Quatre personnes renvers\u00e9es dans la plaine du Var: le chauffard en d\u00e9tention provisoire"},"content":{"rendered":"<p>Le chauffard qui avait \u00e9t\u00e9 interpell\u00e9 sur la RM 6202, dans la nuit de samedi \u00e0 dimanche, a \u00e9t\u00e9 plac\u00e9 en d\u00e9tention provisoire lundi soir. C\u2019\u00e9tait le sens des r\u00e9quisitions du parquet, au lendemain du <a href=\"https:\/\/www.nicematin.com\/faits-divers\/quatre-blesses-graves-dans-un-accident-de-la-circulation-route-de-grenoble-ce-dimanche-dans-la-nuit-997534\" rel=\"nofollow noopener\" target=\"_blank\">terrible accident dont ont \u00e9t\u00e9 victimes quatre jeunes Ni\u00e7ois et Carrossois<\/a>.<\/p>\n<p>Ils \u00e9taient sortis de leur C1 pour changer une roue, \u00e0 la hauteur de Saint-Blaise. <a href=\"https:\/\/www.nicematin.com\/faits-divers\/-les-pompiers-ont-sauve-le-petit-jeune-la-mere-d-une-des-victimes-raconte-le-terrible-accident-de-circulation-a-saint-blaise-997664\" rel=\"nofollow noopener\" target=\"_blank\">Trois d\u2019entre eux ont \u00e9t\u00e9 bless\u00e9s, et l\u2019un d\u2019eux a \u00e9t\u00e9 amput\u00e9 d\u2019une jambe.<\/a><\/p>\n<p>L\u2019automobiliste qui l\u2019a fauch\u00e9 avec sa Nissan Micra descendait de la Tin\u00e9e, o\u00f9 il r\u00e9side. Il avait consomm\u00e9 alcool et coca\u00efne. S\u2019il n\u2019a pas pris la fuite, il serait rest\u00e9 sans r\u00e9action apr\u00e8s le choc, selon les t\u00e9moins. Il aurait ensuite injuri\u00e9 une gendarme, puis port\u00e9 des coups \u00e0 son coll\u00e8gue qui l\u2019a plac\u00e9 en garde \u00e0 vue \u00e0 Levens.<\/p>\n<p>Le parquet de Nice a ouvert une information judiciaire pour pr\u00e9ciser les circonstances du drame. Le chauffard a \u00e9t\u00e9 mis en examen pour \u00ab\u00a0blessures involontaires aggrav\u00e9es par plusieurs circonstances\u00a0\u00bb et \u00ab\u00a0violences, outrage et r\u00e9bellion sur personne d\u00e9positaire de l\u2019autorit\u00e9 publique\u00a0\u00bb.<\/p>\n<p>Le voici donc incarc\u00e9r\u00e9 en attendant d\u2019\u00eatre jug\u00e9.<\/p>\n","protected":false},"excerpt":{"rendered":"Le chauffard qui avait \u00e9t\u00e9 interpell\u00e9 sur la RM 6202, dans la nuit de samedi \u00e0 dimanche, a&hellip;\n","protected":false},"author":2,"featured_media":317087,"comment_status":"","ping_status":"","sticky":false,"template":"","format":"standard","meta":{"footnotes":""},"categories":[2819],"tags":[1111,11,1777,674,118,1011,27,303,12,2401,882,25],"class_list":{"0":"post-319951","1":"post","2":"type-post","3":"status-publish","4":"format-standard","5":"has-post-thumbnail","7":"category-nice","8":"tag-actu","9":"tag-actualites","10":"tag-eu","11":"tag-europe","12":"tag-faits-divers","13":"tag-fr","14":"tag-france","15":"tag-justice","16":"tag-news","17":"tag-nice","18":"tag-provence-alpes-cote-dazur","19":"tag-republique-francaise"},"share_on_mastodon":{"url":"https:\/\/pubeurope.com\/@fr\/115030535971971335","error":""},"_links":{"self":[{"href":"https:\/\/www.europesays.com\/fr\/wp-json\/wp\/v2\/posts\/319951","targetHints":{"allow":["GET"]}}],"collection":[{"href":"https:\/\/www.europesays.com\/fr\/wp-json\/wp\/v2\/posts"}],"about":[{"href":"https:\/\/www.europesays.com\/fr\/wp-json\/wp\/v2\/types\/post"}],"author":[{"embeddable":true,"href":"https:\/\/www.europesays.com\/fr\/wp-json\/wp\/v2\/users\/2"}],"replies":[{"embeddable":true,"href":"https:\/\/www.europesays.com\/fr\/wp-json\/wp\/v2\/comments?post=319951"}],"version-history":[{"count":0,"href":"https:\/\/www.europesays.com\/fr\/wp-json\/wp\/v2\/posts\/319951\/revisions"}],"wp:featuredmedia":[{"embeddable":true,"href":"https:\/\/www.europesays.com\/fr\/wp-json\/wp\/v2\/media\/317087"}],"wp:attachment":[{"href":"https:\/\/www.europesays.com\/fr\/wp-json\/wp\/v2\/media?parent=319951"}],"wp:term":[{"taxonomy":"category","embeddable":true,"href":"https:\/\/www.europesays.com\/fr\/wp-json\/wp\/v2\/categories?post=319951"},{"taxonomy":"post_tag","embeddable":true,"href":"https:\/\/www.europesays.com\/fr\/wp-json\/wp\/v2\/tags?post=319951"}],"curies":[{"name":"wp","href":"https:\/\/api.w.org\/{rel}","templated":true}]}}