{"id":319958,"date":"2025-08-15T03:01:24","date_gmt":"2025-08-15T03:01:24","guid":{"rendered":"https:\/\/www.europesays.com\/fr\/319958\/"},"modified":"2025-08-15T03:01:24","modified_gmt":"2025-08-15T03:01:24","slug":"plus-dune-tonne-de-cocaine-saisie-pres-de-bordeaux-un-conducteur-espagnol-mis-en-cause","status":"publish","type":"post","link":"https:\/\/www.europesays.com\/fr\/319958\/","title":{"rendered":"Plus d&rsquo;une tonne de coca\u00efne saisie pr\u00e8s de Bordeaux, un conducteur espagnol mis en cause"},"content":{"rendered":"<ul class=\"jsx-862013697 ArticleChapo__List\">\n<li class=\"jsx-862013697 ArticleChapo__List_Item flex\">Plus d&rsquo;une tonne de coca\u00efne a \u00e9t\u00e9 saisie dans un camion pr\u00e8s de Bordeaux.<\/li>\n<li class=\"jsx-862013697 ArticleChapo__List_Item flex\">Son conducteur, qui arrivait d&rsquo;Espagne, a \u00e9t\u00e9 d\u00e9f\u00e9r\u00e9 en vue de sa mise en examen.<\/li>\n<\/ul>\n<p data-module=\"article-paragraph\" class=\"jsx-3046738180 Paragraph Paragraph__End\">La gendarmerie a saisi 1,3 tonne <a href=\"https:\/\/www.tf1info.fr\/justice-faits-divers\/plus-de-200-kg-de-cocaine-saisis-a-aix-en-provence-record-de-l-annee-en-paca-2386546.html\" target=\"_blank\" rel=\"noopener\">de coca\u00efne<\/a>, d&rsquo;une valeur marchande estim\u00e9e \u00e0 plusieurs dizaines de millions d&rsquo;euros, dans un camion arrivant d&rsquo;Espagne dimanche au sud de Bordeaux, a annonc\u00e9 ce jeudi 14 ao\u00fbt le parquet de Bordeaux dans un communiqu\u00e9. L&rsquo;interception du v\u00e9hicule a eu lieu sur l&rsquo;autoroute A63 \u00e0 hauteur de Cestas (Gironde).<\/p>\n<p>Une enqu\u00eate lanc\u00e9e d\u00e8s juillet<\/p>\n<p data-module=\"article-paragraph\" class=\"jsx-3046738180 Paragraph\">Le chauffeur de nationalit\u00e9 espagnole, \u00e2g\u00e9 de 36 ans, a \u00e9t\u00e9 d\u00e9f\u00e9r\u00e9, au terme de sa garde \u00e0 vue, devant un magistrat de la Juridiction interr\u00e9gionale sp\u00e9cialis\u00e9e (Jirs) de Bordeaux en vue de sa mise en examen. Une information judiciaire a \u00e9t\u00e9 ouverte notamment pour \u00ab\u00a0importation de drogue en bande organis\u00e9e\u00a0\u00bb et \u00ab\u00a0participation \u00e0 une association de malfaiteurs\u00a0\u00bb, et le parquet a requis le placement en d\u00e9tention du mis en cause. Il encourt 10 ans d&#8217;emprisonnement.<\/p>\n<p data-module=\"article-paragraph\" class=\"jsx-3046738180 Paragraph Paragraph__End\">L&rsquo;enqu\u00eate de la section de recherches de Bordeaux avait \u00e9t\u00e9 initi\u00e9e d\u00e9but juillet par un renseignement sur l&rsquo;implication du camion dans un <a href=\"https:\/\/www.tf1info.fr\/justice-faits-divers\/video-enquete-7-fusillades-en-un-mois-a-grenoble-le-fleau-du-trafic-de-stupefiants-2315805.html\" target=\"_blank\" rel=\"noopener\">trafic de stup\u00e9fiants<\/a>, confirm\u00e9e par ses trajets suspects entre l&rsquo;Espagne et le nord de l&rsquo;Europe. Le 10 ao\u00fbt, inform\u00e9s d&rsquo;un nouveau passage de la fronti\u00e8re, les enqu\u00eateurs ont intercept\u00e9 le poids lourd et d\u00e9couvert \u00e0 l&rsquo;int\u00e9rieur des dizaines de sacs dissimul\u00e9s dans des caisses en bois, renfermant au total 1.345 kilos de coca\u00efne.<\/p>\n<p><a href=\"https:\/\/www.tf1info.fr\/justice-faits-divers\/video-des-saisies-multipliees-par-deux-en-un-an-2023-2024-comment-expliquer-l-explosion-du-trafic-de-cocaine-en-france-2386985.html\" rel=\"noopener\" class=\"jsx-3308031228 Link flex\" target=\"_blank\"><img decoding=\"async\" src=\"https:\/\/www.europesays.com\/fr\/wp-content\/uploads\/2025\/08\/drogue-saisie-de-127-kilos-de-cocaine-dans-des-croquettes-pour-chien-3-b0b6ac-0@1x.jpeg\" alt=\"Drogue : saisie de 127 kilos de coca\u00efne dans des croquettes pour chien 3 \" loading=\"lazy\" importance=\"low\" fetchpriority=\"low\" class=\"\" aria-hidden=\"true\"\/><\/p>\n<p class=\"jsx-3657663356 ReadMoreArticle__Title\">Lire aussi<\/p>\n<p class=\"jsx-3657663356\">Des saisies multipli\u00e9es par deux en un an : comment expliquer l&rsquo;explosion du trafic de coca\u00efne en France ?<\/p>\n<p><\/a><\/p>\n<p data-module=\"article-paragraph\" class=\"jsx-3046738180 Paragraph Paragraph__End\">La valeur marchande de la drogue est estim\u00e9e entre 30 et 40 millions d&rsquo;euros pour une revente en semi-gros, a indiqu\u00e9 \u00e0 l&rsquo;AFP la colonelle Christelle Tarrolle, cheffe de\u00a0l&rsquo;Unit\u00e9 nationale d&rsquo;investigation (UNI) de la gendarmerie. \u00ab\u00a0Cette nouvelle saisie confirme la tendance d\u00e9j\u00e0 constat\u00e9e du d\u00e9veloppement important d&rsquo;une voie d&rsquo;importation de la coca\u00efne en Europe depuis le sud de l&rsquo;Espagne et du Portugal\u00a0\u00bb, a comment\u00e9 le procureur de la R\u00e9publique \u00e0 Bordeaux, Renaud Gaudeul.<\/p>\n<p>I.N avec AFP<\/p>\n","protected":false},"excerpt":{"rendered":"Plus d&rsquo;une tonne de coca\u00efne a \u00e9t\u00e9 saisie dans un camion pr\u00e8s de Bordeaux. Son conducteur, qui arrivait&hellip;\n","protected":false},"author":2,"featured_media":319959,"comment_status":"","ping_status":"","sticky":false,"template":"","format":"standard","meta":{"footnotes":""},"categories":[2817],"tags":[1111,11,1921,1997,123,1777,674,6017,1011,27,3381,1922,303,2954,12,2219,1072,25,887,133,2953],"class_list":{"0":"post-319958","1":"post","2":"type-post","3":"status-publish","4":"format-standard","5":"has-post-thumbnail","7":"category-bordeaux","8":"tag-actu","9":"tag-actualites","10":"tag-article-video","11":"tag-bordeaux","12":"tag-espagne","13":"tag-eu","14":"tag-europe","15":"tag-fait-divers","16":"tag-fr","17":"tag-france","18":"tag-gendarmerie","19":"tag-info","20":"tag-justice","21":"tag-justice-et-faits-divers","22":"tag-news","23":"tag-nouvelle-aquitaine","24":"tag-police","25":"tag-republique-francaise","26":"tag-trafic-de-drogue","27":"tag-video","28":"tag-video-police"},"share_on_mastodon":{"url":"https:\/\/pubeurope.com\/@fr\/115030555667638529","error":""},"_links":{"self":[{"href":"https:\/\/www.europesays.com\/fr\/wp-json\/wp\/v2\/posts\/319958","targetHints":{"allow":["GET"]}}],"collection":[{"href":"https:\/\/www.europesays.com\/fr\/wp-json\/wp\/v2\/posts"}],"about":[{"href":"https:\/\/www.europesays.com\/fr\/wp-json\/wp\/v2\/types\/post"}],"author":[{"embeddable":true,"href":"https:\/\/www.europesays.com\/fr\/wp-json\/wp\/v2\/users\/2"}],"replies":[{"embeddable":true,"href":"https:\/\/www.europesays.com\/fr\/wp-json\/wp\/v2\/comments?post=319958"}],"version-history":[{"count":0,"href":"https:\/\/www.europesays.com\/fr\/wp-json\/wp\/v2\/posts\/319958\/revisions"}],"wp:featuredmedia":[{"embeddable":true,"href":"https:\/\/www.europesays.com\/fr\/wp-json\/wp\/v2\/media\/319959"}],"wp:attachment":[{"href":"https:\/\/www.europesays.com\/fr\/wp-json\/wp\/v2\/media?parent=319958"}],"wp:term":[{"taxonomy":"category","embeddable":true,"href":"https:\/\/www.europesays.com\/fr\/wp-json\/wp\/v2\/categories?post=319958"},{"taxonomy":"post_tag","embeddable":true,"href":"https:\/\/www.europesays.com\/fr\/wp-json\/wp\/v2\/tags?post=319958"}],"curies":[{"name":"wp","href":"https:\/\/api.w.org\/{rel}","templated":true}]}}