{"id":319973,"date":"2025-08-15T03:12:16","date_gmt":"2025-08-15T03:12:16","guid":{"rendered":"https:\/\/www.europesays.com\/fr\/319973\/"},"modified":"2025-08-15T03:12:16","modified_gmt":"2025-08-15T03:12:16","slug":"une-enquete-ouverte-pour-menace-et-intimidation","status":"publish","type":"post","link":"https:\/\/www.europesays.com\/fr\/319973\/","title":{"rendered":"une enqu\u00eate ouverte pour menace et intimidation"},"content":{"rendered":"<p class=\"c-chapo \">\n  Pr\u00e8s d&rsquo;une semaine apr\u00e8s l&rsquo;annulation de la diffusion sur \u00e9cran g\u00e9ant du film \u00ab\u00a0Barbie\u00a0\u00bb \u00e0 Noisy-le-Sec, le parquet de Bobigny annonce ouvrir une enqu\u00eate.\n<\/p>\n<p>            lire plus tard<\/p>\n<p id=\"dialog__title\" class=\"dialog__title\">Pour sauvegarder cet article, connectez-vous ou cr\u00e9ez un compte franceinfo<\/p>\n<p class=\"dialog__description\">Sans paiement. Sans abonnement.<\/p>\n<p>        Fermer la fen\u00eatre d\u2019activation des notifications France Info<\/p>\n<p>            cr\u00e9er votre compte<\/p>\n<p>            se connecter<\/p>\n<p>        Fermer la fen\u00eatre de pr\u00e9sentation<\/p>\n<p>    <img loading=\"lazy\" decoding=\"async\" class=\"signature__image lazyload\" width=\"100\" height=\"100\" data- alt=\"\" src=\"https:\/\/www.europesays.com\/fr\/wp-content\/uploads\/2025\/05\/64a7df4c5fe71_placeholder-36b69ec8.png\"\/><\/p>\n<p>    Publi\u00e9 le 14\/08\/2025 17:35<\/p>\n<p>      Mis \u00e0 jour le 14\/08\/2025 19:52<\/p>\n<p>        Temps de lecture : 1min<\/p>\n<p>    <img decoding=\"async\"  alt=\"Le pr\u00e9fet de police de Paris annonce jeudi 14 ao\u00fbt qu\u2019il a saisi la justice apr\u00e8s l\u2019annulation vendredi de la diffusion sur \u00e9cran g\u00e9ant du film &quot;Barbie&quot; \u00e0 Noisy-le-Sec (Seine-Saint-Denis). (photo d'illustration) (JAKUB PORZYCKI \/ NURPHOTO)\" width=\"432\" height=\"243\" src=\"https:\/\/www.europesays.com\/fr\/wp-content\/uploads\/2025\/08\/075-porzycki-mattelmo230801-npxlk-689e00d948b78456055216.jpg\" fetchpriority=\"high\"\/><\/p>\n<p>      Le pr\u00e9fet de police de Paris annonce jeudi 14 ao\u00fbt qu\u2019il a saisi la justice apr\u00e8s l\u2019annulation vendredi de la diffusion sur \u00e9cran g\u00e9ant du film \u00ab\u00a0Barbie\u00a0\u00bb \u00e0 Noisy-le-Sec (Seine-Saint-Denis). (photo d&rsquo;illustration) (JAKUB PORZYCKI \/ NURPHOTO)<\/p>\n<p>Le maire de Noisy-le-Sec (Seine-Saint-Denis), Olivier Sarrabeyrouse (PCF), a d\u00e9pos\u00e9 une plainte jeudi 14 ao\u00fbt apr\u00e8s <a href=\"https:\/\/www.francebleu.fr\/infos\/societe\/seine-saint-denis-noisy-le-sec-annule-la-diffusion-du-film-barbie-apres-des-pressions-d-habitants-9475000\" target=\"_blank\" rel=\"noopener nofollow\">l&rsquo;annulation vendredi 8 ao\u00fbt de la diffusion sur \u00e9cran g\u00e9ant du film Barbie<\/a>. Le parquet de Bobigny indique qu&rsquo;une enqu\u00eate pour menace, violence ou acte d&rsquo;intimidation a \u00e9t\u00e9 ouverte.\u00a0<\/p>\n<p>Plus t\u00f4t, le pr\u00e9fet de police de Paris, Laurent Nu\u00f1ez, avait annonc\u00e9 <a href=\"https:\/\/x.com\/NunezLaurent\/status\/1956005614875771106\" target=\"_blank\" rel=\"noopener nofollow\">sur X<\/a> qu&rsquo;il avait saisi la justice, d\u00e9non\u00e7ant dans son post un \u00ab\u00a0repli communautaire\u00a0\u00bb et un \u00ab\u00a0s\u00e9paratisme\u00a0\u00bb.<\/p>\n<p>\u00ab\u00a0Apr\u00e8s avoir pris connaissance de cette d\u00e9programmation et que les faits qui en sont \u00e0 l&rsquo;origine rel\u00e8vent du repli communautaire et du s\u00e9paratisme, sont contraires aux fondements de notre R\u00e9publique et sont susceptibles de relever de qualifications p\u00e9nales, j&rsquo;ai saisi ce jour la Justice\u00a0\u00bb, \u00e9crit Laurent Nu\u00f1ez sur X. Le pr\u00e9fet de police indique que ce signalement a \u00e9t\u00e9 r\u00e9alis\u00e9 pour \u00ab\u00a0emp\u00eachement de l&rsquo;ex\u00e9cution d&rsquo;une mission de service public\u00a0\u00bb.<\/p>\n<p>\u00ab\u00a0Je d\u00e9plore qu&rsquo;un petit groupe du quartier ait mobilis\u00e9 son \u00e9nergie sous la pression d&rsquo;un individu pour emp\u00eacher la projection de ce film, pourtant class\u00e9 tout public en France\u00a0\u00bb, a \u00e9crit Olivier Sarrabeyrouse, maire PCF de la ville, <a href=\"https:\/\/www.noisylesec.fr\/actualites\/seance-du-cine-plein-air-au-londeau-je-deplore-quun-petit-groupe-du-quartier-ait-sous-la-pression-dun-individu-empeche-la-projection-du-film\/?fbclid=IwY2xjawMK3bFleHRuA2FlbQIxMQABHu2EHIGhGxlpa9C4me2j8wBlWsgevEUhYYC8TnuKyPpKgUtzKuiIo6OJ2p7m_aem_HKJ4Ul2LjHTJqx9Vj9_r1Q\" target=\"_blank\" rel=\"noopener nofollow\">dans un communiqu\u00e9<\/a> diffus\u00e9 sur le site de la commune et sur Facebook. \u00ab\u00a0Entre une dizaine et quinzaine d&rsquo;individus ont encercl\u00e9 les agents\u00a0\u00bb, a-t-il expliqu\u00e9. \u00ab\u00a0Selon eux, le film fait l&rsquo;apologie de l&rsquo;homosexualit\u00e9 et porte atteinte \u00e0 l&rsquo;int\u00e9grit\u00e9 de la femme. C&rsquo;est une forme de censure morale\u00a0\u00bb, poursuit le maire.<\/p>\n<p class=\"related-tags__title\" role=\"heading\" aria-level=\"2\">les mots-cl\u00e9s associ\u00e9s \u00e0 cet article\n    <\/p>\n","protected":false},"excerpt":{"rendered":"Pr\u00e8s d&rsquo;une semaine apr\u00e8s l&rsquo;annulation de la diffusion sur \u00e9cran g\u00e9ant du film \u00ab\u00a0Barbie\u00a0\u00bb \u00e0 Noisy-le-Sec, le parquet&hellip;\n","protected":false},"author":2,"featured_media":319974,"comment_status":"","ping_status":"","sticky":false,"template":"","format":"standard","meta":{"footnotes":""},"categories":[1888],"tags":[1111,1928,11,1927,1777,674,1011,27,12,1926,626,1925,25],"class_list":{"0":"post-319973","1":"post","2":"type-post","3":"status-publish","4":"format-standard","5":"has-post-thumbnail","7":"category-paris","8":"tag-actu","9":"tag-actu-paris","10":"tag-actualites","11":"tag-actualites-paris","12":"tag-eu","13":"tag-europe","14":"tag-fr","15":"tag-france","16":"tag-news","17":"tag-news-paris","18":"tag-paris","19":"tag-paris-news","20":"tag-republique-francaise"},"share_on_mastodon":{"url":"https:\/\/pubeurope.com\/@fr\/115030598960540740","error":""},"_links":{"self":[{"href":"https:\/\/www.europesays.com\/fr\/wp-json\/wp\/v2\/posts\/319973","targetHints":{"allow":["GET"]}}],"collection":[{"href":"https:\/\/www.europesays.com\/fr\/wp-json\/wp\/v2\/posts"}],"about":[{"href":"https:\/\/www.europesays.com\/fr\/wp-json\/wp\/v2\/types\/post"}],"author":[{"embeddable":true,"href":"https:\/\/www.europesays.com\/fr\/wp-json\/wp\/v2\/users\/2"}],"replies":[{"embeddable":true,"href":"https:\/\/www.europesays.com\/fr\/wp-json\/wp\/v2\/comments?post=319973"}],"version-history":[{"count":0,"href":"https:\/\/www.europesays.com\/fr\/wp-json\/wp\/v2\/posts\/319973\/revisions"}],"wp:featuredmedia":[{"embeddable":true,"href":"https:\/\/www.europesays.com\/fr\/wp-json\/wp\/v2\/media\/319974"}],"wp:attachment":[{"href":"https:\/\/www.europesays.com\/fr\/wp-json\/wp\/v2\/media?parent=319973"}],"wp:term":[{"taxonomy":"category","embeddable":true,"href":"https:\/\/www.europesays.com\/fr\/wp-json\/wp\/v2\/categories?post=319973"},{"taxonomy":"post_tag","embeddable":true,"href":"https:\/\/www.europesays.com\/fr\/wp-json\/wp\/v2\/tags?post=319973"}],"curies":[{"name":"wp","href":"https:\/\/api.w.org\/{rel}","templated":true}]}}