{"id":319993,"date":"2025-08-15T03:22:11","date_gmt":"2025-08-15T03:22:11","guid":{"rendered":"https:\/\/www.europesays.com\/fr\/319993\/"},"modified":"2025-08-15T03:22:11","modified_gmt":"2025-08-15T03:22:11","slug":"jai-eu-beaucoup-de-chance-de-rencontrer-cette-maison","status":"publish","type":"post","link":"https:\/\/www.europesays.com\/fr\/319993\/","title":{"rendered":"J&rsquo;ai eu beaucoup de chance de rencontrer cette maison&#8230;"},"content":{"rendered":"<p>\n                A 82\u00a0ans, Dani\u00e8le Evenou passe le plus clair de son temps dans une belle maison loin de l&rsquo;agitation parisienne, avec sa famille. L&rsquo;actrice y poss\u00e8de d&rsquo;ailleurs une pi\u00e8ce particuli\u00e8re&#8230;            <\/p>\n<p>Lorsqu&rsquo;elle ne se trouve pas sur le plateau des Grosses T\u00eates ou sur les planches, Dani\u00e8le Evenou trouve refuge dans le Vaucluse, une r\u00e9gion qui lui est ch\u00e8re depuis plus de trois d\u00e9cennies. Apr\u00e8s avoir quitt\u00e9 Paris avec son mari, l&rsquo;ex-ministre Georges Fillioud, elle s&rsquo;est install\u00e9e \u00e0 Bonnieux, un village pittoresque du Luberon, avant de poser ses valises \u00e0 Lagnes, pr\u00e8s de L&rsquo;Isle-sur-la-Sorgue, apr\u00e8s le d\u00e9c\u00e8s de son \u00e9poux en 2011. Aujourd&rsquo;hui, la com\u00e9dienne de 82\u00a0ans\u00a0ne quitterait cet endroit pour rien au monde !<\/p>\n<p>Dani\u00e8le Evenou : cette pi\u00e8ce secr\u00e8te qu&rsquo;elle poss\u00e8de dans sa maison du Vaucluse<\/p>\n<p>L&rsquo;Isle-sur-la-Sorgue, surnomm\u00e9e la \u00ab\u00a0Venise proven\u00e7ale\u00a0\u00bb en raison de ses canaux et de son riche patrimoine, est un lieu o\u00f9 Dani\u00e8le Evenou se sent chez elle. Elle y fr\u00e9quente r\u00e9guli\u00e8rement le march\u00e9, \u00e9change\u00a0avec les commer\u00e7ants locaux et appr\u00e9cie particuli\u00e8rement l&rsquo;\u00eele aux brocantes, un lieu embl\u00e9matique de la ville. Son fils Jean-Baptiste, 49\u00a0ans, n\u00e9 de son ancien amour avec Jacques Martin,\u00a0et sa compagne Alisson y ont ouvert une boutique d&rsquo;objets vintage et d&rsquo;art contemporain.<\/p>\n<p>\u00c0 Lagnes, Dani\u00e8le Evenou a am\u00e9nag\u00e9 une belle maison, incluant un endroit particulier : une sc\u00e8ne de th\u00e9\u00e2tre o\u00f9 elle r\u00e9p\u00e8te les pi\u00e8ces dans lesquelles elle joue !\u00a0Elle y partage \u00e9galement des moments conviviaux en famille et entre amis, et se rend \u00e0 l&rsquo;auberge locale pour perfectionner ses talents culinaires, notamment pour apprendre \u00e0 r\u00e9aliser un tian proven\u00e7al .<\/p>\n<p>Dani\u00e8le Evenou : \u00ab\u00a0J&rsquo;ai eu beaucoup de chance de rencontrer cette maison\u00a0\u00bb<\/p>\n<p>\u00ab\u00a0Lagnes, c&rsquo;est magnifique ! Que voulez-vous de plus ? J&rsquo;ai de la verdure, en ce moment, j&rsquo;ai mes petits-enfants&#8230; Je me l\u00e8ve et \u00e9t\u00e9 comme hiver, j&rsquo;ai \u00e7a\u00a0\u00bb, s&rsquo;est-elle r\u00e9jouie aupr\u00e8s du\u00a0<a href=\"https:\/\/www.ledauphine.com\/vaucluse\/2019\/08\/20\/l-actrice-daniele-evenou-nous-devoile-ses-promenades-coups-de-coeur-dans-le-luberon\" target=\"_blank\" rel=\"noopener\">Dauphin\u00e9 Lib\u00e9r\u00e9<\/a> en montrant son charmant jardin ensoleill\u00e9. Et d&rsquo;ajouter : \u00ab\u00a0J&rsquo;ai eu beaucoup de chance de rencontrer cette maison\u00a0\u00bb.<\/p>\n<p>Aujourd&rsquo;hui, lorsqu&rsquo;elle a un \u00ab\u00a0coup de blues\u00a0\u00bb et qu&rsquo;elle ressent le besoin de se rendre dans un lieu encore plus tranquille, Dani\u00e8le Evenou se rend au Partage des eaux,\u00a0un lieu o\u00f9 la Sorgue\u00a0se s\u00e9pare en deux bras, la Sorgue de Velleron et la Sorgue d&rsquo;Entraigues.\u00a0<\/p>\n<p>Avec ses paysages pittoresques, ses march\u00e9s anim\u00e9s et son ambiance chaleureuse, le Vaucluse\u00a0est un v\u00e9ritable petit paradis pour Dani\u00e8le Evenou, qui retrouve tout de m\u00eame le\u00a0tumulte parisien de temps \u00e0 autres pour poursuivre sa carri\u00e8re de com\u00e9dienne&#8230;<\/p>\n","protected":false},"excerpt":{"rendered":"A 82\u00a0ans, Dani\u00e8le Evenou passe le plus clair de son temps dans une belle maison loin de l&rsquo;agitation&hellip;\n","protected":false},"author":2,"featured_media":319994,"comment_status":"","ping_status":"","sticky":false,"template":"","format":"standard","meta":{"footnotes":""},"categories":[1586],"tags":[11,1777,674,1779,1011,27,12,25,1778,364],"class_list":{"0":"post-319993","1":"post","2":"type-post","3":"status-publish","4":"format-standard","5":"has-post-thumbnail","7":"category-europe","8":"tag-actualites","9":"tag-eu","10":"tag-europe","11":"tag-european-union","12":"tag-fr","13":"tag-france","14":"tag-news","15":"tag-republique-francaise","16":"tag-ue","17":"tag-union-europeenne"},"share_on_mastodon":{"url":"https:\/\/pubeurope.com\/@fr\/115030638260953509","error":""},"_links":{"self":[{"href":"https:\/\/www.europesays.com\/fr\/wp-json\/wp\/v2\/posts\/319993","targetHints":{"allow":["GET"]}}],"collection":[{"href":"https:\/\/www.europesays.com\/fr\/wp-json\/wp\/v2\/posts"}],"about":[{"href":"https:\/\/www.europesays.com\/fr\/wp-json\/wp\/v2\/types\/post"}],"author":[{"embeddable":true,"href":"https:\/\/www.europesays.com\/fr\/wp-json\/wp\/v2\/users\/2"}],"replies":[{"embeddable":true,"href":"https:\/\/www.europesays.com\/fr\/wp-json\/wp\/v2\/comments?post=319993"}],"version-history":[{"count":0,"href":"https:\/\/www.europesays.com\/fr\/wp-json\/wp\/v2\/posts\/319993\/revisions"}],"wp:featuredmedia":[{"embeddable":true,"href":"https:\/\/www.europesays.com\/fr\/wp-json\/wp\/v2\/media\/319994"}],"wp:attachment":[{"href":"https:\/\/www.europesays.com\/fr\/wp-json\/wp\/v2\/media?parent=319993"}],"wp:term":[{"taxonomy":"category","embeddable":true,"href":"https:\/\/www.europesays.com\/fr\/wp-json\/wp\/v2\/categories?post=319993"},{"taxonomy":"post_tag","embeddable":true,"href":"https:\/\/www.europesays.com\/fr\/wp-json\/wp\/v2\/tags?post=319993"}],"curies":[{"name":"wp","href":"https:\/\/api.w.org\/{rel}","templated":true}]}}