{"id":319995,"date":"2025-08-15T03:23:26","date_gmt":"2025-08-15T03:23:26","guid":{"rendered":"https:\/\/www.europesays.com\/fr\/319995\/"},"modified":"2025-08-15T03:23:26","modified_gmt":"2025-08-15T03:23:26","slug":"la-folle-histoire-dun-faux-elu-de-18-ans-arnaqueur-en-serie","status":"publish","type":"post","link":"https:\/\/www.europesays.com\/fr\/319995\/","title":{"rendered":"la folle histoire d\u2019un faux \u00e9lu de 18 ans, arnaqueur en s\u00e9rie"},"content":{"rendered":"<p><strong>ENQU\u00caTE &#8211;<\/strong> \u00c0 peine majeur, le Toulonnais Eddie Goujit a \u00e9t\u00e9 plac\u00e9 en d\u00e9tention provisoire pour une s\u00e9rie d\u2019escroqueries. Vivant la grande vie, promettant monts et merveilles \u00e0 des associations, il s\u2019est fait passer pour un ministre de Fran\u00e7ois Bayrou ou un proche d\u2019Emmanuel Macron.<\/p>\n<p class=\"fig-paragraph\">\u00abJe suis vice-pr\u00e9sident de la r\u00e9gion Sud Provence-Alpes-C\u00f4te d\u2019Azur et je suis ravi de vous accueillir toutes et tous dans notre belle r\u00e9gion.\u00bb Dans son costume impeccable, l\u2019homme au visage juv\u00e9nile a un bagout surprenant au vu de son jeune \u00e2ge. Il s\u2019appr\u00eate alors \u00e0 f\u00eater ses 18 ans. La sc\u00e8ne se passe dans le village tristement c\u00e9l\u00e8bre de\u00a0<a href=\"http:\/\/www.lefigaro.fr\/faits-divers\/viols-de-mazan-le-proces-en-appel-ramene-a-quatre-jours-au-lieu-des-sept-semaines-initialement-prevues-20250623\" data-fig-type=\"NewsFlash\" data-gtm-custom-categorie=\"navigation\" data-gtm-custom-action=\"crossclick\" data-gtm-custom-label=\"Contextuel\" data-gtm-event=\"customEventSPE\" data-fig-domain=\"LEFIGARO\" rel=\"nofollow noopener\" target=\"_blank\">Mazan<\/a>. Nous sommes en janvier 2025. \u00ab\u00c9lection de Miss et Mister \u00c9l\u00e9gance France DT Beauty Pageant, annonce la mairie sur Facebook. Ce vendredi, c\u2019\u00e9tait la pr\u00e9sentation des candidats avec le conseiller r\u00e9gional Eddy Goujit qui repr\u00e9sente le pr\u00e9sident\u00a0<a href=\"http:\/\/www.lefigaro.fr\/politique\/renaud-muselier-renaissance-dominique-de-villepin-est-un-gaulliste-de-salon-20250708\" data-fig-type=\"Article\" data-gtm-custom-categorie=\"navigation\" data-gtm-custom-action=\"crossclick\" data-gtm-custom-label=\"Contextuel\" data-gtm-event=\"customEventSPE\" data-fig-domain=\"LEFIGARO\" rel=\"nofollow noopener\" target=\"_blank\">Bruno Muselier<\/a> \u00a0(sic, au lieu de Renaud, NDLR)\u00bb<\/p>\n<p class=\"fig-paragraph\">D\u2019un ton assur\u00e9, Eddie Goujit s\u2019adresse aux candidats de ce concours de beaut\u00e9 dirig\u00e9 par le Vauclusien Bruno Solari. \u00abSi je suis l\u00e0 aujourd\u2019hui, c\u2019est parce que le pr\u00e9sident de la r\u00e9gion a d\u00e9cid\u00e9 de me nommer d\u00e9l\u00e9gu\u00e9 en charge du soutien et de l\u2019accompagnement des comit\u00e9s Miss et Mister de notre r\u00e9gion, plus belle r\u00e9gion de France\u00a0\u00bb, poursuit-il. Avec sa faconde, l\u2019adolescent rev\u00eat \u00e0 la perfection le costume du jeune loup politique, reprenant m\u00eame certaines mimiques du pr\u00e9sident de la r\u00e9gion Paca Renaud Muselier. \u00c0 ses c\u00f4t\u00e9s, Bruno Solari \u00e9coute avec attention. Il ne s\u2019attend absolument pas \u00e0 ce qui va suivre.<\/p>\n<p class=\"fig-premium-paywall__infos\">\n        Cet article est r\u00e9serv\u00e9 aux abonn\u00e9s.        Il vous reste 88% \u00e0 d\u00e9couvrir.\n    <\/p>\n<p>                <img  data- alt=\"Le Figaro\" class=\"fig-img--complete fig-img\"\/><\/p>\n<p class=\"fig-premium-paywall__title\">Vente Flash<\/p>\n<p class=\"fig-premium-paywall__subtitle\">4,99\u20ac par mois pendant 12 mois. Sans engagement<\/p>\n<p class=\"fig-premium-paywall__connect\">\n                D\u00e9j\u00e0 abonn\u00e9\u00a0?                <a class=\"fig-premium-paywall__connect-link\" href=\"https:\/\/connect.lefigaro.fr\/login?client=horizon_web&amp;type=main&amp;redirect_uri=https%3A%2F%2Fwww.lefigaro.fr%2Fmarseille%2Fce-jeune-c-est-arsene-lupin-la-folle-histoire-d-un-faux-elu-de-18-ans-arnaqueur-en-serie-20250814\" data-js-gtm=\"{&quot;customCategorie&quot;: &quot;conversion&quot;, &quot;customAction&quot;: &quot;before_Landing_Connexion_paywall_manuel&quot;, &quot;customLabel&quot;: &quot;bGVmaWdhcm8uZnJfXzFmMDc4ZTM0LThiY2QtNjlmYS1hN2I5LTI5MzkyMDU3NDVmYV9fTmV3c0ZsYXNo_\u00abCe jeune, c\u2019est Ars\u00e8ne Lupin\u00bb\u00a0: la folle histoire d\u2019un faux \u00e9lu de 18 ans, arnaqueur en s\u00e9rie_632&quot;, &quot;customIDSPE&quot;: &quot;bGVmaWdhcm8uZnJfXzFmMDc4ZTM0LThiY2QtNjlmYS1hN2I5LTI5MzkyMDU3NDVmYV9fTmV3c0ZsYXNo&quot;, &quot;event&quot;: &quot;customEventSPE&quot;}\" rel=\"nofollow noopener\" target=\"_blank\"><br \/>\n                    Connectez-vous<br \/>\n                <\/a>\n            <\/p>\n","protected":false},"excerpt":{"rendered":"ENQU\u00caTE &#8211; \u00c0 peine majeur, le Toulonnais Eddie Goujit a \u00e9t\u00e9 plac\u00e9 en d\u00e9tention provisoire pour une s\u00e9rie&hellip;\n","protected":false},"author":2,"featured_media":319996,"comment_status":"","ping_status":"","sticky":false,"template":"","format":"standard","meta":{"footnotes":""},"categories":[2],"tags":[11,3959,3514,3513,1011,27,12,25],"class_list":{"0":"post-319995","1":"post","2":"type-post","3":"status-publish","4":"format-standard","5":"has-post-thumbnail","7":"category-actualites","8":"tag-actualites","9":"tag-adolescents","10":"tag-arnaque","11":"tag-escroquerie","12":"tag-fr","13":"tag-france","14":"tag-news","15":"tag-republique-francaise"},"share_on_mastodon":{"url":"https:\/\/pubeurope.com\/@fr\/115030642113383001","error":""},"_links":{"self":[{"href":"https:\/\/www.europesays.com\/fr\/wp-json\/wp\/v2\/posts\/319995","targetHints":{"allow":["GET"]}}],"collection":[{"href":"https:\/\/www.europesays.com\/fr\/wp-json\/wp\/v2\/posts"}],"about":[{"href":"https:\/\/www.europesays.com\/fr\/wp-json\/wp\/v2\/types\/post"}],"author":[{"embeddable":true,"href":"https:\/\/www.europesays.com\/fr\/wp-json\/wp\/v2\/users\/2"}],"replies":[{"embeddable":true,"href":"https:\/\/www.europesays.com\/fr\/wp-json\/wp\/v2\/comments?post=319995"}],"version-history":[{"count":0,"href":"https:\/\/www.europesays.com\/fr\/wp-json\/wp\/v2\/posts\/319995\/revisions"}],"wp:featuredmedia":[{"embeddable":true,"href":"https:\/\/www.europesays.com\/fr\/wp-json\/wp\/v2\/media\/319996"}],"wp:attachment":[{"href":"https:\/\/www.europesays.com\/fr\/wp-json\/wp\/v2\/media?parent=319995"}],"wp:term":[{"taxonomy":"category","embeddable":true,"href":"https:\/\/www.europesays.com\/fr\/wp-json\/wp\/v2\/categories?post=319995"},{"taxonomy":"post_tag","embeddable":true,"href":"https:\/\/www.europesays.com\/fr\/wp-json\/wp\/v2\/tags?post=319995"}],"curies":[{"name":"wp","href":"https:\/\/api.w.org\/{rel}","templated":true}]}}