{"id":319997,"date":"2025-08-15T03:24:31","date_gmt":"2025-08-15T03:24:31","guid":{"rendered":"https:\/\/www.europesays.com\/fr\/319997\/"},"modified":"2025-08-15T03:24:31","modified_gmt":"2025-08-15T03:24:31","slug":"om-sans-paixao-et-medina-a-la-veille-de-la-reprise-de-la-ligue-1-a-rennes","status":"publish","type":"post","link":"https:\/\/www.europesays.com\/fr\/319997\/","title":{"rendered":"OM. Sans Paixao et Medina \u00e0 la veille de la reprise de la Ligue 1 \u00e0 Rennes"},"content":{"rendered":"<p>Bonne nouvelle pour l&rsquo;OM. \u00c0 un peu plus de 24 heures des trois coups de leur saison, <a href=\"https:\/\/www.laprovence.com\/article\/om\/1892786059962714\/om-jeremy-pignard-premier-arbitre-de-la-saison-pour-les-olympiens-a-rennes-vendredi\" target=\"_blank\" rel=\"noopener\">ce vendredi soir \u00e0 Rennes (20h45)<\/a>, Roberto De Zerbi a toutes ses forces entre les mains, \u00e0 l&rsquo;exception des absents programm\u00e9s : Facundo Medina (suspendu) et Igor Paixao (bless\u00e9 \u00e0 la cuisse et, a priori, de retour \u00e0 la comp\u00e9tition vers la mi-septembre).<\/p>\n<p>Sur les hauteurs de La Commanderie, qu&rsquo;ils quitteront demain matin pour rallier la Bretagne par les airs, les Olympiens ont donc proc\u00e9d\u00e9 la traditionnelle mise en place tactique, sans le d\u00e9fenseur central argentin et l&rsquo;ailier br\u00e9silien.<\/p>\n<p>Weah bien pr\u00e9sent \u00e0 la mise en place<\/p>\n<p>Avant cela, Leonardo Balerdi et sa bande, r\u00e9partis en trois \u00e9quipes, ont encha\u00een\u00e9 les oppositions sur terrain r\u00e9duit. Si la derni\u00e8re recrue en date, Timothy Weah, n&rsquo;a pas pris part \u00e0 ces r\u00e9jouissances, l&rsquo;ancien couteau suisse de la Juventus, malgr\u00e9 un strap au genou, a bien particip\u00e9 \u00e0 la suite de la s\u00e9ance.<\/p>\n","protected":false},"excerpt":{"rendered":"Bonne nouvelle pour l&rsquo;OM. \u00c0 un peu plus de 24 heures des trois coups de leur saison, ce&hellip;\n","protected":false},"author":2,"featured_media":319998,"comment_status":"","ping_status":"","sticky":false,"template":"","format":"standard","meta":{"footnotes":""},"categories":[2],"tags":[17,11,1011,27,3022,35748,12,149,42135,9834,25,4561,6077],"class_list":{"0":"post-319997","1":"post","2":"type-post","3":"status-publish","4":"format-standard","5":"has-post-thumbnail","7":"category-actualites","8":"tag-17","9":"tag-actualites","10":"tag-fr","11":"tag-france","12":"tag-ligue","13":"tag-medina","14":"tag-news","15":"tag-om","16":"tag-paixao","17":"tag-reprise","18":"tag-republique-francaise","19":"tag-sans","20":"tag-veille"},"share_on_mastodon":{"url":"https:\/\/pubeurope.com\/@fr\/115030646411740004","error":""},"_links":{"self":[{"href":"https:\/\/www.europesays.com\/fr\/wp-json\/wp\/v2\/posts\/319997","targetHints":{"allow":["GET"]}}],"collection":[{"href":"https:\/\/www.europesays.com\/fr\/wp-json\/wp\/v2\/posts"}],"about":[{"href":"https:\/\/www.europesays.com\/fr\/wp-json\/wp\/v2\/types\/post"}],"author":[{"embeddable":true,"href":"https:\/\/www.europesays.com\/fr\/wp-json\/wp\/v2\/users\/2"}],"replies":[{"embeddable":true,"href":"https:\/\/www.europesays.com\/fr\/wp-json\/wp\/v2\/comments?post=319997"}],"version-history":[{"count":0,"href":"https:\/\/www.europesays.com\/fr\/wp-json\/wp\/v2\/posts\/319997\/revisions"}],"wp:featuredmedia":[{"embeddable":true,"href":"https:\/\/www.europesays.com\/fr\/wp-json\/wp\/v2\/media\/319998"}],"wp:attachment":[{"href":"https:\/\/www.europesays.com\/fr\/wp-json\/wp\/v2\/media?parent=319997"}],"wp:term":[{"taxonomy":"category","embeddable":true,"href":"https:\/\/www.europesays.com\/fr\/wp-json\/wp\/v2\/categories?post=319997"},{"taxonomy":"post_tag","embeddable":true,"href":"https:\/\/www.europesays.com\/fr\/wp-json\/wp\/v2\/tags?post=319997"}],"curies":[{"name":"wp","href":"https:\/\/api.w.org\/{rel}","templated":true}]}}