{"id":320005,"date":"2025-08-15T03:31:22","date_gmt":"2025-08-15T03:31:22","guid":{"rendered":"https:\/\/www.europesays.com\/fr\/320005\/"},"modified":"2025-08-15T03:31:22","modified_gmt":"2025-08-15T03:31:22","slug":"davantage-de-temps-sur-la-grille-avant-la-tissot-sprint-2","status":"publish","type":"post","link":"https:\/\/www.europesays.com\/fr\/320005\/","title":{"rendered":"Davantage de temps sur la grille avant la Tissot Sprint"},"content":{"rendered":"<p>La Commission Grand Prix a approuv\u00e9 une l\u00e9g\u00e8re modification de la proc\u00e9dure de d\u00e9part pour les samedis \u00e0 venir avec d\u00e9sormais 20 minutes de pr\u00e9sence sur la grille autoris\u00e9es avant la Tissot Sprint. Cet ajustement permettra aux \u00e9quipes de disposer de suffisamment de temps pour effectuer des r\u00e9glages et\/ou des changements de pneus.<\/p>\n<p>Toutes les autres proc\u00e9dures de grille restent inchang\u00e9es. L&rsquo;horaire standard du samedi est ajust\u00e9 en cons\u00e9quence pour tenir compte de ces cinq minutes suppl\u00e9mentaires.<\/p>\n<p>Clique <strong><a href=\"https:\/\/resources.motogp.pulselive.com\/motogp\/document\/2025\/08\/14\/a2e34d63-8c44-4066-9d54-b52704096851\/Decisions-of-the-Grand-Prix-Commission-July-2025c.pdf\" target=\"_blank\" rel=\"noopener\">ici<\/a> <\/strong>pour lire le communiqu\u00e9 officiel complet de la FIM qui confirme cette modification !<\/p>\n<p>\u00a0<\/p>\n","protected":false},"excerpt":{"rendered":"La Commission Grand Prix a approuv\u00e9 une l\u00e9g\u00e8re modification de la proc\u00e9dure de d\u00e9part pour les samedis \u00e0&hellip;\n","protected":false},"author":2,"featured_media":318506,"comment_status":"","ping_status":"","sticky":false,"template":"","format":"standard","meta":{"footnotes":""},"categories":[1413],"tags":[1011,27,1457,1456,60,2032],"class_list":{"0":"post-320005","1":"post","2":"type-post","3":"status-publish","4":"format-standard","5":"has-post-thumbnail","7":"category-moto","8":"tag-fr","9":"tag-france","10":"tag-moto","11":"tag-motocycle","12":"tag-sports","13":"tag-text"},"share_on_mastodon":{"url":"https:\/\/pubeurope.com\/@fr\/115030673615523182","error":""},"_links":{"self":[{"href":"https:\/\/www.europesays.com\/fr\/wp-json\/wp\/v2\/posts\/320005","targetHints":{"allow":["GET"]}}],"collection":[{"href":"https:\/\/www.europesays.com\/fr\/wp-json\/wp\/v2\/posts"}],"about":[{"href":"https:\/\/www.europesays.com\/fr\/wp-json\/wp\/v2\/types\/post"}],"author":[{"embeddable":true,"href":"https:\/\/www.europesays.com\/fr\/wp-json\/wp\/v2\/users\/2"}],"replies":[{"embeddable":true,"href":"https:\/\/www.europesays.com\/fr\/wp-json\/wp\/v2\/comments?post=320005"}],"version-history":[{"count":0,"href":"https:\/\/www.europesays.com\/fr\/wp-json\/wp\/v2\/posts\/320005\/revisions"}],"wp:featuredmedia":[{"embeddable":true,"href":"https:\/\/www.europesays.com\/fr\/wp-json\/wp\/v2\/media\/318506"}],"wp:attachment":[{"href":"https:\/\/www.europesays.com\/fr\/wp-json\/wp\/v2\/media?parent=320005"}],"wp:term":[{"taxonomy":"category","embeddable":true,"href":"https:\/\/www.europesays.com\/fr\/wp-json\/wp\/v2\/categories?post=320005"},{"taxonomy":"post_tag","embeddable":true,"href":"https:\/\/www.europesays.com\/fr\/wp-json\/wp\/v2\/tags?post=320005"}],"curies":[{"name":"wp","href":"https:\/\/api.w.org\/{rel}","templated":true}]}}