{"id":320014,"date":"2025-08-15T03:39:12","date_gmt":"2025-08-15T03:39:12","guid":{"rendered":"https:\/\/www.europesays.com\/fr\/320014\/"},"modified":"2025-08-15T03:39:12","modified_gmt":"2025-08-15T03:39:12","slug":"lautrec-eric-heine-presente-son-dernier-ouvrage","status":"publish","type":"post","link":"https:\/\/www.europesays.com\/fr\/320014\/","title":{"rendered":"Lautrec. \u00c9ric Heine pr\u00e9sente son dernier ouvrage"},"content":{"rendered":"<p>Avec sa plume \u00e0 la fois d\u00e9licate et profonde, \u00c9ric Heine, \u00e9crivain install\u00e9 \u00e0 Lautrec, offre un nouveau recueil empreint de po\u00e9sie, de tendresse et de r\u00e9flexion. \u00ab\u00a0Toujours vivant\u00a0\u00bb suit les sentiers bucoliques et lyriques qu\u2019il affectionne tant, pour mieux nous entra\u00eener dans les m\u00e9andres de la m\u00e9moire et des songes. Disponible d\u00e8s \u00e0 pr\u00e9sent \u00e0 la p\u00e2tisserie Suzalia, sur la place centrale, ce livre vous invite \u00e0 une balade sensible entre souvenirs, r\u00eaves, humour et philosophie.<\/p>\n<p>\u00ab\u00a0Qu\u2019avons-nous appris gr\u00e2ce \u00e0\u2026 ? Nous serions-nous aim\u00e9s si\u2026 ? Qui serions-nous et serions-nous encore si\u2026 ? Les r\u00e9ponses \u00e0 ces questions ne sont qu\u2019imagination. Les souvenirs, eux, sont toujours vrais. Vrais comme des souvenirs. Toujours vivants\u00a0\u00bb.<\/p>\n<p>Le mieux, pour se faire une id\u00e9e, c\u2019est le retour d\u2019un lecteur : \u00ab\u00a0D\u00e8s les premi\u00e8res pages, on n\u2019a plus envie de quitter ce r\u00e9cit ! Souvenirs d\u2019une jeunesse \u00ab\u00a0campagnarde\u00a0\u00bb entre famille et rencontres au fil des ann\u00e9es , puis ces jouissifs souvenirs des \u00ab\u00a0r\u00eaves d\u2019amour\u00a0\u00bb, et les d\u00e9licieux \u00ab\u00a0entractes\u00a0\u00bb, avec ces subtiles et si v\u00e9ridiques r\u00e9flexions sur chiens et chats, enfin ces courts po\u00e8mes (mon pr\u00e9f\u00e9r\u00e9 : \u00ab\u00a0rides\u00a0\u00bb, sans oublier toutes les r\u00e9flexions philosophico-politiques que tout potentat devrait lire en ce monde (Hey John)\u2026 Bref : un r\u00e9gal, pour quelques heures d\u2019immersion dans ces souvenirs intimistes !\u00a0\u00bb.<\/p>\n<p>O\u00f9 se le procurer : Lautrec \u2013 P\u00e2tisserie Suzalia, Puylaurens \u2013 Halles aux grains, Vielmur \u2013 L\u2019\u00e9picerie le Monde d\u2019Elia. En ligne sur le site de la Librairie BoD, ou <a href=\"http:\/\/Amazon.fr\" target=\"_blank\" rel=\"nofollow noopener\">Amazon.fr<\/a>, et dans toutes les bonnes librairies.<\/p>\n","protected":false},"excerpt":{"rendered":"Avec sa plume \u00e0 la fois d\u00e9licate et profonde, \u00c9ric Heine, \u00e9crivain install\u00e9 \u00e0 Lautrec, offre un nouveau&hellip;\n","protected":false},"author":2,"featured_media":320015,"comment_status":"","ping_status":"","sticky":false,"template":"","format":"standard","meta":{"footnotes":""},"categories":[1357],"tags":[1379,58,59,1011,27,1380],"class_list":{"0":"post-320014","1":"post","2":"type-post","3":"status-publish","4":"format-standard","5":"has-post-thumbnail","7":"category-livres","8":"tag-books","9":"tag-divertissement","10":"tag-entertainment","11":"tag-fr","12":"tag-france","13":"tag-livres"},"share_on_mastodon":{"url":"https:\/\/pubeurope.com\/@fr\/115030705035236898","error":""},"_links":{"self":[{"href":"https:\/\/www.europesays.com\/fr\/wp-json\/wp\/v2\/posts\/320014","targetHints":{"allow":["GET"]}}],"collection":[{"href":"https:\/\/www.europesays.com\/fr\/wp-json\/wp\/v2\/posts"}],"about":[{"href":"https:\/\/www.europesays.com\/fr\/wp-json\/wp\/v2\/types\/post"}],"author":[{"embeddable":true,"href":"https:\/\/www.europesays.com\/fr\/wp-json\/wp\/v2\/users\/2"}],"replies":[{"embeddable":true,"href":"https:\/\/www.europesays.com\/fr\/wp-json\/wp\/v2\/comments?post=320014"}],"version-history":[{"count":0,"href":"https:\/\/www.europesays.com\/fr\/wp-json\/wp\/v2\/posts\/320014\/revisions"}],"wp:featuredmedia":[{"embeddable":true,"href":"https:\/\/www.europesays.com\/fr\/wp-json\/wp\/v2\/media\/320015"}],"wp:attachment":[{"href":"https:\/\/www.europesays.com\/fr\/wp-json\/wp\/v2\/media?parent=320014"}],"wp:term":[{"taxonomy":"category","embeddable":true,"href":"https:\/\/www.europesays.com\/fr\/wp-json\/wp\/v2\/categories?post=320014"},{"taxonomy":"post_tag","embeddable":true,"href":"https:\/\/www.europesays.com\/fr\/wp-json\/wp\/v2\/tags?post=320014"}],"curies":[{"name":"wp","href":"https:\/\/api.w.org\/{rel}","templated":true}]}}