{"id":320016,"date":"2025-08-15T03:40:17","date_gmt":"2025-08-15T03:40:17","guid":{"rendered":"https:\/\/www.europesays.com\/fr\/320016\/"},"modified":"2025-08-15T03:40:17","modified_gmt":"2025-08-15T03:40:17","slug":"ulysse-aide-la-police-pascal-est-il-en-danger-le-resume-de-lepisode-1728-du-vendredi-15-aout-2025","status":"publish","type":"post","link":"https:\/\/www.europesays.com\/fr\/320016\/","title":{"rendered":"Ulysse aide la police, Pascal est-il en danger ? Le r\u00e9sum\u00e9 de l&rsquo;\u00e9pisode 1728 du vendredi 15 ao\u00fbt 2025"},"content":{"rendered":"<p>Dans l&rsquo;\u00e9pisode 1728 d&rsquo;Un si grand soleil diffus\u00e9 vendredi 15 ao\u00fbt 2025 sur France 3, Ulysse fait tout pour que la police retrouve ses agresseurs. Elisabeth a re\u00e7u une offre de rachat pour L Cosm\u00e9tiques. Quant \u00e0 Catherine, elle s&rsquo;inqui\u00e8te pour Pascal.<\/p>\n<p><b>Vendredi 15 ao\u00fbt 2025 dans l&rsquo;\u00e9pisode 1728 d&rsquo;<\/b><b>Un si grand soleil<\/b><b>,<\/b> marqu\u00e9 r\u00e9cemment par <a href=\"https:\/\/www.programme-tv.net\/news\/series-tv\/383542-un-si-grand-soleil-attention-nouveau-changement-d-horaire-exceptionnel-ce-vendredi-18-juillet-2025\/\" data-api-deeplink=\"teleloisirs:\/\/news\/383542\" target=\"_blank\" rel=\"noopener\">de nombreux changements de programmation<\/a>&#8230; Le matin, Pascal s&rsquo;appr\u00eate \u00e0 prendre la route pour aller \u00e0 un rendez-vous chez un ami cardiologue, <a href=\"https:\/\/www.programme-tv.net\/news\/series-tv\/385226-un-si-grand-soleil-en-avance-ulysse-ment-a-bilal-a-propos-de-son-agression-pascal-est-victime-de-plusieurs-malaises-le-resume-de-l-episode-1726-du-mercredi-13-aout-2025\/\" data-api-deeplink=\"teleloisirs:\/\/news\/385226\" target=\"_blank\" rel=\"noopener\">Catherine est tr\u00e8s inqui\u00e8te pour lui<\/a> mais il la rassure. Boris annonce \u00e0 Laurine qu&rsquo;il va partir en week-end avec Muriel et Thomas, elle est surprise. Eve appelle Eliott qui est \u00e9nerv\u00e9 parce que Muriel a chang\u00e9 le planning de garde pour son week-end avec Boris. Catherine est tr\u00e8s tendue et explique \u00e0 Laurine qu&rsquo;elle s&rsquo;inqui\u00e8te pour Pascal qui ne l&rsquo;a toujours pas rappel\u00e9e. Laurine se montre rassurante avec sa m\u00e8re. Pascal appelle Catherine et lui dit qu&rsquo;il a un r\u00e9tr\u00e9cissement des art\u00e8res et il va devoir se faire op\u00e9rer dans deux semaines.<\/p>\n<p>                        Un si grand soleil en avance : Ulysse aide la police pour retrouver ses agresseurs<\/p>\n<p>Janet donne les derniers conseils \u00e0 Ulysse (<a href=\"https:\/\/www.programme-tv.net\/news\/series-tv\/384933-un-si-grand-soleil-j-espere-que-cette-intrigue-sera-credible-et-bien-recue-maxence-victor-ulysse-se-confie-sur-le-drame-que-vit-ulysse\/\" data-api-deeplink=\"teleloisirs:\/\/news\/384933\" target=\"_blank\" rel=\"noopener\">Maxence Victor pour qui cette intrigue est importante<\/a>) avant sa sortie de l&rsquo;h\u00f4pital, Bilal est l\u00e0 pour l&rsquo;accompagner et lui propose de s&rsquo;installer \u00e0 la ferme le temps de sa convalescence. Ulysse lui demande de le d\u00e9poser au commissariat pour compl\u00e9ter sa d\u00e9position aupr\u00e8s d&rsquo;Elise. Sur place, cette derni\u00e8re rapporte \u00e0 Becker qu&rsquo;Ulysse a bien subi une agression homophobe avec le m\u00eame mode op\u00e9ratoire que les autres victimes. Ulysse aide la police \u00e0 dresser un portrait-robot de l&rsquo;un de ses agresseurs. Marc a re\u00e7u des infos de sa source au commissariat et veut publier un nouvel article au sujet des agressions homophobes. Elise rentre \u00e0 la ferme et remercie Ulysse d&rsquo;avoir modifi\u00e9 sa plainte pour signaler le caract\u00e8re homophobe de son agression. Il lui r\u00e9pond : \u00ab\u00a0Tu m&rsquo;as fait comprendre qu&rsquo;il fallait continuer de me battre.\u00a0\u00bb Mais <a href=\"https:\/\/www.programme-tv.net\/news\/series-tv\/384878-un-si-grand-soleil-pourquoi-ulysse-maxence-victor-trompe-t-il-bilal-malik-elakehal-el-miliani-la-reponse-de-maxence-victor\/\" data-api-deeplink=\"teleloisirs:\/\/news\/384878\" target=\"_blank\" rel=\"noopener\">Ulysse ne veut toujours pas dire la v\u00e9rit\u00e9 \u00e0 Bilal<\/a>.<\/p>\n<p>            Un si grand soleil en avance : Le comportement de Niels alarme Pablo<\/p>\n<p>Au lyc\u00e9e, Noura s&rsquo;agace que Pablo passe son temps avec Niels. Pablo re\u00e7oit un appel de ce dernier et va le retrouver au terrain de basket le soir, alors qu&rsquo;il venait de proposer \u00e0 Noura de l&rsquo;aider \u00e0 r\u00e9viser. Au terrain de basket, Niels se fait klaxonner par une voiture et son conducteur lui donne de l&rsquo;argent. Il explique \u00e0 Pablo qu&rsquo;il fait du business avec ce type et lui propose d&rsquo;y participer aussi.<\/p>\n<p>Un si grand soleil en avance : Elisabeth envisage-t-elle de vendre L Cosm\u00e9tiques ?<\/p>\n<p>Alain et Elisabeth discutent de la possibilit\u00e9 d&rsquo;une proposition de rachat de L Cosm\u00e9tiques, mais elle ne veut pas vendre \u00e0 n&rsquo;importe quelle condition. Muriel demande \u00e0 Elisabeth si elle a re\u00e7u des nouvelles d&rsquo;un acheteur potentiel, M. Liang. Elisabeth reste tr\u00e8s prudente et attend l&rsquo;offre de rachat pour d\u00e9cider. Muriel voit un mail de M. Liang qui veut revoir Elisabeth, elle en parle \u00e0 Boris.<\/p>\n","protected":false},"excerpt":{"rendered":"Dans l&rsquo;\u00e9pisode 1728 d&rsquo;Un si grand soleil diffus\u00e9 vendredi 15 ao\u00fbt 2025 sur France 3, Ulysse fait tout&hellip;\n","protected":false},"author":2,"featured_media":320017,"comment_status":"","ping_status":"","sticky":false,"template":"","format":"standard","meta":{"footnotes":""},"categories":[1356],"tags":[244,58,59,1011,27,876,252,1364,9766,26118,26117],"class_list":{"0":"post-320016","1":"post","2":"type-post","3":"status-publish","4":"format-standard","5":"has-post-thumbnail","7":"category-television","8":"tag-commentaire","9":"tag-divertissement","10":"tag-entertainment","11":"tag-fr","12":"tag-france","13":"tag-france-3","14":"tag-television","15":"tag-tv","16":"tag-un-si-grand-soleil","17":"tag-un-si-grand-soleil-ru00e9sumu00e9","18":"tag-un-si-grand-soleil-ru00e9sumu00e9-en-avance"},"share_on_mastodon":{"url":"https:\/\/pubeurope.com\/@fr\/115030709120158827","error":""},"_links":{"self":[{"href":"https:\/\/www.europesays.com\/fr\/wp-json\/wp\/v2\/posts\/320016","targetHints":{"allow":["GET"]}}],"collection":[{"href":"https:\/\/www.europesays.com\/fr\/wp-json\/wp\/v2\/posts"}],"about":[{"href":"https:\/\/www.europesays.com\/fr\/wp-json\/wp\/v2\/types\/post"}],"author":[{"embeddable":true,"href":"https:\/\/www.europesays.com\/fr\/wp-json\/wp\/v2\/users\/2"}],"replies":[{"embeddable":true,"href":"https:\/\/www.europesays.com\/fr\/wp-json\/wp\/v2\/comments?post=320016"}],"version-history":[{"count":0,"href":"https:\/\/www.europesays.com\/fr\/wp-json\/wp\/v2\/posts\/320016\/revisions"}],"wp:featuredmedia":[{"embeddable":true,"href":"https:\/\/www.europesays.com\/fr\/wp-json\/wp\/v2\/media\/320017"}],"wp:attachment":[{"href":"https:\/\/www.europesays.com\/fr\/wp-json\/wp\/v2\/media?parent=320016"}],"wp:term":[{"taxonomy":"category","embeddable":true,"href":"https:\/\/www.europesays.com\/fr\/wp-json\/wp\/v2\/categories?post=320016"},{"taxonomy":"post_tag","embeddable":true,"href":"https:\/\/www.europesays.com\/fr\/wp-json\/wp\/v2\/tags?post=320016"}],"curies":[{"name":"wp","href":"https:\/\/api.w.org\/{rel}","templated":true}]}}