{"id":320018,"date":"2025-08-15T03:41:20","date_gmt":"2025-08-15T03:41:20","guid":{"rendered":"https:\/\/www.europesays.com\/fr\/320018\/"},"modified":"2025-08-15T03:41:20","modified_gmt":"2025-08-15T03:41:20","slug":"tas-grandi-dans-les-annees-2000-si-tu-reconnais-ces-5-chansons-grace-a-la-derniere-phrase","status":"publish","type":"post","link":"https:\/\/www.europesays.com\/fr\/320018\/","title":{"rendered":"t&rsquo;as grandi dans les ann\u00e9es 2000 si tu reconnais ces 5 chansons gr\u00e2ce \u00e0 la derni\u00e8re phrase"},"content":{"rendered":"<p><p><a href=\"https:\/\/www.serieously.com\" rel=\"nofollow noopener\" target=\"_blank\">Accueil<\/a> &gt; <a href=\"https:\/\/www.serieously.com\/quiz\/\" rel=\"nofollow noopener\" target=\"_blank\">Quiz<\/a> &gt; Quiz : t\u2019as grandi dans les ann\u00e9es 2000 si tu reconnais ces 5 chansons gr\u00e2ce \u00e0 la derni\u00e8re phrase<\/p>\n<\/p>\n<p class=\"o-article__published-by o-article__bullets\">\n            Publi\u00e9 le<br \/>\n                        14 ao\u00fbt 2025 \u00e0 12 h 00<\/p>\n<p>             Par<br \/>\n                <a href=\"https:\/\/www.serieously.com\/author\/drifa\/\" rel=\"nofollow noopener\" target=\"_blank\">Drifa<br \/>\n                    Maza<\/a><\/p>\n<p><strong>Fan confirm\u00e9 des chansons iconiques des ann\u00e9es 2000 ? Alors, Serieously te met au d\u00e9fi de reconna\u00eetre dix tubes populaires de cette d\u00e9cennie uniquement gr\u00e2ce \u00e0 leur derni\u00e8re phrase. <\/strong><\/p>\n<p>A quelle chanson des ann\u00e9es 2000 appartient cette derni\u00e8re phrase ? <\/p>\n<p>\t\t\t\t\t<img decoding=\"async\" src=\"https:\/\/www.europesays.com\/fr\/wp-content\/uploads\/2025\/08\/derniere-phrase-de-promiscuous-de-nelly-furtado-timbaland.jpg\" alt=\"\u00a9 Canva\" width=\"400\" height=\"225\" loading=\"lazy\" style=\"aspect-ratio: 16\/9; object-fit: cover;\"\/><\/p>\n<p>\u00a9 Canva<\/p>\n<p>Il s\u2019agit de la fin de la chanson Promiscuous de Nelly Furtado &amp; Timbaland.<\/p>\n<p>A quelle chanson des ann\u00e9es 2000 appartient cette derni\u00e8re phrase ? <\/p>\n<p>\t\t\t\t\t<img decoding=\"async\" src=\"https:\/\/www.europesays.com\/fr\/wp-content\/uploads\/2025\/08\/derniere-phrase-de-la-tortura-de-shakira-et-alejandro-sanz.jpg\" alt=\"\u00a9 Canva\" width=\"400\" height=\"225\" loading=\"lazy\" style=\"aspect-ratio: 16\/9; object-fit: cover;\"\/><\/p>\n<p>\u00a9 Canva<\/p>\n<p>Il s\u2019agit de la derni\u00e8re phrase de La Tortura de Shakira et Alejandro Sanz.<\/p>\n<p>A quelle chanson des ann\u00e9es 2000 appartient cette derni\u00e8re phrase ? <\/p>\n<p>\t\t\t\t\t<img decoding=\"async\" src=\"https:\/\/www.europesays.com\/fr\/wp-content\/uploads\/2025\/08\/derniere-phrase-de-dynamite-de-taio-cruz.jpg\" alt=\"\u00a9 Canva\" width=\"400\" height=\"225\" loading=\"lazy\" style=\"aspect-ratio: 16\/9; object-fit: cover;\"\/><\/p>\n<p>\u00a9 Canva<\/p>\n<p>Il s\u2019agit de Dynamite de Taio Cruz.<\/p>\n<p>A quelle chanson des ann\u00e9es 2000 appartient cette derni\u00e8re phrase ? <\/p>\n<p>\t\t\t\t\t<img decoding=\"async\" src=\"https:\/\/www.europesays.com\/fr\/wp-content\/uploads\/2025\/08\/derniere-phrase-de-jai-demande-a-la-lune-dindochine.jpg\" alt=\"\u00a9 Canva\" width=\"400\" height=\"225\" loading=\"lazy\" style=\"aspect-ratio: 16\/9; object-fit: cover;\"\/><\/p>\n<p>\u00a9 Canva<\/p>\n<p>Il s\u2019agit de la derni\u00e8re phrase de J\u2019ai demand\u00e9 \u00e0 la lune d\u2019Indochine.<\/p>\n<p>A quelle chanson des ann\u00e9es 2000 appartient cette derni\u00e8re phrase ? <\/p>\n<p>\t\t\t\t\t<img decoding=\"async\" src=\"https:\/\/www.europesays.com\/fr\/wp-content\/uploads\/2025\/08\/derniere-phrase-de-la-sentinelle-de-luke.jpg\" alt=\"\u00a9 Canva\" width=\"400\" height=\"225\" loading=\"lazy\" style=\"aspect-ratio: 16\/9; object-fit: cover;\"\/><\/p>\n<p>\u00a9 Canva<\/p>\n<p class=\"o-quiz__result-title\">Top ! <\/p>\n<p class=\"o-quiz__result-subtitle\">Tu as obtenu un score de [[ score ]]\/[[ questions ]]<\/p>\n<p>\t\t\t\t\t\t\t\t\t<img decoding=\"async\" src=\"https:\/\/www.europesays.com\/fr\/wp-content\/uploads\/2025\/04\/resultat-quiz-bravo.jpg\" alt=\"Top ! \" width=\"768\" height=\"432\" loading=\"lazy\"\/><\/p>\n<p>Toi, c\u2019est s\u00fbr, tu as grandi avec toutes les chansons les plus iconiques des ann\u00e9es 2000 ! Ce quiz n\u2019\u00e9tait donc qu\u2019un jeu d\u2019enfant pour toi.<\/p>\n<p><a href=\"https:\/\/www.serieously.com\/tag\/musique\/\" target=\"_blank\" rel=\"noopener nofollow\" aria-label=\"\">Continue avec ces autres quiz musique !\u00a0<\/a><\/p>\n<p class=\"o-quiz__result-title\">Bien !<\/p>\n<p class=\"o-quiz__result-subtitle\">Tu as obtenu un score de [[ score ]]\/[[ questions ]]<\/p>\n<p>\t\t\t\t\t\t\t\t\t<img decoding=\"async\" src=\"https:\/\/www.europesays.com\/fr\/wp-content\/uploads\/2025\/04\/resultat-quiz-pas-mal.jpg\" alt=\"Bien !\" width=\"768\" height=\"432\" loading=\"lazy\"\/><\/p>\n<p>Tu adores les musiques des ann\u00e9es 2000 et certaines mentionn\u00e9es plus haut son m\u00eame encore dans ta playlist quotidienne. On se trompe ?<\/p>\n<p><a href=\"https:\/\/www.serieously.com\/tag\/musique\/\" target=\"_blank\" rel=\"noopener nofollow\" aria-label=\"\">Continue avec ces autres quiz musique !\u00a0<\/a><\/p>\n<p class=\"o-quiz__result-title\">Pas top&#8230;<\/p>\n<p class=\"o-quiz__result-subtitle\">Tu as obtenu un score de [[ score ]]\/[[ questions ]]<\/p>\n<p>\t\t\t\t\t\t\t\t\t<img decoding=\"async\" src=\"https:\/\/www.europesays.com\/fr\/wp-content\/uploads\/2025\/04\/resultat-quiz-rate.jpg\" alt=\"Pas top...\" width=\"768\" height=\"432\" loading=\"lazy\"\/><\/p>\n<p>Les musiques des ann\u00e9es 2000, c\u2019est visiblement pas ton truc\u2026 Peut-\u00eatre que tu pr\u00e9f\u00e8res simplement les tubes des ann\u00e9es 90 ? \u00c0 toi de nous le dire !<\/p>\n<p><a href=\"https:\/\/www.serieously.com\/tag\/musique\/\" target=\"_blank\" rel=\"noopener nofollow\" aria-label=\"\">Continue avec ces autres quiz musique !\u00a0<\/a><\/p>\n<p>\t\tRecommencer le quiz<\/p>\n<p>\t\t\t<img decoding=\"async\" src=\"https:\/\/www.europesays.com\/fr\/wp-content\/uploads\/2025\/08\/1755229280_243_capture-decran-2024-07-08-a-17-20-25.png\" alt=\"Drifa Maza\" width=\"70\" height=\"70\" loading=\"lazy\"\/><\/p>\n<p class=\"m-user__name\">Drifa Maza<\/p>\n<p class=\"m-user__job\">Journaliste<\/p>\n<p class=\"m-user__description\">En plus d&rsquo;\u00eatre la fan num\u00e9ro un de La La Land et Paddington, je suis aussi une grande passionn\u00e9e de cin\u00e9ma de toutes les \u00e9poques, allant de ses d\u00e9buts \u00e0 aujourd&rsquo;hui. Mon enfance a \u00e9t\u00e9 berc\u00e9e par les Pixar et l&rsquo;\u00e8re Disney Channel. Je suis avec assiduit\u00e9 l&rsquo;actualit\u00e9 Marvel, cin\u00e9, s\u00e9ries, fran\u00e7aise comme \u00e9trang\u00e8re et je suis toujours \u00e0 la recherche d&rsquo;une nouvelle s\u00e9rie \u00e0 binger !<\/p>\n<p>\n\t\t\t\t\t\t\t\t\t\t\t\t\t\t\tContacter<br \/>\n\t\t\t\t\t\tDrifa\n\t\t\t\t\t\t\t\t\t<\/p>\n<p>Lundi&rsquo;spensable<\/p>\n<p class=\"mt-4 mb-4 text-xl text-center\">Le meilleur de <\/p>\n<p> dans ta boite mail<\/p>\n","protected":false},"excerpt":{"rendered":"Accueil &gt; Quiz &gt; Quiz : t\u2019as grandi dans les ann\u00e9es 2000 si tu reconnais ces 5 chansons&hellip;\n","protected":false},"author":2,"featured_media":320019,"comment_status":"","ping_status":"","sticky":false,"template":"","format":"standard","meta":{"footnotes":""},"categories":[1355],"tags":[58,59,1011,27,1361,873],"class_list":{"0":"post-320018","1":"post","2":"type-post","3":"status-publish","4":"format-standard","5":"has-post-thumbnail","7":"category-musique","8":"tag-divertissement","9":"tag-entertainment","10":"tag-fr","11":"tag-france","12":"tag-music","13":"tag-musique"},"share_on_mastodon":{"url":"https:\/\/pubeurope.com\/@fr\/115030714757134727","error":""},"_links":{"self":[{"href":"https:\/\/www.europesays.com\/fr\/wp-json\/wp\/v2\/posts\/320018","targetHints":{"allow":["GET"]}}],"collection":[{"href":"https:\/\/www.europesays.com\/fr\/wp-json\/wp\/v2\/posts"}],"about":[{"href":"https:\/\/www.europesays.com\/fr\/wp-json\/wp\/v2\/types\/post"}],"author":[{"embeddable":true,"href":"https:\/\/www.europesays.com\/fr\/wp-json\/wp\/v2\/users\/2"}],"replies":[{"embeddable":true,"href":"https:\/\/www.europesays.com\/fr\/wp-json\/wp\/v2\/comments?post=320018"}],"version-history":[{"count":0,"href":"https:\/\/www.europesays.com\/fr\/wp-json\/wp\/v2\/posts\/320018\/revisions"}],"wp:featuredmedia":[{"embeddable":true,"href":"https:\/\/www.europesays.com\/fr\/wp-json\/wp\/v2\/media\/320019"}],"wp:attachment":[{"href":"https:\/\/www.europesays.com\/fr\/wp-json\/wp\/v2\/media?parent=320018"}],"wp:term":[{"taxonomy":"category","embeddable":true,"href":"https:\/\/www.europesays.com\/fr\/wp-json\/wp\/v2\/categories?post=320018"},{"taxonomy":"post_tag","embeddable":true,"href":"https:\/\/www.europesays.com\/fr\/wp-json\/wp\/v2\/tags?post=320018"}],"curies":[{"name":"wp","href":"https:\/\/api.w.org\/{rel}","templated":true}]}}