{"id":320032,"date":"2025-08-15T03:48:09","date_gmt":"2025-08-15T03:48:09","guid":{"rendered":"https:\/\/www.europesays.com\/fr\/320032\/"},"modified":"2025-08-15T03:48:09","modified_gmt":"2025-08-15T03:48:09","slug":"la-californie-replique-aux-etats-republicains-en-proposant-son-propre-redecoupage-electoral-le-monde-fr","status":"publish","type":"post","link":"https:\/\/www.europesays.com\/fr\/320032\/","title":{"rendered":"La Californie r\u00e9plique aux Etats r\u00e9publicains en proposant son propre red\u00e9coupage \u00e9lectoral &#8211; Le Monde.fr"},"content":{"rendered":"<ol>\n<li><a href=\"https:\/\/news.google.com\/rss\/articles\/CBMi-AFBVV95cUxNVm5MMDVPel92bnN1dGNqQ3VGUmZFZDFweGRrTEJ2RHJsNldLdUZpMEMyYmdFZ3hFc0VnRDA0VW1KUzZhMW9wTjJYbEtCbWw2aEJsUzNLbm1fandYVXdadnNPZGw5UHVLWVQxT2ZIZHV5NXZpYklSSHNaWlZieUpuaG01eDNJLUN1Ym05eFhvWXNVM2xkaGVQZ01MUmVQZG1JT1djYU9TT1V3ZWtROUNvVFFEMlIwM2xIaU95SEdMQkhjYWgtU1lWYTJnSk9RclpfdUxNT2I1Z2g3MEVRWmQwWFlTN2w0UjVzYjEzVlNlU0Z6UHhVM0tLRg?oc=5\" target=\"_blank\" rel=\"nofollow noopener\">La Californie r\u00e9plique aux Etats r\u00e9publicains en proposant son propre red\u00e9coupage \u00e9lectoral<\/a>&nbsp;&nbsp;Le Monde.fr<\/li>\n<li><a href=\"https:\/\/news.google.com\/rss\/articles\/CBMivAFBVV95cUxNYXR3T2c0VjRuX2MyVVZ3bkMxOHkwZnJ4cUM4VzJ3cEI1anZTcnVGRHE0Nm9fSkRLMFk4endGb0QxQ3E1WkhsLUQ3V3hfMTVDeFRhc1FibUtKcFdhcWxjaWwzeEZBZ2N3RXFHQWxTSF9zMEFWSjl6eUZBVDRxOS1NcmljS0lEcnJ0RXRwVFdRVVoyc1hCek1sT2hvSFhZY01GS3dTMEdCUXFoVWxoU2FkUEMwWDR0elV6Uk9Rbw?oc=5\" target=\"_blank\" rel=\"nofollow noopener\">La Californie veut changer sa carte \u00e9lectorale pour affaiblir l\u2019influence de Trump<\/a>&nbsp;&nbsp;20 Minutes<\/li>\n<li><a href=\"https:\/\/news.google.com\/rss\/articles\/CBMihgJBVV95cUxNcUdDRE9DLVgwVldsQ2VJdWJzcFV3TDlESTRLVzZhdGVZNnZhbC1PZTh2VEZ2WmQ4eXNKdFJmRU9aZFhiUFVmLWE3VFhtemRkWVpRV2VtbmttMWJlb0g1SFBURWI0TUxucVF1c0wxMGVwX2NQYXhZWFNFcTF1WGNacC1acHFSaS03Wk5MNnppRHByVTNoRXhWQlFNSldTMW5mbTNfX0QyR3FNOVYwLS1EU3p1alVjdW5PZTA2Ym83QlZpNE1CVlI5am9oTUFLeUNkTXdZTk1ORTI1S0FtMjM1TkhpcW9Bb0NhUmlXQkp2TzNqS19LWk11RTBzbVk2VVBNSnZsVWFB?oc=5\" target=\"_blank\" rel=\"nofollow noopener\">Californie: pour freiner le parti r\u00e9publicain, le gouverneur veut revoir la carte \u00e9lectorale<\/a>&nbsp;&nbsp;Ouest-France<\/li>\n<li><a href=\"https:\/\/news.google.com\/rss\/articles\/CBMi-AFBVV95cUxOeHY0TEdZdmtNT2dYRVJ1ZE00UU1jZ3ZZQVlTUmpDSUxHUl9WNnNIZ0hxY1Vvd0F0eElPeExQbWdvMUl4Wi03UkJWSERWSW5IN1dvRExzcGhwazZWeG1Ga1FMUzlZaWNhNHBWZ0xwS2M5NW82S3BycFYyRVVCZmZUTDNqc1NmZVhZOWxiQVdaNzQ2cm12Yl9RSHQweWhWRGVqZXJleXZfa2NqVkd0akRfb3RabFpoQkFJVlZIV0RRYmdJZ0tJX3Y0LWtuYTR0Y3E0aDFnTjBZVjN4RWFjbFNtSTUxbW00ZUFrWnBnY0dGSlZkR0JTekEwVw?oc=5\" target=\"_blank\" rel=\"nofollow noopener\">En opposition \u00e0 la mesure du Texas | La Californie va de l\u2019avant avec un red\u00e9coupage \u00e9lectoral partisan<\/a>&nbsp;&nbsp;La Presse<\/li>\n<li><a href=\"https:\/\/news.google.com\/rss\/articles\/CBMijwFBVV95cUxPcXpDanc0MFZ6TEg1QVlEM015X005T21JVnE2cGpxZndmbnZJeUh5U3BZVjJHY0JlQmhFN3Z4TFVkZVhHVUxSVk5JaEloWVBHLXZrd1UzeS00UkRnZFVDQm45UkNtWVl5ZzJSRjlWMmp3STdUbFNid1dDbzJVUHk4eUF6NUZTTV9xMWltYTlRVQ?oc=5\" target=\"_blank\" rel=\"nofollow noopener\">Etats-Unis : Pourquoi des \u00e9lus D\u00e9mocrates ont fui le Texas<\/a>&nbsp;&nbsp;Causeur<\/li>\n<\/ol>\n","protected":false},"excerpt":{"rendered":"La Californie r\u00e9plique aux Etats r\u00e9publicains en proposant son propre red\u00e9coupage \u00e9lectoral&nbsp;&nbsp;Le Monde.fr La Californie veut changer sa&hellip;\n","protected":false},"author":2,"featured_media":1445,"comment_status":"","ping_status":"","sticky":false,"template":"","format":"standard","meta":{"footnotes":""},"categories":[5],"tags":[11,1011,27,14,12,28],"class_list":{"0":"post-320032","1":"post","2":"type-post","3":"status-publish","4":"format-standard","5":"has-post-thumbnail","7":"category-international","8":"tag-actualites","9":"tag-fr","10":"tag-france","11":"tag-international","12":"tag-news","13":"tag-world"},"share_on_mastodon":{"url":"https:\/\/pubeurope.com\/@fr\/115030740481295033","error":""},"_links":{"self":[{"href":"https:\/\/www.europesays.com\/fr\/wp-json\/wp\/v2\/posts\/320032","targetHints":{"allow":["GET"]}}],"collection":[{"href":"https:\/\/www.europesays.com\/fr\/wp-json\/wp\/v2\/posts"}],"about":[{"href":"https:\/\/www.europesays.com\/fr\/wp-json\/wp\/v2\/types\/post"}],"author":[{"embeddable":true,"href":"https:\/\/www.europesays.com\/fr\/wp-json\/wp\/v2\/users\/2"}],"replies":[{"embeddable":true,"href":"https:\/\/www.europesays.com\/fr\/wp-json\/wp\/v2\/comments?post=320032"}],"version-history":[{"count":0,"href":"https:\/\/www.europesays.com\/fr\/wp-json\/wp\/v2\/posts\/320032\/revisions"}],"wp:featuredmedia":[{"embeddable":true,"href":"https:\/\/www.europesays.com\/fr\/wp-json\/wp\/v2\/media\/1445"}],"wp:attachment":[{"href":"https:\/\/www.europesays.com\/fr\/wp-json\/wp\/v2\/media?parent=320032"}],"wp:term":[{"taxonomy":"category","embeddable":true,"href":"https:\/\/www.europesays.com\/fr\/wp-json\/wp\/v2\/categories?post=320032"},{"taxonomy":"post_tag","embeddable":true,"href":"https:\/\/www.europesays.com\/fr\/wp-json\/wp\/v2\/tags?post=320032"}],"curies":[{"name":"wp","href":"https:\/\/api.w.org\/{rel}","templated":true}]}}