{"id":320035,"date":"2025-08-15T03:50:20","date_gmt":"2025-08-15T03:50:20","guid":{"rendered":"https:\/\/www.europesays.com\/fr\/320035\/"},"modified":"2025-08-15T03:50:20","modified_gmt":"2025-08-15T03:50:20","slug":"le-pentagone-annonce-que-les-800-gardes-nationaux-prevus-pour-nettoyer-washington-sont-sur-place","status":"publish","type":"post","link":"https:\/\/www.europesays.com\/fr\/320035\/","title":{"rendered":"Le Pentagone annonce que les 800 gardes nationaux pr\u00e9vus pour \u00ab\u00a0nettoyer\u00a0\u00bb Washington sont sur place"},"content":{"rendered":"<p>Le \u00ab\u00a0nettoyage\u00a0\u00bb de <a href=\"https:\/\/www.20minutes.fr\/dossier\/washington\" target=\"_blank\" class=\"c-link c-link--is-underlined\" rel=\"noopener\">Washington<\/a> voulu par <a href=\"https:\/\/www.20minutes.fr\/dossier\/donald_trump\" target=\"_blank\" class=\"c-link c-link--is-underlined\" rel=\"noopener\">Donald Trump<\/a> a commenc\u00e9. \u00ab\u00a0A ce stade, les 800 membres de la Garde nationale ont \u00e9t\u00e9 mobilis\u00e9s [\u2026] et ils se trouvent d\u00e9sormais ici, dans notre capitale\u00a0\u00bb, a d\u00e9clar\u00e9 Kingsley Wilson, porte-parole du <a href=\"https:\/\/www.20minutes.fr\/monde\/pentagone\/\" target=\"_blank\" class=\"c-link c-link--is-underlined\" rel=\"noopener\">Pentagone<\/a>.<\/p>\n<p>Ces <a href=\"https:\/\/www.20minutes.fr\/dossier\/militaire\" target=\"_blank\" class=\"c-link c-link--is-underlined\" rel=\"noopener\">militaires<\/a> de r\u00e9serve auront pour mission d\u2019assister la police de Washington et les forces f\u00e9d\u00e9rales dans la protection des monuments, la r\u00e9alisation de patrouilles de s\u00e9curit\u00e9 dans les quartiers, la surveillance des installations et le contr\u00f4le de la circulation. Ils resteront \u00ab\u00a0jusqu\u2019\u00e0 ce que l\u2019ordre public soit r\u00e9tabli dans la ville, comme d\u00e9cid\u00e9 par le pr\u00e9sident\u00a0\u00bb.<\/p>\n<p>Les soldats pourraient \u00eatre arm\u00e9s<\/p>\n<p>Donald Trump avait annonc\u00e9 lundi placer le maintien de l\u2019ordre \u00e0 Washington sous le contr\u00f4le direct de son administration, d\u00e9non\u00e7ant une <a href=\"https:\/\/www.20minutes.fr\/dossier\/ville\" target=\"_blank\" class=\"c-link c-link--is-underlined\" rel=\"noopener\">ville<\/a> \u00ab\u00a0envahie par des gangs violents\u00a0\u00bb qu\u2019il entend \u00ab\u00a0nettoyer\u00a0\u00bb. Pourtant, les donn\u00e9es officielles indiquent une baisse de la criminalit\u00e9 violente dans la capitale.<\/p>\n<\/p>\n<p>Selon <a href=\"https:\/\/www.usatoday.com\/story\/news\/politics\/2025\/08\/13\/dc-national-guard-washington-streets-weapons\/85644320007\/\" rel=\"nofollow noopener\" target=\"_blank\" class=\"c-link c-link--is-underlined\">USA Today<\/a>, les soldats d\u00e9ploy\u00e9s \u00e0 Washington ne porteront pas d\u2019armes pour la surveillance des monuments, mais la situation pourrait \u00e9voluer si leurs missions venaient \u00e0 changer, notamment aux c\u00f4t\u00e9s des forces de l\u2019ordre.<\/p>\n<p>Des pouvoirs \u00e9tendus pour assister la police<\/p>\n<p>Si c\u2019est le cas, ils pourraient \u00eatre \u00e9quip\u00e9s de <a href=\"https:\/\/www.20minutes.fr\/dossier\/armes\" target=\"_blank\" class=\"c-link c-link--is-underlined\" rel=\"noopener\">pistolets ou de fusils<\/a>, avec un mod\u00e8le d\u00e9termin\u00e9 par ordre officiel. Les gardes nationaux auront la capacit\u00e9 de d\u00e9tenir des personnes pour les remettre \u00e0 la police, mais ne pourront pas proc\u00e9der eux-m\u00eames \u00e0 des arrestations. Par ailleurs, les policiers de la capitale ont re\u00e7u pour ordre de coop\u00e9rer avec les services de l\u2019immigration.<\/p>\n<p><a href=\"https:\/\/www.20minutes.fr\/monde\/etats-unis\/\" target=\"_blank\" class=\"c-link c-btn c-btn--primary\" rel=\"noopener\">Notre dossier sur les Etats-Unis<\/a><\/p>\n<p>La sp\u00e9cificit\u00e9 juridique du district de Columbia permet \u00e0 sa Garde nationale, plac\u00e9e directement sous l\u2019autorit\u00e9 du pr\u00e9sident, d\u2019exercer certaines fonctions de maintien de l\u2019ordre interdites aux gardes nationaux d\u2019autres Etats. Les soldats r\u00e9sidant \u00e0 moins de 80 kilom\u00e8tres dormiront chez eux, tandis que les autres seront log\u00e9s dans des bases militaires ou des h\u00f4tels.<\/p>\n","protected":false},"excerpt":{"rendered":"Le \u00ab\u00a0nettoyage\u00a0\u00bb de Washington voulu par Donald Trump a commenc\u00e9. \u00ab\u00a0A ce stade, les 800 membres de la&hellip;\n","protected":false},"author":2,"featured_media":320036,"comment_status":"","ping_status":"","sticky":false,"template":"","format":"standard","meta":{"footnotes":""},"categories":[2],"tags":[47,11,17274,75,73,1011,27,3579,74,12,1068,1072,2049,2744],"class_list":{"0":"post-320035","1":"post","2":"type-post","3":"status-publish","4":"format-standard","5":"has-post-thumbnail","7":"category-actualites","8":"tag-actualite","9":"tag-actualites","10":"tag-armee-americaine","11":"tag-donald-trump","12":"tag-etats-unis","13":"tag-fr","14":"tag-france","15":"tag-militaire","16":"tag-monde","17":"tag-news","18":"tag-pentagone","19":"tag-police","20":"tag-soldat","21":"tag-washington"},"share_on_mastodon":{"url":"https:\/\/pubeurope.com\/@fr\/115030748212931722","error":""},"_links":{"self":[{"href":"https:\/\/www.europesays.com\/fr\/wp-json\/wp\/v2\/posts\/320035","targetHints":{"allow":["GET"]}}],"collection":[{"href":"https:\/\/www.europesays.com\/fr\/wp-json\/wp\/v2\/posts"}],"about":[{"href":"https:\/\/www.europesays.com\/fr\/wp-json\/wp\/v2\/types\/post"}],"author":[{"embeddable":true,"href":"https:\/\/www.europesays.com\/fr\/wp-json\/wp\/v2\/users\/2"}],"replies":[{"embeddable":true,"href":"https:\/\/www.europesays.com\/fr\/wp-json\/wp\/v2\/comments?post=320035"}],"version-history":[{"count":0,"href":"https:\/\/www.europesays.com\/fr\/wp-json\/wp\/v2\/posts\/320035\/revisions"}],"wp:featuredmedia":[{"embeddable":true,"href":"https:\/\/www.europesays.com\/fr\/wp-json\/wp\/v2\/media\/320036"}],"wp:attachment":[{"href":"https:\/\/www.europesays.com\/fr\/wp-json\/wp\/v2\/media?parent=320035"}],"wp:term":[{"taxonomy":"category","embeddable":true,"href":"https:\/\/www.europesays.com\/fr\/wp-json\/wp\/v2\/categories?post=320035"},{"taxonomy":"post_tag","embeddable":true,"href":"https:\/\/www.europesays.com\/fr\/wp-json\/wp\/v2\/tags?post=320035"}],"curies":[{"name":"wp","href":"https:\/\/api.w.org\/{rel}","templated":true}]}}