{"id":320041,"date":"2025-08-15T03:55:14","date_gmt":"2025-08-15T03:55:14","guid":{"rendered":"https:\/\/www.europesays.com\/fr\/320041\/"},"modified":"2025-08-15T03:55:14","modified_gmt":"2025-08-15T03:55:14","slug":"a-la-seyne-la-piscine-deau-de-mer-des-sablettes-enregistre-3-669-entrees-depuis-mai-pour-lapprentissage-de-la-natation","status":"publish","type":"post","link":"https:\/\/www.europesays.com\/fr\/320041\/","title":{"rendered":"A La Seyne, la piscine d\u2019eau de mer des Sablettes enregistre 3.669 entr\u00e9es depuis mai pour l&rsquo;apprentissage de la natation"},"content":{"rendered":"<p>\u00ab\u00a0Cet \u00e9t\u00e9, la France a d\u00e9j\u00e0 \u00e9t\u00e9 endeuill\u00e9e par 193 noyades mortelles (en augmentation depuis 2024) dont 20% d\u2019enfants qui ne savaient pas nager\u00a0\u00bb. Pour mesurer l\u2019importance et l\u2019utilit\u00e9 du bassin de natation municipal flottant implant\u00e9 depuis deux ans aux Sablettes afin de pallier la fermeture du complexe Aquasud, Daniel Martinez, l\u2019adjoint aux sports d\u00e9gaine ces statistiques \u00e9loquentes.<\/p>\n<p>Effectif du 14 mai au 1er octobre, le bassin de 25m de longueur, large de 10m\u00e8tres, profond de 1,40m a 2m\u00e8tres, dot\u00e9 de deux petits plongeoirs et d\u2019\u00e9chelles de sortie et d\u2019entr\u00e9e dans l\u2019eau, flotte \u00e0 hauteur du poste de secours de Saint-Elme o\u00f9 il est accessible par la plage et ne d\u00e9semplit pas. Le curieux et long assemblage de gros cubes de plastique bleu, d\u00e9limitant une vraie piscine d\u2019eau de mer ferm\u00e9e, strictement r\u00e9serv\u00e9e \u00e0 l\u2019apprentissage ou au perfectionnement de la natation, est m\u00eame prot\u00e9g\u00e9 par un filet anti-m\u00e9duses! Ainsi que par des vigiles qui, pour une question de s\u00e9curit\u00e9, en interdisent l\u2019acc\u00e8s soir et week-end et dont la pr\u00e9sence a ramen\u00e9 un peu de s\u00e9r\u00e9nit\u00e9 sur la plage gangren\u00e9e en d\u00e9but d\u2019\u00e9t\u00e9 par les incivilit\u00e9s.<\/p>\n<p>Des le\u00e7ons \u00e0 bas co\u00fbt<\/p>\n<p>              <img ci-src=\"https:\/\/www.varmatin.com\/vie-locale\/protec\/DATA_ART_16077372-1GaEhItV.jpg?vh=f04a35&amp;ci_seal=bdb6aae2e7\" alt=\"\"\/><\/p>\n<p>\u00ab\u00a0Sur la p\u00e9riode du temps scolaire, de mai \u00e0 d\u00e9but juillet, sur 447 enfants des classes de CM2 qui ont b\u00e9n\u00e9fici\u00e9 du programme \u201csavoir nager\u00a0\u00bb que doivent d\u00e9ployer toutes les communes et correspondant \u00e0 la ma\u00eetrise du milieu aquatique, 182 ont r\u00e9ussi le test dans son int\u00e9gralit\u00e9, d\u00e9taille l\u2019adjoint au sport qui se fait sociologue: les enfants des quartiers nord et centre sont les plus touch\u00e9s par le faible taux de r\u00e9ussite. La structure profite aussi \u00e0 des \u00e9coliers mandr\u00e9ens \u00bb.<\/p>\n<p>\u00c0 la rentr\u00e9e de septembre, 260 enfants b\u00e9n\u00e9ficieront encore des cours. En outre, l\u2019\u00e9quipement a aussi permis de d\u00e9livrer 800 \u00ab\u00a0pass nautiques\u00a0\u00bb, n\u00e9cessaires \u00e0 tous les petits Seynois inscrits \u00e0 une activit\u00e9 nautique.<\/p>\n<p>Changement de d\u00e9cor. Durant la saison estivale, du 7 juillet au 29 ao\u00fbt, le bassin a pour vocation d\u2019\u00eatre fr\u00e9quent\u00e9 par tous les enfants. Avec des cours libres le matin (1) \u2013 des s\u00e9ances d\u2019initiation ou de perfectionnement \u2013 dispens\u00e9es aux 6-12 ans par l\u2019un des quatre ma\u00eetres-nageurs sauveteurs, recrut\u00e9s par la commune. Le, tarif de ces sessions est de 40 euros la semaine donnant droit \u00e0 cinq s\u00e9ances de 45 minutes (60 euros pour les non-Seynois). \u00ab\u00a0Les apr\u00e8s-midi sont r\u00e9serv\u00e9es aux enfants de toutes les associations socioculturelles de la Ville qui peuvent profiter d\u2019une baignade ludique et s\u00e9curis\u00e9e, compl\u00e8te Daniel Martinez. Ainsi, en juillet et ao\u00fbt, plus de 2.000 enfants ont profit\u00e9 du bassin. En tout, 3.669 depuis le mois de mai\u00a0\u00bb.<\/p>\n<p>Et les parents sont ravis. \u00c0 l\u2019image de Catalina Gastineau, venue en famille de Versailles, dont les deux enfants, Caroline, 9 ans et R\u00e9mi, 7 ans, sont tous deux inscrits au cours de natation pour la deuxi\u00e8me ann\u00e9e cons\u00e9cutive. Ce mercredi matin, ils suivent la session de perfectionnement de 10 heures. \u00ab\u00a0Ils sont tr\u00e8s contents, indique-t-elle. Le cadre est quasi familial, ils ont retrouv\u00e9 Jean-Baptiste, leur moniteur de l\u2019\u00e9t\u00e9 dernier. Et ce n\u2019est pas cher. A Versailles, il faut compter 30 euros la demi-heure pour tous les deux\u00a0\u00bb. Seul b\u00e9mol, le bassin dont l\u2019utilisation est v\u00e9cue comme une aventure par les plus jeunes, est inutilisable en cas de forte houle.<\/p>\n<p>Complexe Aquasud: discussions de reprise en phase finale\u2026<\/p>\n<p>D\u00e9cri\u00e9 lors de son installation, r\u00e9pondant \u00e0 un enjeu de d\u00e9veloppement durable, le bassin flottant des Sablettes fait finalement ses preuves. Mais il a un co\u00fbt.<\/p>\n<p>\u00ab\u00a0Le prix de l\u2019installation est de 200.000 euros, mais subventionn\u00e9, il n\u2019est revenu qu\u2019\u00e0 80.000 euros \u00e0 la commune\u00a0\u00bb, chiffre Myriam Boceiri, directrice adjointe aux sports. A ce co\u00fbt, Il faut tout de m\u00eame ajouter \u00ab\u00a025.000 euros de frais de mise en service (montage et d\u00e9montage), 75.000 euros annuels de co\u00fbt de fonctionnement et 15.000 euros de frais de gardiennage\u00a0\u00bb.<\/p>\n<p>Des charges de fonctionnement qui devraient \u00eatre gomm\u00e9es avec la reprise par un exploitant du complexe Aquasud ferm\u00e9 \u00e0 l\u2019automne 2022, pour laquelle \u00ab\u00a0apr\u00e8s le lancement d\u2019une d\u00e9l\u00e9gation de service public, nous avan\u00e7ons sur le dossier et sommes en phase finale de discussion avec un potentiel repreneur s\u00e9lectionn\u00e9\u00a0\u00bb, annonce le maire Jo Minniti. Et d\u2019ajouter: \u00ab\u00a0Nous n\u2019avons pas encore r\u00e9fl\u00e9chi \u00e0 l\u2019avenir du bassin flottant apr\u00e8s la r\u00e9ouverture du complexe Aquasud, mais je pense qu\u2019on ne le gardera pas en l\u2019\u00e9tat. Peut-\u00eatre le diviserons-nous en unit\u00e9s plus petites? \u00ab\u00a0<\/p>\n<p>1. Infos et r\u00e9s. poste de secours de St-Elme, de 8h30\u00e0 16h30, tous les jours sauf le week-end ou au 06.80.31.75.92.<\/p>\n","protected":false},"excerpt":{"rendered":"\u00ab\u00a0Cet \u00e9t\u00e9, la France a d\u00e9j\u00e0 \u00e9t\u00e9 endeuill\u00e9e par 193 noyades mortelles (en augmentation depuis 2024) dont 20%&hellip;\n","protected":false},"author":2,"featured_media":320042,"comment_status":"","ping_status":"","sticky":false,"template":"","format":"standard","meta":{"footnotes":""},"categories":[9619],"tags":[1111,11,1777,674,1011,27,12,882,25,2310,3366],"class_list":{"0":"post-320041","1":"post","2":"type-post","3":"status-publish","4":"format-standard","5":"has-post-thumbnail","7":"category-toulon","8":"tag-actu","9":"tag-actualites","10":"tag-eu","11":"tag-europe","12":"tag-fr","13":"tag-france","14":"tag-news","15":"tag-provence-alpes-cote-dazur","16":"tag-republique-francaise","17":"tag-toulon","18":"tag-vie-locale"},"share_on_mastodon":{"url":"https:\/\/pubeurope.com\/@fr\/115030767918181840","error":""},"_links":{"self":[{"href":"https:\/\/www.europesays.com\/fr\/wp-json\/wp\/v2\/posts\/320041","targetHints":{"allow":["GET"]}}],"collection":[{"href":"https:\/\/www.europesays.com\/fr\/wp-json\/wp\/v2\/posts"}],"about":[{"href":"https:\/\/www.europesays.com\/fr\/wp-json\/wp\/v2\/types\/post"}],"author":[{"embeddable":true,"href":"https:\/\/www.europesays.com\/fr\/wp-json\/wp\/v2\/users\/2"}],"replies":[{"embeddable":true,"href":"https:\/\/www.europesays.com\/fr\/wp-json\/wp\/v2\/comments?post=320041"}],"version-history":[{"count":0,"href":"https:\/\/www.europesays.com\/fr\/wp-json\/wp\/v2\/posts\/320041\/revisions"}],"wp:featuredmedia":[{"embeddable":true,"href":"https:\/\/www.europesays.com\/fr\/wp-json\/wp\/v2\/media\/320042"}],"wp:attachment":[{"href":"https:\/\/www.europesays.com\/fr\/wp-json\/wp\/v2\/media?parent=320041"}],"wp:term":[{"taxonomy":"category","embeddable":true,"href":"https:\/\/www.europesays.com\/fr\/wp-json\/wp\/v2\/categories?post=320041"},{"taxonomy":"post_tag","embeddable":true,"href":"https:\/\/www.europesays.com\/fr\/wp-json\/wp\/v2\/tags?post=320041"}],"curies":[{"name":"wp","href":"https:\/\/api.w.org\/{rel}","templated":true}]}}