{"id":320043,"date":"2025-08-15T03:56:22","date_gmt":"2025-08-15T03:56:22","guid":{"rendered":"https:\/\/www.europesays.com\/fr\/320043\/"},"modified":"2025-08-15T03:56:22","modified_gmt":"2025-08-15T03:56:22","slug":"toulon-les-deux-voies-du-tunnel-de-la57-fermees-a-la-circulation-pour-des-fumees-suspectes","status":"publish","type":"post","link":"https:\/\/www.europesays.com\/fr\/320043\/","title":{"rendered":"TOULON : Les deux voies du tunnel de l&rsquo;A57, ferm\u00e9es \u00e0 la circulation pour des fum\u00e9es suspectes"},"content":{"rendered":"<p><strong>Une intervention des sapeurs-pompiers est en cours pour des fum\u00e9es suspectes, depuis\u00a017h44, sur la commune de Toulon, au niveau du tunnel de l\u2019A57.<\/strong><\/p>\n<p>Les sapeurs-pompiers du Var interviennent pour une fum\u00e9e \u00e0 l\u2019int\u00e9rieur du tunnel de Toulon. La ventilation automatique a \u00e9t\u00e9 activ\u00e9e. Apr\u00e8s reconnaissance il s\u2019agissait d\u2019une surchauffe sur un moteur de PL. Celui-ci a repris la route.\u00a0Les deux voies sont pour le moment ferm\u00e9es \u00e0 la circulation mais devraient \u00eatre r\u00e9ouvertes rapidement.<\/p>\n<p><strong>Le dispositif de secours comprend :\u00a0<\/strong><\/p>\n<p>\u27a1\ufe0f 3 engins de lutte contre l\u2019incendie<\/p>\n<p>\u27a1\ufe0f 1 ambulance<\/p>\n<p>\u27a1\ufe0f 2 v\u00e9hicules de commandement<\/p>\n<p><strong>Nombre de sapeurs-pompiers engag\u00e9s sur cette op\u00e9ration :<\/strong> 17<\/p>\n","protected":false},"excerpt":{"rendered":"Une intervention des sapeurs-pompiers est en cours pour des fum\u00e9es suspectes, depuis\u00a017h44, sur la commune de Toulon, au&hellip;\n","protected":false},"author":2,"featured_media":114046,"comment_status":"","ping_status":"","sticky":false,"template":"","format":"standard","meta":{"footnotes":""},"categories":[9619],"tags":[1111,11,1777,674,1011,27,12,882,25,2310],"class_list":{"0":"post-320043","1":"post","2":"type-post","3":"status-publish","4":"format-standard","5":"has-post-thumbnail","7":"category-toulon","8":"tag-actu","9":"tag-actualites","10":"tag-eu","11":"tag-europe","12":"tag-fr","13":"tag-france","14":"tag-news","15":"tag-provence-alpes-cote-dazur","16":"tag-republique-francaise","17":"tag-toulon"},"share_on_mastodon":{"url":"https:\/\/pubeurope.com\/@fr\/115030771901164060","error":""},"_links":{"self":[{"href":"https:\/\/www.europesays.com\/fr\/wp-json\/wp\/v2\/posts\/320043","targetHints":{"allow":["GET"]}}],"collection":[{"href":"https:\/\/www.europesays.com\/fr\/wp-json\/wp\/v2\/posts"}],"about":[{"href":"https:\/\/www.europesays.com\/fr\/wp-json\/wp\/v2\/types\/post"}],"author":[{"embeddable":true,"href":"https:\/\/www.europesays.com\/fr\/wp-json\/wp\/v2\/users\/2"}],"replies":[{"embeddable":true,"href":"https:\/\/www.europesays.com\/fr\/wp-json\/wp\/v2\/comments?post=320043"}],"version-history":[{"count":0,"href":"https:\/\/www.europesays.com\/fr\/wp-json\/wp\/v2\/posts\/320043\/revisions"}],"wp:featuredmedia":[{"embeddable":true,"href":"https:\/\/www.europesays.com\/fr\/wp-json\/wp\/v2\/media\/114046"}],"wp:attachment":[{"href":"https:\/\/www.europesays.com\/fr\/wp-json\/wp\/v2\/media?parent=320043"}],"wp:term":[{"taxonomy":"category","embeddable":true,"href":"https:\/\/www.europesays.com\/fr\/wp-json\/wp\/v2\/categories?post=320043"},{"taxonomy":"post_tag","embeddable":true,"href":"https:\/\/www.europesays.com\/fr\/wp-json\/wp\/v2\/tags?post=320043"}],"curies":[{"name":"wp","href":"https:\/\/api.w.org\/{rel}","templated":true}]}}