{"id":320046,"date":"2025-08-15T03:58:32","date_gmt":"2025-08-15T03:58:32","guid":{"rendered":"https:\/\/www.europesays.com\/fr\/320046\/"},"modified":"2025-08-15T03:58:32","modified_gmt":"2025-08-15T03:58:32","slug":"lassistante-decole-maternelle-soupconnee-de-viols-remise-en-liberte-sous-controle-judiciaire-2","status":"publish","type":"post","link":"https:\/\/www.europesays.com\/fr\/320046\/","title":{"rendered":"L\u2019assistante d\u2019\u00e9cole maternelle soup\u00e7onn\u00e9e de viols remise en libert\u00e9 sous contr\u00f4le judiciaire"},"content":{"rendered":"<p><strong>P\u00e9docriminalit\u00e9 &#8211; La cour d\u2019appel de Montpellier a ordonn\u00e9 la remise en libert\u00e9 sous contr\u00f4le judiciaire d\u2019une Atsem, soup\u00e7onn\u00e9e de viols et agressions sexuelles sur neuf enfants de trois \u00e0 quatre ans<\/strong><\/p>\n<p>La cour d\u2019appel de <a href=\"https:\/\/www.20minutes.fr\/montpellier\/?at_medium=RSS%20feed&amp;at_campaign=ynews&amp;utm_source=yahoo&amp;utm_medium=rss&amp;utm_campaign=news_feed&amp;utm_content=in_article_link\" rel=\"nofollow noopener\" target=\"_blank\" data-ylk=\"slk:Montpellier;elm:context_link;itc:0;sec:content-canvas\" class=\"link \">Montpellier <\/a>a ordonn\u00e9, ce jeudi, la remise en libert\u00e9 sous contr\u00f4le judiciaire d\u2019une assistante d\u2019\u00e9cole maternelle soup\u00e7onn\u00e9e de viols et agressions sexuelles sur neuf enfants de trois \u00e0 quatre ans, a indiqu\u00e9 un avocat des parties civiles.<\/p>\n<p>Parmi les obligations de ce contr\u00f4le judiciaire figurent \u00ab\u00a0notamment celles de ne pas \u00eatre en contact avec les enfants et de ne plus r\u00e9sider dans l\u2019H\u00e9rault\u00a0\u00bb, a d\u00e9clar\u00e9 Marc Gallix, \u00e0 l\u2019issue d\u2019une courte audience \u00e0 huis clos.<\/p>\n<p>\u00ab\u00a0Je ne comprends pas pourquoi les enfants mentent\u00a0\u00bb<\/p>\n<p>Cette femme de 59 ans travaillait depuis octobre\u00a02024 comme agent territorial d\u2019une \u00e9cole maternelle (Atsem) de Vic-la-Gardiole (<a href=\"https:\/\/www.20minutes.fr\/societe\/herault\/?at_medium=RSS%20feed&amp;at_campaign=ynews&amp;utm_source=yahoo&amp;utm_medium=rss&amp;utm_campaign=news_feed&amp;utm_content=in_article_link\" rel=\"nofollow noopener\" target=\"_blank\" data-ylk=\"slk:H\u00e9rault;elm:context_link;itc:0;sec:content-canvas\" class=\"link \">H\u00e9rault<\/a>), pr\u00e8s de <a href=\"https:\/\/www.20minutes.fr\/dossier\/sete?at_medium=RSS%20feed&amp;at_campaign=ynews&amp;utm_source=yahoo&amp;utm_medium=rss&amp;utm_campaign=news_feed&amp;utm_content=in_article_link\" rel=\"nofollow noopener\" target=\"_blank\" data-ylk=\"slk:S\u00e8te;elm:context_link;itc:0;sec:content-canvas\" class=\"link \">S\u00e8te<\/a>. Evoquant un complot, elle avait demand\u00e9 sa remise en libert\u00e9, mardi, deux semaines apr\u00e8s avoir \u00e9t\u00e9 mise en examen et plac\u00e9e en d\u00e9tention provisoire le 29\u00a0juillet \u00e0 la prison de <a href=\"https:\/\/www.20minutes.fr\/dossier\/nimes?at_medium=RSS%20feed&amp;at_campaign=ynews&amp;utm_source=yahoo&amp;utm_medium=rss&amp;utm_campaign=news_feed&amp;utm_content=in_article_link\" rel=\"nofollow noopener\" target=\"_blank\" data-ylk=\"slk:N\u00eemes;elm:context_link;itc:0;sec:content-canvas\" class=\"link \">N\u00eemes <\/a>(<a href=\"https:\/\/www.20minutes.fr\/societe\/gard\/?at_medium=RSS%20feed&amp;at_campaign=ynews&amp;utm_source=yahoo&amp;utm_medium=rss&amp;utm_campaign=news_feed&amp;utm_content=in_article_link\" rel=\"nofollow noopener\" target=\"_blank\" data-ylk=\"slk:Gard;elm:context_link;itc:0;sec:content-canvas\" class=\"link \">Gard<\/a>).<\/p>\n<p>Devant les juges comme lors de ses auditions par les gendarmes, elle avait ni\u00e9 les faits qui lui sont reproch\u00e9s. \u00ab\u00a0Je clame mon innocence, je ne comprends toujours pas pourquoi les enfants mentent, pourquoi les coll\u00e8gues mentent\u00a0\u00bb, s\u2019\u00e9tait-elle d\u00e9fendue, selon le PV des auditions, dont <a href=\"https:\/\/www.midilibre.fr\/2025\/08\/13\/info-midi-libre-viols-a-lecole-de-vic-la-gardiole-pourquoi-les-enfants-mentent-ce-que-latsem-a-dit-aux-enqueteurs-12874167.php?at_medium=RSS%20feed&amp;at_campaign=ynews&amp;utm_source=yahoo&amp;utm_medium=rss&amp;utm_campaign=news_feed&amp;utm_content=in_article_link\" rel=\"nofollow noopener\" target=\"_blank\" data-ylk=\"slk:Midi Libre;elm:context_link;itc:0;sec:content-canvas\" class=\"link \">Midi Libre<\/a> avait pu lire un extrait.<\/p>\n<p>Elle y d\u00e9non\u00e7ait aussi ses conditions de d\u00e9tention entre \u00ab\u00a0les menaces de mort et les insultes jour et nuit\u00a0\u00bb et ses probl\u00e8mes de sant\u00e9 accentu\u00e9s par les fortes chaleurs et la surpopulation carc\u00e9rale.<\/p>\n<p><a href=\"https:\/\/www.20minutes.fr\/dossier\/pedophilie\" rel=\"nofollow noopener\" target=\"_blank\" data-ylk=\"slk:Notre dossier sur la p\u00e9docriminalit\u00e9;elm:context_link;itc:0;sec:content-canvas\" class=\"link \">Notre dossier sur la p\u00e9docriminalit\u00e9<\/a><\/p>\n<p>Comme explication \u00e0 ces accusations, elle \u00e9voque son mode de vie, en dehors de l\u2019\u00e9cole. (&#8230;)<\/p>\n<p><a href=\"https:\/\/www.20minutes.fr\/justice\/4168023-20250814-montpellier-assistante-ecole-maternelle-soupconnee-viols-remise-liberte-sous-controle-judiciaire?at_medium=RSS%20feed&amp;at_campaign=ynews&amp;utm_source=yahoo&amp;utm_medium=rss&amp;utm_campaign=news_feed&amp;utm_content=read_more_link&quot;\" rel=\"nofollow noopener\" target=\"_blank\" data-ylk=\"slk:Lire la suite sur 20minutes;elm:context_link;itc:0;sec:content-canvas\" class=\"link \">Lire la suite sur 20minutes<\/a><\/p>\n<p>\u00c0 lire aussi :<br \/><a href=\"https:\/\/www.20minutes.fr\/societe\/4166093-20250731-herault-assistante-ecole-maternelle-ecrouee-violences-sexuelles-neuf-enfants?at_medium=RSS%20feed&amp;at_campaign=ynews&amp;utm_source=yahoo&amp;utm_medium=rss&amp;utm_campaign=news_feed&amp;utm_content=related_content_link\" rel=\"nofollow noopener\" target=\"_blank\" data-ylk=\"slk:H\u00e9rault\u00a0: Une assistante d\u2019\u00e9cole maternelle \u00e9crou\u00e9e pour des violences sexuelles sur neuf enfants;elm:context_link;itc:0;sec:content-canvas\" class=\"link \">H\u00e9rault\u00a0: Une assistante d\u2019\u00e9cole maternelle \u00e9crou\u00e9e pour des violences sexuelles sur neuf enfants<\/a><br \/><a href=\"https:\/\/www.20minutes.fr\/societe\/4166265-20250801-herault-59-ans-libertine-fetarde-sait-atsem-soupconnee-viols-eleves-maternelle?at_medium=RSS%20feed&amp;at_campaign=ynews&amp;utm_source=yahoo&amp;utm_medium=rss&amp;utm_campaign=news_feed&amp;utm_content=related_content_link\" rel=\"nofollow noopener\" target=\"_blank\" data-ylk=\"slk:H\u00e9rault\u00a0: 59 ans, libertine, f\u00eatarde\u2026 Que sait-on sur l\u2019atsem soup\u00e7onn\u00e9e de viols sur des \u00e9l\u00e8ves de maternelle\u00a0?;elm:context_link;itc:0;sec:content-canvas\" class=\"link \">H\u00e9rault\u00a0: 59 ans, libertine, f\u00eatarde\u2026 Que sait-on sur l\u2019atsem soup\u00e7onn\u00e9e de viols sur des \u00e9l\u00e8ves de maternelle\u00a0?<\/a><\/p>\n","protected":false},"excerpt":{"rendered":"P\u00e9docriminalit\u00e9 &#8211; La cour d\u2019appel de Montpellier a ordonn\u00e9 la remise en libert\u00e9 sous contr\u00f4le judiciaire d\u2019une Atsem,&hellip;\n","protected":false},"author":2,"featured_media":320047,"comment_status":"","ping_status":"","sticky":false,"template":"","format":"standard","meta":{"footnotes":""},"categories":[9599],"tags":[1111,11,1401,32459,20389,6688,1777,674,1011,27,2208,12,2680,25,14122],"class_list":{"0":"post-320046","1":"post","2":"type-post","3":"status-publish","4":"format-standard","5":"has-post-thumbnail","7":"category-montpellier","8":"tag-actu","9":"tag-actualites","10":"tag-agressions-sexuelles","11":"tag-conditions-de-detention","12":"tag-controle-judiciaire","13":"tag-ecole-maternelle","14":"tag-eu","15":"tag-europe","16":"tag-fr","17":"tag-france","18":"tag-montpellier","19":"tag-news","20":"tag-occitanie","21":"tag-republique-francaise","22":"tag-viols"},"share_on_mastodon":{"url":"https:\/\/pubeurope.com\/@fr\/115030779700683488","error":""},"_links":{"self":[{"href":"https:\/\/www.europesays.com\/fr\/wp-json\/wp\/v2\/posts\/320046","targetHints":{"allow":["GET"]}}],"collection":[{"href":"https:\/\/www.europesays.com\/fr\/wp-json\/wp\/v2\/posts"}],"about":[{"href":"https:\/\/www.europesays.com\/fr\/wp-json\/wp\/v2\/types\/post"}],"author":[{"embeddable":true,"href":"https:\/\/www.europesays.com\/fr\/wp-json\/wp\/v2\/users\/2"}],"replies":[{"embeddable":true,"href":"https:\/\/www.europesays.com\/fr\/wp-json\/wp\/v2\/comments?post=320046"}],"version-history":[{"count":0,"href":"https:\/\/www.europesays.com\/fr\/wp-json\/wp\/v2\/posts\/320046\/revisions"}],"wp:featuredmedia":[{"embeddable":true,"href":"https:\/\/www.europesays.com\/fr\/wp-json\/wp\/v2\/media\/320047"}],"wp:attachment":[{"href":"https:\/\/www.europesays.com\/fr\/wp-json\/wp\/v2\/media?parent=320046"}],"wp:term":[{"taxonomy":"category","embeddable":true,"href":"https:\/\/www.europesays.com\/fr\/wp-json\/wp\/v2\/categories?post=320046"},{"taxonomy":"post_tag","embeddable":true,"href":"https:\/\/www.europesays.com\/fr\/wp-json\/wp\/v2\/tags?post=320046"}],"curies":[{"name":"wp","href":"https:\/\/api.w.org\/{rel}","templated":true}]}}