{"id":320048,"date":"2025-08-15T04:07:48","date_gmt":"2025-08-15T04:07:48","guid":{"rendered":"https:\/\/www.europesays.com\/fr\/320048\/"},"modified":"2025-08-15T04:07:48","modified_gmt":"2025-08-15T04:07:48","slug":"la-municipalite-veut-supprimer-un-ghetto-de-riches","status":"publish","type":"post","link":"https:\/\/www.europesays.com\/fr\/320048\/","title":{"rendered":"LA MUNICIPALIT\u00c9 VEUT SUPPRIMER UN \u00ab\u00a0GHETTO DE RICHES\u00a0\u00bb ?"},"content":{"rendered":"<p>Posted On 15 ao\u00fbt 2025 <\/p>\n<p style=\"text-align: justify;\">La semaine derni\u00e8re, Sandra Krief (Parti Animaliste), adjointe au Maire de la majorit\u00e9 Verts\/LFI en charge de la condition animale, organisait <a target=\"_blank\" href=\"https:\/\/c.ledauphine.com\/societe\/2025\/08\/10\/une-manifestation-pour-denoncer-l-industrie-de-la-fourrure\" rel=\"noopener\">une manifestation devant les Galeries Lafayette<\/a> \u00e0 Grenoble pour d\u00e9noncer la vente de fourrure. La r\u00e9ponse cisel\u00e9e du directeur des Galeries cette semaine la ridiculise et remet la lumi\u00e8re sur la politique anti-commerce de la municipalit\u00e9.\u00a0<\/p>\n<p>SANDRA KRIEF (ANIMALISTE) R\u00c9CLAME DE CESSER LA VENTE DE FOURRURE<\/p>\n<p style=\"text-align: justify;\">Interrog\u00e9e par le Dauphin\u00e9 Lib\u00e9r\u00e9, Sandra Krief se voulait martiale : \u00ab\u00a0il faut maintenant que les Galeries Lafayette s\u2019engagent \u00e0 ne pas vendre de fourrure d\u2019origine animale\u00a0\u00bb. Elle \u00e9tait entour\u00e9e de militants brandissant des pancartes \u00ab\u00a0Galeries Lafayette vend de la cruaut\u00e9\u00a0\u00bb, \u00ab\u00a0bannissez la fourrure de vos magasins\u00a0\u00bb, \u00ab\u00a0mode irresponsable\u00a0\u00bb&#8230; et avait pu b\u00e9n\u00e9ficier de la complaisance du correspondant du Dauphin\u00e9 Serge Mass\u00e9 et de ses articles toujours pan\u00e9gyriques.\u00a0<\/p>\n<p><a href=\"https:\/\/i2.wp.com\/grenoble-le-changement.fr\/wp-content\/uploads\/2025\/08\/galeries-lafayette-grenoble.png?ssl=1\" rel=\"lightbox[83975] noopener\" target=\"_blank\"><img loading=\"lazy\" decoding=\"async\" class=\"wp-image-84010 aligncenter jetpack-lazy-image\" src=\"https:\/\/i2.wp.com\/grenoble-le-changement.fr\/wp-content\/uploads\/2025\/08\/galeries-lafayette-grenoble.png?resize=472%2C627&amp;ssl=1\" alt=\"\" width=\"472\" height=\"627\" data-recalc-dims=\"1\" data-lazy-src=\"https:\/\/www.europesays.com\/fr\/wp-content\/uploads\/2025\/08\/galeries-lafayette-grenoble.png\" \/><\/a><\/p>\n<p>UNE ADJOINTE AU MAIRE QUI MENACE DES COMMER\u00c7ANTS&#8230;<\/p>\n<p style=\"text-align: justify;\">Avec cette intrusion, les cadres de l\u2019entreprise ont d\u00e9j\u00e0 d\u00fb intervenir seuls avec les agents pour lib\u00e9rer les issues de secours d\u2019un b\u00e2timent avec plus de 400 personnes pr\u00e9sentes au moment des faits. Mais l&rsquo;adjointe de la majorit\u00e9 Verts\/LFI ne s&rsquo;arr\u00eate pas l\u00e0 et se fait mena\u00e7ante, puisque le directeur des Galeries, C\u00e9dric Moulart, r\u00e9v\u00e8le qu&rsquo;elle lui a demand\u00e9 par \u00e9crit \u00e0 n&rsquo;avoir aucun produit animal \u00ab\u00a0sans quoi elle reviendrait avec un collectif plus important\u00a0\u00bb.\u00a0<\/p>\n<p>&#8230; ET FAIT CE QU&rsquo;ILS VEULENT INTERDIRE AUX GRENOBLOIS<\/p>\n<p style=\"text-align: justify;\">On a donc une \u00e9lue en fonction qui s&rsquo;attaque \u00e0 des commer\u00e7ants en les mena\u00e7ant de venir en nombre pour les contraindre. Rappelons que les m\u00eames pleurent \u00e0 chaude larme sur la \u00ab\u00a0trumpisation\u00a0\u00bb et <a href=\"https:\/\/grenoble-le-changement.fr\/2025\/06\/28\/le-retour-des-methodes-immondes-pour-disqualifier-les-critiques-des-verts-lfi\/\" target=\"_blank\" rel=\"noopener\">hurlent \u00e0 la violence lorsque des Grenoblois manifestent<\/a> pacifiquement devant le conseil municipal. Ce qui est interdit \u00e0 l&rsquo;h\u00f4tel de ville est donc permis aux Galeries Lafayette ? Le directeur aurait port\u00e9 plainte pour cette intrusion, chantage et menaces.<\/p>\n<p><a href=\"https:\/\/i0.wp.com\/grenoble-le-changement.fr\/wp-content\/uploads\/2025\/05\/manif-hotel-de-ville-collectifs.png?ssl=1\" rel=\"lightbox[83975] noopener\" target=\"_blank\"><img loading=\"lazy\" decoding=\"async\" class=\" wp-image-82075 jetpack-lazy-image\" src=\"https:\/\/i0.wp.com\/grenoble-le-changement.fr\/wp-content\/uploads\/2025\/05\/manif-hotel-de-ville-collectifs.png?resize=558%2C322&amp;ssl=1\" alt=\"\" width=\"558\" height=\"322\" data-recalc-dims=\"1\" data-lazy-src=\"https:\/\/www.europesays.com\/fr\/wp-content\/uploads\/2025\/08\/manif-hotel-de-ville-collectifs.png\" \/><\/a>Manifestation pacifique de commer\u00e7ants-habitants devant le conseil municipal : les Verts\/LFI y voient une \u00ab\u00a0trumpisation\u00a0\u00bb, mais eux-m\u00eames s&rsquo;autorisent \u00e0 menacer et faire du chantage \u00e0 un commerce avec une \u00e9quipe d&rsquo;activiste sans probl\u00e8me.<br \/>\nLES GALERIES NE VENDENT PLUS DE FOURRURE DEPUIS 10 ANS !<\/p>\n<p style=\"text-align: justify;\">En plus de ses m\u00e9thodes d&rsquo;activiste plus que questionnables, l&rsquo;adjointe se couvre de ridicule puisque, <a target=\"_blank\" href=\"https:\/\/c.ledauphine.com\/economie\/2025\/08\/13\/isere-grenoble-il-est-temps-que-grenoble-soutienne-ses-commercants-le-coup-de-gueule-du-directeur-des-galeries-lafayette\" rel=\"noopener\">comme le rappelle le directeur<\/a>, les Galeries ne vendent plus de fourrure&#8230; depuis plus de dix ans ! Soit Sandra Krief et les militants sont ignorants et omettent de se renseigner, obnubil\u00e9s par leur qu\u00eate de buzz, soit ils ont organis\u00e9 cette action coup de poing en connaissance de cause et sont donc d&rsquo;ex\u00e9crables manipulateurs.\u00a0<\/p>\n<p>SANDRA KRIEF A FAIT DU RAT UNE ESP\u00c8CE QUASI PROT\u00c9G\u00c9E \u00c0 GRENOBLE<\/p>\n<p style=\"text-align: justify;\">\u00ab\u00a0Je ne connais quand m\u00eame pas beaucoup de villes o\u00f9 la propre majorit\u00e9 municipale vient bloquer ses magasins !\u00a0\u00bb livre le directeur des Galeries. C&rsquo;est Grenoble : il faut rappeler que le pr\u00e9c\u00e9dent fait d&rsquo;arme de Sandra Krief a consist\u00e9 \u00e0 porter <a href=\"https:\/\/grenoble-le-changement.fr\/2022\/07\/19\/rats-lacademie-de-medecine-recadre-piolle\/\" target=\"_blank\" rel=\"noopener\">une d\u00e9lib\u00e9ration en conseil municipal pour faire du rat (du \u00ab\u00a0surmulot\u00a0\u00bb..) une esp\u00e8ce quasi prot\u00e9g\u00e9e<\/a>. Pour l&rsquo;animaliste, il s&rsquo;agit de ne surtout pas lutter contre la prolif\u00e9ration, et de culpabiliser les Grenoblois qui s&rsquo;en \u00e9meuvent, en balayant les alertes de l&rsquo;acad\u00e9mie de m\u00e9decine sur les probl\u00e8mes d&rsquo;hygi\u00e8ne qu&rsquo;engendrent ces nuisibles. L&rsquo;irresponsabilit\u00e9 incarn\u00e9e.\u00a0<\/p>\n<p><a href=\"https:\/\/i1.wp.com\/grenoble-le-changement.fr\/wp-content\/uploads\/2021\/10\/compter-et-trouver-les-rats-.jpg?ssl=1\" rel=\"lightbox[83975] noopener\" target=\"_blank\"><img loading=\"lazy\" decoding=\"async\" class=\" wp-image-50064 jetpack-lazy-image\" src=\"https:\/\/i1.wp.com\/grenoble-le-changement.fr\/wp-content\/uploads\/2021\/10\/compter-et-trouver-les-rats-.jpg?resize=516%2C593&amp;ssl=1\" alt=\"\" width=\"516\" height=\"593\" data-recalc-dims=\"1\" data-lazy-src=\"https:\/\/www.europesays.com\/fr\/wp-content\/uploads\/2025\/08\/compter-et-trouver-les-rats-.jpg\" \/><\/a>\u00ab\u00a0Pas dangereux\u00a0\u00bb et \u00ab\u00a0ne v\u00e9hiculent pas de maladies\u00a0\u00bb : la municipalit\u00e9 en flagrant d\u00e9lit de fake news. L&rsquo;acad\u00e9mie de m\u00e9decine avait affirm\u00e9 un peu plus tard qu'\u00a0\u00bbil importe de rappeler que le rat reste une menace pour la sant\u00e9 humaine\u00a0\u00bb.<br \/>\nPIOLLE REFUSE DE RECEVOIR LE DIRECTEUR DES GALERIES<\/p>\n<p style=\"text-align: justify;\"><a target=\"_blank\" href=\"https:\/\/c.ledauphine.com\/economie\/2025\/08\/13\/isere-grenoble-il-est-temps-que-grenoble-soutienne-ses-commercants-le-coup-de-gueule-du-directeur-des-galeries-lafayette\" rel=\"noopener\">Interrog\u00e9 par le Dauphin\u00e9<\/a>, C\u00e9dric Moulart livre une charge sans concession \u00e0 l&rsquo;\u00e9gard de la municipalit\u00e9 Verts\/LFI. Il explique ainsi avoir sollicit\u00e9 \u00e0 de multiples reprises une rencontre avec le Maire. Sans jamais obtenir aucune r\u00e9ponse de sa part ou de la part de son \u00e9quipe. Il est vrai que le devenir d&rsquo;une institution commerciale aussi forte pour la ville n&rsquo;a aucun int\u00e9r\u00eat pour Piolle, qui voit sans doute l\u00e0 un symbole du <a href=\"https:\/\/grenoble-le-changement.fr\/2025\/08\/10\/villeneuve-lenfer-du-decor-qui-contredit-piolle\/\" target=\"_blank\" rel=\"noopener\">\u00ab\u00a0ghetto de riches\u00a0\u00bb qu&rsquo;il fantasme<\/a>.\u00a0<\/p>\n<p>\u00ab\u00a0LA MAIRIE A ABANDONN\u00c9 SES COMMER\u00c7ANTS\u00a0\u00bb<\/p>\n<p style=\"text-align: justify;\">Plus globalement, le directeur fustige la politique municipale vis-\u00e0-vis des commer\u00e7ants. Et il se veut tr\u00e8s clair : \u00ab\u00a0cette action vient confirmer un triste constat : la mairie a abandonn\u00e9 ses commer\u00e7ants\u00a0\u00bb, soulignant \u00e9galement que le centre-ville est \u00ab\u00a0en grande souffrance\u00a0\u00bb. Une sortie qui vient s&rsquo;ajouter \u00e0 la longue liste d&rsquo;<a href=\"https:\/\/grenoble-le-changement.fr\/2025\/04\/25\/commerce-tous-les-temoignages-confirment-quil-faut-changer-de-politique-a-grenoble\/\" target=\"_blank\" rel=\"noopener\">alertes formul\u00e9es par les commer\u00e7ants de tous les secteurs de la ville<\/a>, mais inaudibles pour une majorit\u00e9 municipale born\u00e9e.<\/p>\n<p><a href=\"https:\/\/i1.wp.com\/grenoble-le-changement.fr\/wp-content\/uploads\/2025\/08\/galeries-lafayette-grenoble-mag.png?ssl=1\" rel=\"lightbox[83975] noopener\" target=\"_blank\"><img loading=\"lazy\" decoding=\"async\" class=\" wp-image-83995 jetpack-lazy-image\" src=\"https:\/\/i1.wp.com\/grenoble-le-changement.fr\/wp-content\/uploads\/2025\/08\/galeries-lafayette-grenoble-mag.png?resize=678%2C414&amp;ssl=1\" alt=\"\" width=\"678\" height=\"414\" data-recalc-dims=\"1\" data-lazy-src=\"https:\/\/www.europesays.com\/fr\/wp-content\/uploads\/2025\/08\/galeries-lafayette-grenoble-mag.png\" \/><\/a><a target=\"_blank\" href=\"https:\/\/www.grenoblemag.com\/article\/2007\/la-mairie-a-abandonne-ses-commercants-le-directeur-des-galeries-lafayette-de-grenoble-furieux\" rel=\"noopener\">L&rsquo;article de Grenoble Mag<\/a><br \/>\nDES B\u00c2TONS DANS LES ROUES POUR EMP\u00caCHER LA R\u00c9NOVATION DE LA FACADE<\/p>\n<p style=\"text-align: justify;\">Les Galeries se heurtent \u00e0 une municipalit\u00e9 born\u00e9e, qui fait tout pour leur mettre des b\u00e2tons dans les roues. Ainsi elles portent un ambitieux projet de r\u00e9novation de la facade&#8230; mais la ville ne veut leur autoriser qu&rsquo;une restauration \u00e0 l&rsquo;identique (ce qui est impossible car il faudrait supprimer un \u00e9tage suppl\u00e9mentaire ajout\u00e9 avec le temps) ou une v\u00e9g\u00e9talisation totale de la fa\u00e7ade, ce qu&rsquo;on ne voit nul part \u00e0 Grenoble par ailleurs. \u00ab\u00a0On n\u2019est pas loin du dogme\u00a0\u00bb l\u00e2che le directeur.\u00a0<\/p>\n<p>LES VERTS\/LFI VEULENT-ILS POUSSER LES GALERIES \u00c0 PARTIR ?<\/p>\n<p style=\"text-align: justify;\">On commence s\u00e9rieusement \u00e0 se demander ce que les Verts\/LFI ont derri\u00e8re la t\u00eate, \u00e0 menacer et mettre ainsi des b\u00e2tons dans les roues \u00e0 ce qui est aujourd&rsquo;hui la derni\u00e8re grande locomotive commerciale du centre-ville. L&rsquo;objectif de ces \u00e9lus rong\u00e9s par le dogmatisme est-il de mettre \u00e0 terre ce qu&rsquo;ils imaginent <a href=\"https:\/\/grenoble-le-changement.fr\/2025\/08\/01\/contre-les-ghettos-de-riches-piolle-a-cree-une-ville-ghetto-de-pauvres\/\" target=\"_blank\" rel=\"noopener\">comme un ghetto de riches<\/a> ? Mais que se passerait-il si les Galeries partaient \u00e0 leur tour si ce n&rsquo;est acc\u00e9l\u00e9rer la d\u00e9sh\u00e9rence commerciale, la paup\u00e9risation, et avec elle rendre la ville encore moins agr\u00e9able \u00e0 vivre ?<\/p>\n<p>LE COMMERCE COMME VECTEUR DE QUALIT\u00c9 DE VIE<\/p>\n<p style=\"text-align: justify;\">En conclusion de son entretien au Dauphin\u00e9, C\u00e9dric Moulart appelle \u00e0 ce que \u00ab\u00a0Grenoble redevienne une ville o\u00f9 le commerce est consid\u00e9r\u00e9 comme un partenaire et non comme un probl\u00e8me\u00a0\u00bb. La base de ce que devrait \u00eatre une politique municipale et de ce que le sectarisme Verts\/LFI ne parvient pas \u00e0 int\u00e9grer.<\/p>\n<p style=\"text-align: justify;\">Il se veut tr\u00e8s clair, \u00e9voquant sans d\u00e9tour les \u00e9lections municipales, appelant \u00ab\u00a0tous ceux qui croient \u00e0 un centre ville vivant, s\u00fbr et attractif \u00e0 soutenir une vision constructive et ambitieuse\u00a0\u00bb. La base du projet d&rsquo;<a href=\"https:\/\/grenoble-le-changement.fr\/2025\/06\/06\/alain-carignon-candidat-aux-municipales-a-grenoble\/\" target=\"_blank\" rel=\"noopener\">Alain Carignon et de son \u00e9quipe<\/a>, parce que le commerce n&rsquo;est pas seulement une activit\u00e9 \u00e9conomique qui fait vivre des personnes, c&rsquo;est aussi la qualit\u00e9 de vie d&rsquo;une ville avec des services et une occupation positive de l&rsquo;espace public.\u00a0<\/p>\n","protected":false},"excerpt":{"rendered":"Posted On 15 ao\u00fbt 2025 La semaine derni\u00e8re, Sandra Krief (Parti Animaliste), adjointe au Maire de la majorit\u00e9&hellip;\n","protected":false},"author":2,"featured_media":320049,"comment_status":"","ping_status":"","sticky":false,"template":"","format":"standard","meta":{"footnotes":""},"categories":[9566],"tags":[1111,11,9601,2430,14406,9607,1777,674,1011,27,2731,12,25,45805,42508],"class_list":{"0":"post-320048","1":"post","2":"type-post","3":"status-publish","4":"format-standard","5":"has-post-thumbnail","7":"category-grenoble","8":"tag-actu","9":"tag-actualites","10":"tag-alain-carignon","11":"tag-auvergne-rhone-alpes","12":"tag-cedric-moulart","13":"tag-eric-piolle","14":"tag-eu","15":"tag-europe","16":"tag-fr","17":"tag-france","18":"tag-grenoble","19":"tag-news","20":"tag-republique-francaise","21":"tag-sandra-krief","22":"tag-serge-masse"},"share_on_mastodon":{"url":"https:\/\/pubeurope.com\/@fr\/115030819984781448","error":""},"_links":{"self":[{"href":"https:\/\/www.europesays.com\/fr\/wp-json\/wp\/v2\/posts\/320048","targetHints":{"allow":["GET"]}}],"collection":[{"href":"https:\/\/www.europesays.com\/fr\/wp-json\/wp\/v2\/posts"}],"about":[{"href":"https:\/\/www.europesays.com\/fr\/wp-json\/wp\/v2\/types\/post"}],"author":[{"embeddable":true,"href":"https:\/\/www.europesays.com\/fr\/wp-json\/wp\/v2\/users\/2"}],"replies":[{"embeddable":true,"href":"https:\/\/www.europesays.com\/fr\/wp-json\/wp\/v2\/comments?post=320048"}],"version-history":[{"count":0,"href":"https:\/\/www.europesays.com\/fr\/wp-json\/wp\/v2\/posts\/320048\/revisions"}],"wp:featuredmedia":[{"embeddable":true,"href":"https:\/\/www.europesays.com\/fr\/wp-json\/wp\/v2\/media\/320049"}],"wp:attachment":[{"href":"https:\/\/www.europesays.com\/fr\/wp-json\/wp\/v2\/media?parent=320048"}],"wp:term":[{"taxonomy":"category","embeddable":true,"href":"https:\/\/www.europesays.com\/fr\/wp-json\/wp\/v2\/categories?post=320048"},{"taxonomy":"post_tag","embeddable":true,"href":"https:\/\/www.europesays.com\/fr\/wp-json\/wp\/v2\/tags?post=320048"}],"curies":[{"name":"wp","href":"https:\/\/api.w.org\/{rel}","templated":true}]}}