{"id":320050,"date":"2025-08-15T04:11:12","date_gmt":"2025-08-15T04:11:12","guid":{"rendered":"https:\/\/www.europesays.com\/fr\/320050\/"},"modified":"2025-08-15T04:11:12","modified_gmt":"2025-08-15T04:11:12","slug":"a-quelle-heure-et-sur-quelle-chaine-suivre-le-premier-match-de-ligue-1-de-la-saison","status":"publish","type":"post","link":"https:\/\/www.europesays.com\/fr\/320050\/","title":{"rendered":"\u00e0 quelle heure et sur quelle cha\u00eene suivre le premier match de Ligue 1 de la saison?"},"content":{"rendered":"<p>La Ligue 1 reprend ses droits ce vendredi 15 ao\u00fbt, avec un match entre Rennes et l&rsquo;OM pour lancer l&rsquo;exercice 2025-2026. Voici \u00e0 quelle heure et sur quelle cha\u00eene suivre le match entre les Rennais et les Marseillais.<\/p>\n<p>C&rsquo;est reparti pour la Ligue 1! Apr\u00e8s le <a href=\"https:\/\/rmcsport.bfmtv.com\/football\/national\/national-calendrier-equipes-favoris-horaires-diffusion-tv-tout-ce-que-vous-devez-savoir-avant-la-premiere-journee-2025-2026_AN-202508080023.html\" title=\"National: calendrier, \u00e9quipes, favoris, horaires, diffusion TV\u2026 tout ce que vous devez savoir avant la premi\u00e8re journ\u00e9e 2025-2026\" class=\"internal_link\" rel=\"nofollow noopener\" target=\"_blank\">National<\/a> et la <a href=\"https:\/\/rmcsport.bfmtv.com\/football\/ligue-2\/ligue-2-calendrier-equipes-favoris-horaires-diffusion-tv-ce-que-vous-devez-savoir-avant-les-premiers-matchs-de-la-saison-2025-2026_AV-202508090024.html\" title=\"Ligue 2: calendrier, \u00e9quipes, favoris, horaires, diffusion TV... ce que vous devez savoir avant les premiers matchs de la saison 2025-2026\" class=\"internal_link\" rel=\"nofollow noopener\" target=\"_blank\">Ligue 2<\/a> il y a une semaine, place au coup d&rsquo;envoi du championnat de France de premi\u00e8re division ce vendredi \u00e0 20h45. Les Rennais, douzi\u00e8mes du dernier exercice, accueillent les Marseillais, qui s&rsquo;\u00e9taient hiss\u00e9s sur la deuxi\u00e8me marche du podium derri\u00e8re le PSG.<\/p>\n<p>Ce match sera arbitr\u00e9 par <a href=\"https:\/\/rmcsport.bfmtv.com\/football\/ligue-1\/rennes-om-on-connait-le-premier-arbitre-de-la-saison-de-ligue-1_AV-202508130300.html\" title=\"Rennes-OM: on conna\u00eet le premier arbitre de la saison de Ligue 1\" class=\"internal_link\" rel=\"nofollow noopener\" target=\"_blank\">J\u00e9r\u00e9my Pignard<\/a>&#8230; qui avait d\u00e9j\u00e0 \u00e9t\u00e9 au sifflet pour cette affiche lors de la derni\u00e8re journ\u00e9e la saison pass\u00e9e. Les Marseillais s&rsquo;\u00e9taient alors impos\u00e9s assez largement (4-2).<\/p>\n<p>Pour la rencontre de ce vendredi, les autorit\u00e9s ont autoris\u00e9 1.250 supporters marseillais \u00e0 organiser <a href=\"https:\/\/rmcsport.bfmtv.com\/football\/ligue-1\/rennes-om-les-supporters-marseillais-autorises-a-se-deplacer-en-nombre-pour-la-reprise-de-la-ligue-1_AV-202508090148.html\" title=\"Rennes-OM: les supporters marseillais autoris\u00e9s \u00e0 se d\u00e9placer en nombre pour la reprise de la Ligue 1\" class=\"internal_link\" rel=\"nofollow noopener\" target=\"_blank\">le d\u00e9placement<\/a> jusqu&rsquo;\u00e0 Rennes. Les joueurs de Roberto De Zerbi ont termin\u00e9 l&rsquo;intersaison invaincus, avec trois victoires et trois matchs nuls. Le technicien italien s&rsquo;est d&rsquo;ailleurs <a href=\"https:\/\/rmcsport.bfmtv.com\/football\/clubs\/olympique-marseille\/om-pleins-de-choses-positives-de-zerbi-satisfait-par-le-mercato-et-la-preparation-de-son-equipe_AV-202508030121.html\" title=\"OM: &quot;Plein de choses positives&quot;, De Zerbi satisfait par le mercato et la pr\u00e9paration de son \u00e9quipe\" class=\"internal_link\" rel=\"nofollow noopener\" target=\"_blank\">montr\u00e9 satisfait<\/a> du mercato &#8211; avec notamment Aubemayang, Paixao, Weah &#8211; et de la pr\u00e9paration de son \u00e9quipe.<\/p>\n<p>A quelle heure suivre Rennes-OM?<\/p>\n<p>Le premier match de Ligue 1 de la saison 2025-2026 d\u00e9butera \u00e0 <strong>20h45<\/strong> ce vendredi 15 ao\u00fbt 2025. Il se joue au Roazhon Park.<\/p>\n<p>Sur quelle cha\u00eene suivre Rennes-OM?<\/p>\n<p>Le match PSG-Tottenham sera diffus\u00e9 sur <strong>Ligue 1+<\/strong>, la nouvelle cha\u00eene de la LFP et nouveau diffuseur principal du championnat. Il sera aussi \u00e0 suivre gratuitement dans notre direct comment\u00e9 sur RMC Sport.<\/p>\n","protected":false},"excerpt":{"rendered":"La Ligue 1 reprend ses droits ce vendredi 15 ao\u00fbt, avec un match entre Rennes et l&rsquo;OM pour&hellip;\n","protected":false},"author":2,"featured_media":320051,"comment_status":"","ping_status":"","sticky":false,"template":"","format":"standard","meta":{"footnotes":""},"categories":[2821],"tags":[1111,11,829,1777,674,1011,27,12,584,25],"class_list":{"0":"post-320050","1":"post","2":"type-post","3":"status-publish","4":"format-standard","5":"has-post-thumbnail","7":"category-rennes","8":"tag-actu","9":"tag-actualites","10":"tag-bretagne","11":"tag-eu","12":"tag-europe","13":"tag-fr","14":"tag-france","15":"tag-news","16":"tag-rennes","17":"tag-republique-francaise"},"share_on_mastodon":{"url":"https:\/\/pubeurope.com\/@fr\/115030830801546115","error":""},"_links":{"self":[{"href":"https:\/\/www.europesays.com\/fr\/wp-json\/wp\/v2\/posts\/320050","targetHints":{"allow":["GET"]}}],"collection":[{"href":"https:\/\/www.europesays.com\/fr\/wp-json\/wp\/v2\/posts"}],"about":[{"href":"https:\/\/www.europesays.com\/fr\/wp-json\/wp\/v2\/types\/post"}],"author":[{"embeddable":true,"href":"https:\/\/www.europesays.com\/fr\/wp-json\/wp\/v2\/users\/2"}],"replies":[{"embeddable":true,"href":"https:\/\/www.europesays.com\/fr\/wp-json\/wp\/v2\/comments?post=320050"}],"version-history":[{"count":0,"href":"https:\/\/www.europesays.com\/fr\/wp-json\/wp\/v2\/posts\/320050\/revisions"}],"wp:featuredmedia":[{"embeddable":true,"href":"https:\/\/www.europesays.com\/fr\/wp-json\/wp\/v2\/media\/320051"}],"wp:attachment":[{"href":"https:\/\/www.europesays.com\/fr\/wp-json\/wp\/v2\/media?parent=320050"}],"wp:term":[{"taxonomy":"category","embeddable":true,"href":"https:\/\/www.europesays.com\/fr\/wp-json\/wp\/v2\/categories?post=320050"},{"taxonomy":"post_tag","embeddable":true,"href":"https:\/\/www.europesays.com\/fr\/wp-json\/wp\/v2\/tags?post=320050"}],"curies":[{"name":"wp","href":"https:\/\/api.w.org\/{rel}","templated":true}]}}