{"id":320052,"date":"2025-08-15T04:13:33","date_gmt":"2025-08-15T04:13:33","guid":{"rendered":"https:\/\/www.europesays.com\/fr\/320052\/"},"modified":"2025-08-15T04:13:33","modified_gmt":"2025-08-15T04:13:33","slug":"officiel-milos-lukovic-prete-a-las-palmas-alsasports","status":"publish","type":"post","link":"https:\/\/www.europesays.com\/fr\/320052\/","title":{"rendered":"OFFICIEL. Milos Lukovic pr\u00eat\u00e9 \u00e0 Las Palmas \u2014 Alsa&rsquo;Sports"},"content":{"rendered":"<p><strong>Comme annonc\u00e9 il y a quatre jours par la presse espagnole, l\u2019attaquant du Racing Milos Lukovic est pr\u00eat\u00e9 \u00e0 Las Palmas (D2) sans option d\u2019achat jusqu\u2019\u00e0 la fin de la saison.<\/strong><\/p>\n<p>\u00c0 quelques jours de la reprise de la Ligue 1, le Racing Club de Strasbourg continue de d\u00e9graisser. Apr\u00e8s Sebas (Bastia), Risser (Lens), Baseya (Alverca), Delaine (Le Havre), Gomis (Beveren), Ouotro (Nancy), Diong (Dunkerque), Ahmed (Ch\u00e2teauroux), Ali (Francs Borains) et Sahi Dion (Dender), c\u2019est au tour de Milos Lukovic (19 ans) de faire ses valises. L\u2019attaquant serbe est officiellement pr\u00eat\u00e9 ce mercredi \u00e0 Las Palmas (D2) sans option d\u2019achat jusqu\u2019\u00e0 la fin de la saison.<\/p>\n<p>Lukovic n\u2019a disput\u00e9 que deux matches officiels depuis sa venue \u00e0 Strasbourg en juin 2024. En manque de temps de jeu en Alsace, le Serbe a \u00e9t\u00e9 pr\u00eat\u00e9 en seconde partie de saison derni\u00e8re \u00e0 Heerenveen (14 matches pour 3 buts), et va trouver en Espagne un moyen de jouer r\u00e9guli\u00e8rement pour poursuivre sa progression. Surtout que le secteur offensif axial a \u00e9t\u00e9 renforc\u00e9 par l\u2019arriv\u00e9e de l\u2019attaquant argentin Joaquin Panichelli, venu rejoindre Emanuel Emegha et S\u00e9kou Mara. Le Serbe avait post\u00e9 un message en story Instagram dimanche soir :\u00a0\u00ab\u00a0Le travail est solitaire. Pas de foule, pas d\u2019applaudissements. Juste vous, le travail et la vision\u00a0\u00bb.<\/p>\n","protected":false},"excerpt":{"rendered":"Comme annonc\u00e9 il y a quatre jours par la presse espagnole, l\u2019attaquant du Racing Milos Lukovic est pr\u00eat\u00e9&hellip;\n","protected":false},"author":2,"featured_media":320053,"comment_status":"","ping_status":"","sticky":false,"template":"","format":"standard","meta":{"footnotes":""},"categories":[2820],"tags":[1111,11,1777,674,63,1011,27,775,45806,12,4448,25,640],"class_list":{"0":"post-320052","1":"post","2":"type-post","3":"status-publish","4":"format-standard","5":"has-post-thumbnail","7":"category-strasbourg","8":"tag-actu","9":"tag-actualites","10":"tag-eu","11":"tag-europe","12":"tag-football","13":"tag-fr","14":"tag-france","15":"tag-grand-est","16":"tag-milos-lukovic","17":"tag-news","18":"tag-rc-strasbourg","19":"tag-republique-francaise","20":"tag-strasbourg"},"share_on_mastodon":{"url":"https:\/\/pubeurope.com\/@fr\/115030838752674916","error":""},"_links":{"self":[{"href":"https:\/\/www.europesays.com\/fr\/wp-json\/wp\/v2\/posts\/320052","targetHints":{"allow":["GET"]}}],"collection":[{"href":"https:\/\/www.europesays.com\/fr\/wp-json\/wp\/v2\/posts"}],"about":[{"href":"https:\/\/www.europesays.com\/fr\/wp-json\/wp\/v2\/types\/post"}],"author":[{"embeddable":true,"href":"https:\/\/www.europesays.com\/fr\/wp-json\/wp\/v2\/users\/2"}],"replies":[{"embeddable":true,"href":"https:\/\/www.europesays.com\/fr\/wp-json\/wp\/v2\/comments?post=320052"}],"version-history":[{"count":0,"href":"https:\/\/www.europesays.com\/fr\/wp-json\/wp\/v2\/posts\/320052\/revisions"}],"wp:featuredmedia":[{"embeddable":true,"href":"https:\/\/www.europesays.com\/fr\/wp-json\/wp\/v2\/media\/320053"}],"wp:attachment":[{"href":"https:\/\/www.europesays.com\/fr\/wp-json\/wp\/v2\/media?parent=320052"}],"wp:term":[{"taxonomy":"category","embeddable":true,"href":"https:\/\/www.europesays.com\/fr\/wp-json\/wp\/v2\/categories?post=320052"},{"taxonomy":"post_tag","embeddable":true,"href":"https:\/\/www.europesays.com\/fr\/wp-json\/wp\/v2\/tags?post=320052"}],"curies":[{"name":"wp","href":"https:\/\/api.w.org\/{rel}","templated":true}]}}