{"id":320054,"date":"2025-08-15T04:14:12","date_gmt":"2025-08-15T04:14:12","guid":{"rendered":"https:\/\/www.europesays.com\/fr\/320054\/"},"modified":"2025-08-15T04:14:12","modified_gmt":"2025-08-15T04:14:12","slug":"fait-il-vraiment-plus-frais-dans-une-rue-vegetalisee-thermometre-a-la-main-nous-sommes-alles-verifier-dans-nice","status":"publish","type":"post","link":"https:\/\/www.europesays.com\/fr\/320054\/","title":{"rendered":"Fait-il vraiment plus frais dans une rue v\u00e9g\u00e9talis\u00e9e? Thermom\u00e8tre \u00e0 la main, nous sommes all\u00e9s v\u00e9rifier dans Nice"},"content":{"rendered":"<p>V\u00e9g\u00e9taliser pour \u00e9viter les \u00eelots de chaleur. C\u2019est, depuis des ann\u00e9es, le credo de la mairie. Coul\u00e9e verte, jardins r\u00e9nov\u00e9s, \u00ab\u00a0trames vertes\u00a0\u00bb\u2026 En ville, les arbres se multiplient.<\/p>\n<p>Mais fait-il r\u00e9ellement moins chaud quand on se balade dans une rue bord\u00e9e de v\u00e9g\u00e9tation ? Nous sommes all\u00e9s le v\u00e9rifier mercredi, en pleine alerte canicule.<\/p>\n<p>Nous avons choisi l\u2019heure du d\u00e9jeuner. Pas seulement parce qu\u2019elle est la plus chaude de la journ\u00e9e; surtout parce que l\u2019ombre offerte par les b\u00e2timents y est beaucoup plus rare.<\/p>\n<p>Thermom\u00e8tre atmosph\u00e9rique \u00e0 la main, nous nous sommes donc balad\u00e9s le long de la trame verte de la rue du Mar\u00e9chal-Joffre et dans la plus min\u00e9rale avenue Georges-Clemenceau. Les deux axes sont distants d\u2019\u00e0 peine 500m\u00e8tres.<\/p>\n<p>Verdict: outre le fait que la promenade est plus agr\u00e9able sous les arbres, la chaleur y semble moins \u00e9touffante. Quant \u00e0 notre thermom\u00e8tre, il marque une diff\u00e9rence de trois \u00e0 cinq degr\u00e9s.<\/p>\n<p>Rue du Mar\u00e9chal-Joffre: \u00e0 l\u2019ombre de la trame verte, \u00ab\u00a0le sol chauffe moins\u00a0\u00bb<\/p>\n<p>11 h 30. Au croisement br\u00fblant de l\u2019avenue Jean-M\u00e9decin et de la rue du Mar\u00e9chal-Joffre, l\u2019air semble vibrer sous la chaleur. Le thermom\u00e8tre affiche d\u00e9j\u00e0 plus de 35\u00b0C, fid\u00e8le \u00e0 l\u2019alerte m\u00e9t\u00e9o qui plane sur Nice. Devant nous, cette art\u00e8re v\u00e9g\u00e9talis\u00e9e s\u2019\u00e9tire sur plus d\u2019un kilom\u00e8tre, formant un tunnel vert qui filtre la lumi\u00e8re.<\/p>\n<p>Pour Roger, un Ni\u00e7ois abrit\u00e9 sous les arbres, l\u2019ombre est un vrai luxe: \u00ab\u00a0C\u2019est une tr\u00e8s belle arborescence \u00e0 laquelle nous avons droit. Le sol chauffe moins, on le sent\u00a0\u00bb, confie-t-il, en reprenant sa marche d\u2019un pas tranquille.<\/p>\n<p>Un peu plus loin, l\u2019artiste plasticien Patrick Moya, crois\u00e9 par hasard, traverse \u00e0 la h\u00e2te vers le c\u00f4t\u00e9 ombrag\u00e9 de la rue: \u00ab\u00a0On a l\u2019impression qu\u2019il y a plus de vent. C\u2019est plus agr\u00e9able de passer l\u00e0 o\u00f9 c\u2019est vert\u00a0\u00bb, dit-il, le sourire aux l\u00e8vres. Pourtant, malgr\u00e9 l\u2019ombre et l\u2019air qui circule dans l\u2019\u00e9troitesse de l\u2019axe, le thermom\u00e8tre ne faiblit pas.<\/p>\n<p>Julie, d\u2019un pas alerte, applique sa propre strat\u00e9gie: longer les devantures des magasins pour profiter, devant les portes rest\u00e9es ouvertes, du souffle des climatiseurs. Il est 11h50 et le thermom\u00e8tre affiche maintenant 37\u00b0C.<\/p>\n<p>Avenue Georges-Clemenceau, presque pas de vert et quelques degr\u00e9s de plus<\/p>\n<p>500m\u00e8tres plus loin, changement de d\u00e9cor. Nous voici avenue Georges-Clemenceau. Moins v\u00e9g\u00e9talis\u00e9e, plus min\u00e9rale. \u00c0 l\u2019heure du d\u00e9jeuner, l\u2019air est toujours \u00e9touffant. Et sur l\u2019\u00e9cran de notre thermom\u00e8tre, la chaleur a gagn\u00e9 trois degr\u00e9s. Exactement l\u2019estimation de l\u2019Agence de l\u2019environnement et de la ma\u00eetrise de l\u2019\u00e9nergie (Ademe), qui estime que les arbres d\u2019ombrage peuvent faire baisser la temp\u00e9rature urbaine de 3 \u00e0 5\u00b0C.<\/p>\n<p>Sur les trottoirs de cet axe menant de Jean-M\u00e9decin \u00e0 Thiers, les passants marchent tous c\u00f4t\u00e9 ombrag\u00e9. Au croisement de la rue Paganini, une m\u00e8re presse le pas, poussant une poussette et tenant ses deux jeunes enfants. Une goutte perle sur sa tempe: \u00ab\u00a0L\u00e0, il fait beaucoup trop chaud. Ce n\u2019est pas qu\u2019une question de v\u00e9g\u00e9talisation\u00a0\u00bb, souffle-t-elle.<\/p>\n<p>Ici, les trottoirs, de couleur claire mais pas r\u00e9nov\u00e9s comme sur Joffre, renvoient la chaleur comme des plaques chauffantes. Et au-del\u00e0 des valeurs affich\u00e9es par notre thermom\u00e8tre, c\u2019est aussi l\u2019ambiance qui semble radicalement diff\u00e9rente.<\/p>\n<p>V\u00e9g\u00e9taliser pour rafra\u00eechir: les m\u00e9canismes du ph\u00e9nom\u00e8ne<\/p>\n<p>Les \u00e9tudes, nombreuses, sont formelles: la v\u00e9g\u00e9talisation est une strat\u00e9gie scientifiquement valid\u00e9e pour r\u00e9duire la chaleur en milieu urbain.<\/p>\n<p>D\u2019abord gr\u00e2ce \u00e0 l\u2019effet d\u2019\u00e9vapotranspiration: les plantes absorbent de l\u2019eau par leurs racines et la rejettent sous forme de vapeur d\u2019eau par leurs feuilles, processus qui consomme de l\u2019\u00e9nergie (de la chaleur, donc), rafra\u00eechissant m\u00e9caniquement l\u2019air ambiant.<\/p>\n<p>Des mod\u00e9lisations du Centre d\u2019\u00e9tudes et d\u2019expertise sur les risques, l\u2019environnement, la mobilit\u00e9 et l\u2019am\u00e9nagement (Cerema) ont notamment montr\u00e9 que la v\u00e9g\u00e9talisation d\u2019un boulevard pouvait r\u00e9duire les temp\u00e9ratures de l\u2019air de plusieurs degr\u00e9s.<\/p>\n<p>L\u2019effet d\u2019ombrage est un autre facteur essentiel: les arbres, en bloquant le rayonnement solaire direct qui chauffe le sol et le b\u00e2ti, \u00e9vite le stockage et le rayonnement de cette chaleur, et donc sa restitution pendant la nuit.<\/p>\n<p>Sans l\u2019ambition d\u2019\u00eatre exhaustifs ici, d\u2019autres effets plus indirects m\u00e9ritent d\u2019\u00eatre cit\u00e9s, comme le confort thermique: une temp\u00e9rature moins \u00e9lev\u00e9e abaisse les besoins en climatisation et, par cons\u00e9quent, la consommation d\u2019\u00e9nergie et les \u00e9missions de gaz \u00e0 effet de serre li\u00e9es.<\/p>\n<p>              <img ci-src=\"https:\/\/www.nicematin.com\/environnement\/protec\/DATA_ART_16080815-KJhbSZLv.jpg?vh=1dce64&amp;ci_seal=e649c28ed9\" alt=\"\"\/><br \/>\n        La rue du Mar\u00e9chal-Joffre (ci-dessus) et l\u2019avenue Clemenceau, avant-hier. La premi\u00e8re, v\u00e9g\u00e9talis\u00e9e par une \u00a0\u00bb trame verte \u00ab\u00a0, offre-t-elle davantage de fra\u00eecheur que la seconde  ? En pleine vigilance orange \u00e0 la canicule, nous sommes all\u00e9s v\u00e9rifier. Photos Justine Meddah <\/p>\n<p>            V\u00e9g\u00e9taliser pour rafra\u00eechir : les m\u00e9canismes d\u2019un ph\u00e9nom\u00e8ne scientifiquement d\u00e9montr\u00e9<\/p>\n<p>Les \u00e9tudes, nombreuses, sont formelles : la v\u00e9g\u00e9talisation est une strat\u00e9gie scientifiquement valid\u00e9e pour r\u00e9duire la chaleur en milieu urbain.<\/p>\n<p>D\u2019abord gr\u00e2ce \u00e0 l\u2019effet d\u2019\u00e9vapotranspiration: les plantes absorbent de l\u2019eau par leurs racines et la rejettent sous forme de vapeur d\u2019eau par leurs feuilles, processus qui consomme de l\u2019\u00e9nergie (de la chaleur, donc), rafra\u00eechissant m\u00e9caniquement l\u2019air ambiant.<\/p>\n<p>Des mod\u00e9lisations du Centre d\u2019\u00e9tudes et d\u2019expertise sur les risques, l\u2019environnement, la mobilit\u00e9 et l\u2019am\u00e9nagement (Cerema) ont notamment montr\u00e9 que la v\u00e9g\u00e9talisation d\u2019un boulevard pouvait r\u00e9duire les temp\u00e9ratures de l\u2019air de plusieurs degr\u00e9s.<\/p>\n<p>L\u2019effet d\u2019ombrage est un autre facteur essentiel : les arbres, en bloquant le rayonnement solaire direct qui chauffe le sol et le b\u00e2ti, \u00e9vite le stockage et le rayonnement de cette chaleur, et donc sa restitution pendant la nuit.<\/p>\n<p>Sans l\u2019ambition d\u2019\u00eatre exhaustifs ici, d\u2019autres effets plus indirects m\u00e9ritent d\u2019\u00eatre cit\u00e9s, comme le confort thermique: une temp\u00e9rature moins \u00e9lev\u00e9e abaisse les besoins en climatisation et, par cons\u00e9quent, la consommation d\u2019\u00e9nergie et les \u00e9missions de gaz \u00e0 effet de serre li\u00e9es.<\/p>\n","protected":false},"excerpt":{"rendered":"V\u00e9g\u00e9taliser pour \u00e9viter les \u00eelots de chaleur. C\u2019est, depuis des ann\u00e9es, le credo de la mairie. Coul\u00e9e verte,&hellip;\n","protected":false},"author":2,"featured_media":320055,"comment_status":"","ping_status":"","sticky":false,"template":"","format":"standard","meta":{"footnotes":""},"categories":[2819],"tags":[1111,11,436,1777,674,1011,27,12,2401,882,25],"class_list":{"0":"post-320054","1":"post","2":"type-post","3":"status-publish","4":"format-standard","5":"has-post-thumbnail","7":"category-nice","8":"tag-actu","9":"tag-actualites","10":"tag-environnement","11":"tag-eu","12":"tag-europe","13":"tag-fr","14":"tag-france","15":"tag-news","16":"tag-nice","17":"tag-provence-alpes-cote-dazur","18":"tag-republique-francaise"},"share_on_mastodon":{"url":"https:\/\/pubeurope.com\/@fr\/115030842707646451","error":""},"_links":{"self":[{"href":"https:\/\/www.europesays.com\/fr\/wp-json\/wp\/v2\/posts\/320054","targetHints":{"allow":["GET"]}}],"collection":[{"href":"https:\/\/www.europesays.com\/fr\/wp-json\/wp\/v2\/posts"}],"about":[{"href":"https:\/\/www.europesays.com\/fr\/wp-json\/wp\/v2\/types\/post"}],"author":[{"embeddable":true,"href":"https:\/\/www.europesays.com\/fr\/wp-json\/wp\/v2\/users\/2"}],"replies":[{"embeddable":true,"href":"https:\/\/www.europesays.com\/fr\/wp-json\/wp\/v2\/comments?post=320054"}],"version-history":[{"count":0,"href":"https:\/\/www.europesays.com\/fr\/wp-json\/wp\/v2\/posts\/320054\/revisions"}],"wp:featuredmedia":[{"embeddable":true,"href":"https:\/\/www.europesays.com\/fr\/wp-json\/wp\/v2\/media\/320055"}],"wp:attachment":[{"href":"https:\/\/www.europesays.com\/fr\/wp-json\/wp\/v2\/media?parent=320054"}],"wp:term":[{"taxonomy":"category","embeddable":true,"href":"https:\/\/www.europesays.com\/fr\/wp-json\/wp\/v2\/categories?post=320054"},{"taxonomy":"post_tag","embeddable":true,"href":"https:\/\/www.europesays.com\/fr\/wp-json\/wp\/v2\/tags?post=320054"}],"curies":[{"name":"wp","href":"https:\/\/api.w.org\/{rel}","templated":true}]}}