{"id":320056,"date":"2025-08-15T04:15:13","date_gmt":"2025-08-15T04:15:13","guid":{"rendered":"https:\/\/www.europesays.com\/fr\/320056\/"},"modified":"2025-08-15T04:15:13","modified_gmt":"2025-08-15T04:15:13","slug":"la-canicule-continue-de-frapper-la-ville","status":"publish","type":"post","link":"https:\/\/www.europesays.com\/fr\/320056\/","title":{"rendered":"la canicule continue de frapper la ville"},"content":{"rendered":"<p>            Par<br \/>\n        <strong><br \/>\n            <a href=\"https:\/\/actu.fr\/auteur\/ugo-maillard\" title=\"Consulter tous les articles de Ugo Maillard\" target=\"_blank\" rel=\"noopener\">Ugo Maillard<\/a><br \/>\n        <\/strong><\/p>\n<p>        Publi\u00e9 le<\/p>\n<p>            15 ao\u00fbt 2025 \u00e0 6h04        <\/p>\n<p>Une m\u00e9t\u00e9o id\u00e9ale pour profiter des joyaux de la C\u00f4te d\u2019Azur. Contrairement \u00e0 la journ\u00e9e du jeudi 14\u00a0ao\u00fbt 2025 qui a \u00e9t\u00e9 <a href=\"https:\/\/actu.fr\/provence-alpes-cote-d-azur\/nice_06088\/alerte-meteo-a-nice-orages-canicule-et-rafales-de-vent-selon-les-previsions_63034106.html\" target=\"_blank\" rel=\"noopener\">marqu\u00e9e par des rafales de vent et des orages<\/a>, le week-end du 15\u00a0ao\u00fbt s\u2019annonce <strong>ensoleill\u00e9<\/strong> \u00e0 <a href=\"https:\/\/actu.fr\/nice\/\" target=\"_blank\" rel=\"noopener\">Nice<\/a>.<\/p>\n<p class=\" wall-content\">On fait le point sur les conditions m\u00e9t\u00e9orologiques des trois prochains jours.<\/p>\n<p>Vendredi 15\u00a0ao\u00fbt<\/p>\n<p class=\" wall-content\">Comme depuis le d\u00e9but de semaine, le d\u00e9partement des <a href=\"https:\/\/actu.fr\/provence-alpes-cote-d-azur\/alpes-maritimes_06\" target=\"_blank\" rel=\"noopener\">Alpes-Maritimes<\/a> est plac\u00e9 en vigilance orange canicule pour la journ\u00e9e du vendredi 15\u00a0ao\u00fbt 2025.<\/p>\n<p class=\" wall-content\">Du c\u00f4t\u00e9 de Nice, les temp\u00e9ratures devraient une nouvelle fois \u00eatre particuli\u00e8rement \u00e9lev\u00e9es avec une<strong> maximale attendue \u00e0 33\u00b0C<\/strong>. La nuit, le mercure ne descendra pas en de\u00e7\u00e0 de 25\u00b0C.<\/p>\n<p class=\" wall-content\">Mais bonne nouvelle, <strong>aucun nuage<\/strong> \u00e0 l\u2019horizon pour ce jour f\u00e9ri\u00e9.<\/p>\n<p>Samedi 16\u00a0ao\u00fbt<\/p>\n<p class=\" wall-content\">Continuons sur les nouvelles r\u00e9jouissantes et \u00e9voquons la journ\u00e9e de samedi 16\u00a0ao\u00fbt 2025. Les conditions m\u00e9t\u00e9orologiques seront id\u00e9ales puisque hormis quelques nuages dans l\u2019apr\u00e8s-midi, le ciel sera une nouvelle fois d\u00e9gag\u00e9.<\/p>\n<p class=\" wall-content\">Les temp\u00e9ratures seront encore tr\u00e8s \u00e9lev\u00e9es samedi avec jusqu\u2019\u00e0 33\u00b0C. La nuit sera difficile avec une minimale de 28\u00b0C selon M\u00e9t\u00e9o France.<\/p>\n<p>Dimanche 17\u00a0ao\u00fbt<\/p>\n<p class=\" wall-content\">Les donn\u00e9es m\u00e9t\u00e9orologiques sont claires, ce week-end prolong\u00e9 du 15\u00a0ao\u00fbt va se finir de la meilleure des mani\u00e8res.<\/p>\n<p class=\" wall-content\">\u00c0 l\u2019exception de rares nuages, une nouvelle journ\u00e9e ensoleill\u00e9e est pr\u00e9vue \u00e0 Nice. Le mercure grimpera jusqu\u2019\u00e0 32\u00b0C.<\/p>\n<p class=\" wall-content\">Important d\u2019en profiter puisque des<strong> orages sont annonc\u00e9s<\/strong> pour le d\u00e9but de semaine prochaine.<\/p>\n<p class=\" wall-content\">Suivez toute l\u2019actualit\u00e9 de vos villes et m\u00e9dias favoris en vous inscrivant \u00e0 <a href=\"https:\/\/moncompte.actu.fr\" title=\"D\u00e9couvez Mon Actu\" rel=\"nofollow noopener\" data-trk=\"{&quot;cta&quot;:{&quot;action&quot;:&quot;https:\\\/\\\/moncompte.actu.fr&quot;,&quot;category&quot;:&quot;mon compte&quot;,&quot;from&quot;:&quot;article footer&quot;,&quot;name&quot;:&quot;Mon actu&quot;,&quot;type&quot;:&quot;cta&quot;}}\" target=\"_blank\">Mon Actu<\/a>.<\/p>\n","protected":false},"excerpt":{"rendered":"Par Ugo Maillard Publi\u00e9 le 15 ao\u00fbt 2025 \u00e0 6h04 Une m\u00e9t\u00e9o id\u00e9ale pour profiter des joyaux de&hellip;\n","protected":false},"author":2,"featured_media":320057,"comment_status":"","ping_status":"","sticky":false,"template":"","format":"standard","meta":{"footnotes":""},"categories":[2819],"tags":[1111,11,6698,1777,674,1011,27,2487,2357,12,2401,4594,882,25],"class_list":{"0":"post-320056","1":"post","2":"type-post","3":"status-publish","4":"format-standard","5":"has-post-thumbnail","7":"category-nice","8":"tag-actu","9":"tag-actualites","10":"tag-canicule","11":"tag-eu","12":"tag-europe","13":"tag-fr","14":"tag-france","15":"tag-meteo","16":"tag-meteo-france","17":"tag-news","18":"tag-nice","19":"tag-orages","20":"tag-provence-alpes-cote-dazur","21":"tag-republique-francaise"},"share_on_mastodon":{"url":"https:\/\/pubeurope.com\/@fr\/115030846568271380","error":""},"_links":{"self":[{"href":"https:\/\/www.europesays.com\/fr\/wp-json\/wp\/v2\/posts\/320056","targetHints":{"allow":["GET"]}}],"collection":[{"href":"https:\/\/www.europesays.com\/fr\/wp-json\/wp\/v2\/posts"}],"about":[{"href":"https:\/\/www.europesays.com\/fr\/wp-json\/wp\/v2\/types\/post"}],"author":[{"embeddable":true,"href":"https:\/\/www.europesays.com\/fr\/wp-json\/wp\/v2\/users\/2"}],"replies":[{"embeddable":true,"href":"https:\/\/www.europesays.com\/fr\/wp-json\/wp\/v2\/comments?post=320056"}],"version-history":[{"count":0,"href":"https:\/\/www.europesays.com\/fr\/wp-json\/wp\/v2\/posts\/320056\/revisions"}],"wp:featuredmedia":[{"embeddable":true,"href":"https:\/\/www.europesays.com\/fr\/wp-json\/wp\/v2\/media\/320057"}],"wp:attachment":[{"href":"https:\/\/www.europesays.com\/fr\/wp-json\/wp\/v2\/media?parent=320056"}],"wp:term":[{"taxonomy":"category","embeddable":true,"href":"https:\/\/www.europesays.com\/fr\/wp-json\/wp\/v2\/categories?post=320056"},{"taxonomy":"post_tag","embeddable":true,"href":"https:\/\/www.europesays.com\/fr\/wp-json\/wp\/v2\/tags?post=320056"}],"curies":[{"name":"wp","href":"https:\/\/api.w.org\/{rel}","templated":true}]}}