{"id":320062,"date":"2025-08-15T04:24:46","date_gmt":"2025-08-15T04:24:46","guid":{"rendered":"https:\/\/www.europesays.com\/fr\/320062\/"},"modified":"2025-08-15T04:24:46","modified_gmt":"2025-08-15T04:24:46","slug":"13-tonne-de-cocaine-saisie-pres-de-bordeaux-dans-un-camion-venant-despagne","status":"publish","type":"post","link":"https:\/\/www.europesays.com\/fr\/320062\/","title":{"rendered":"1,3 tonne de coca\u00efne saisie pr\u00e8s de Bordeaux dans un camion venant d\u2019Espagne"},"content":{"rendered":"<p>L\u2019interception du v\u00e9hicule a eu lieu sur l\u2019autoroute A63 \u00e0 hauteur de Cestas (Gironde). Le chauffeur de nationalit\u00e9 espagnole, \u00e2g\u00e9 de 36\u00a0ans, a \u00e9t\u00e9 d\u00e9f\u00e9r\u00e9, au terme de sa garde \u00e0 vue, devant un magistrat de la Juridiction interr\u00e9gionale sp\u00e9cialis\u00e9e (Jirs) de Bordeaux en vue de sa mise en examen.<\/p>\n<p>Une information judiciaire a \u00e9t\u00e9 ouverte notamment pour importation de drogue en bande organis\u00e9e et participation \u00e0 une association de malfaiteurs, et le parquet a requis le placement en d\u00e9tention du mis en cause qui encourt 10\u00a0ans d\u2019emprisonnement.<\/p>\n<p>L\u2019enqu\u00eate de la section de recherches (SR) de Bordeaux avait \u00e9t\u00e9 initi\u00e9e d\u00e9but juillet par un renseignement sur l\u2019implication du camion dans un trafic de stup\u00e9fiants, confirm\u00e9e par ses trajets suspects entre l\u2019Espagne et le nord de l\u2019Europe.<\/p>\n<p>Le 10\u00a0ao\u00fbt, inform\u00e9s d\u2019un nouveau passage de la fronti\u00e8re, les enqu\u00eateurs ont intercept\u00e9 le poids lourd et d\u00e9couvert \u00e0 l\u2019int\u00e9rieur des dizaines de sacs dissimul\u00e9s dans des caisses en bois, renfermant au total 1.345 kilos de coca\u00efne.<br \/>\nLa valeur marchande de la drogue est estim\u00e9e entre 30 et 40\u00a0millions d\u2019euros pour une revente en semi-gros, a indiqu\u00e9 \u00e0 l\u2019AFP la colonelle Christelle Tarrolle, cheffe de l\u2019Unit\u00e9 nationale d\u2019investigation (UNI) de la gendarmerie.<\/p>\n<p>\u00ab\u00a0Cette nouvelle saisie confirme la tendance d\u00e9j\u00e0 constat\u00e9e du d\u00e9veloppement important d\u2019une voie d\u2019importation de la coca\u00efne en Europe depuis le sud de l\u2019Espagne et du Portugal\u00a0\u00bb, a comment\u00e9 le procureur de la R\u00e9publique \u00e0 Bordeaux, Renaud Gaudeul, dans un communiqu\u00e9.<\/p>\n<p>L\u2019enqu\u00eate men\u00e9e par la SR de Bordeaux, en cosaisine avec l\u2019Office antistup\u00e9fiants, a re\u00e7u notamment l\u2019appui de l\u2019UNI et du Service central de renseignement criminel. Ces deux unit\u00e9s int\u00e9greront, au 1er\u00a0septembre, la nouvelle Unit\u00e9 nationale de police judiciaire de la gendarmerie nationale (UNPJ) d\u00e9di\u00e9e \u00e0 la lutte contre la criminalit\u00e9 organis\u00e9e.<\/p>\n","protected":false},"excerpt":{"rendered":"L\u2019interception du v\u00e9hicule a eu lieu sur l\u2019autoroute A63 \u00e0 hauteur de Cestas (Gironde). Le chauffeur de nationalit\u00e9&hellip;\n","protected":false},"author":2,"featured_media":320063,"comment_status":"","ping_status":"","sticky":false,"template":"","format":"standard","meta":{"footnotes":""},"categories":[2817],"tags":[1111,11,1997,1777,674,1011,27,12,2219,25],"class_list":{"0":"post-320062","1":"post","2":"type-post","3":"status-publish","4":"format-standard","5":"has-post-thumbnail","7":"category-bordeaux","8":"tag-actu","9":"tag-actualites","10":"tag-bordeaux","11":"tag-eu","12":"tag-europe","13":"tag-fr","14":"tag-france","15":"tag-news","16":"tag-nouvelle-aquitaine","17":"tag-republique-francaise"},"share_on_mastodon":{"url":"https:\/\/pubeurope.com\/@fr\/115030881944642615","error":""},"_links":{"self":[{"href":"https:\/\/www.europesays.com\/fr\/wp-json\/wp\/v2\/posts\/320062","targetHints":{"allow":["GET"]}}],"collection":[{"href":"https:\/\/www.europesays.com\/fr\/wp-json\/wp\/v2\/posts"}],"about":[{"href":"https:\/\/www.europesays.com\/fr\/wp-json\/wp\/v2\/types\/post"}],"author":[{"embeddable":true,"href":"https:\/\/www.europesays.com\/fr\/wp-json\/wp\/v2\/users\/2"}],"replies":[{"embeddable":true,"href":"https:\/\/www.europesays.com\/fr\/wp-json\/wp\/v2\/comments?post=320062"}],"version-history":[{"count":0,"href":"https:\/\/www.europesays.com\/fr\/wp-json\/wp\/v2\/posts\/320062\/revisions"}],"wp:featuredmedia":[{"embeddable":true,"href":"https:\/\/www.europesays.com\/fr\/wp-json\/wp\/v2\/media\/320063"}],"wp:attachment":[{"href":"https:\/\/www.europesays.com\/fr\/wp-json\/wp\/v2\/media?parent=320062"}],"wp:term":[{"taxonomy":"category","embeddable":true,"href":"https:\/\/www.europesays.com\/fr\/wp-json\/wp\/v2\/categories?post=320062"},{"taxonomy":"post_tag","embeddable":true,"href":"https:\/\/www.europesays.com\/fr\/wp-json\/wp\/v2\/tags?post=320062"}],"curies":[{"name":"wp","href":"https:\/\/api.w.org\/{rel}","templated":true}]}}