{"id":320068,"date":"2025-08-15T04:31:21","date_gmt":"2025-08-15T04:31:21","guid":{"rendered":"https:\/\/www.europesays.com\/fr\/320068\/"},"modified":"2025-08-15T04:31:21","modified_gmt":"2025-08-15T04:31:21","slug":"des-afterworks-apero-peinture-sont-de-retour-a-20-minutes-de-lille-14-08-2025","status":"publish","type":"post","link":"https:\/\/www.europesays.com\/fr\/320068\/","title":{"rendered":"Des afterworks ap\u00e9ro-peinture sont de retour \u00e0 20 minutes de Lille &#8211; 14\/08\/2025"},"content":{"rendered":"<p>\n        Amateurs ou amatrices d&rsquo;art, si vous aimez peindre tout en profitant d&rsquo;un ap\u00e9ro, ce rendez-vous est fait pour vous. L&rsquo;artiste lillois Antoine Stevens reprend du service avec ses afterworks ap\u00e9ro-peinture \u00e0 partir du 21 ao\u00fbt dans son atelier \u00e0 Tressin, \u00e0 20 minutes de Lille.<\/p>\n<p>Apr\u00e8s plusieurs semaines de pause, le temps de quitter Roubaix pour s\u2019installer \u00e0 Tressin, Antoine Stevens, artiste lillois, rouvre les portes de son atelier dans une toute nouvelle adresse. Mais le concept reste inchang\u00e9 : chaque participant\u00b7e pourra laisser libre cours \u00e0 son imagination sur toile tout en sirotant un verre et en partageant des planches ap\u00e9ritives.<\/p>\n<p>Lorsqu&rsquo;il a cr\u00e9\u00e9 son atelier cr\u00e9atif Pygments, Antoine Stevens voulait continuer de peindre (\u00e9videmment) mais aussi et surtout partager son art avec le plus grand nombre. C&rsquo;est comme \u00e7a que sont n\u00e9s les afterworks ap\u00e9ro-peinture. \u00ab\u00a0Je d\u00e9finis un th\u00e8me en amont, r\u00e9guli\u00e8rement il s&rsquo;agit de r\u00e9interpr\u00e9ter un de mes tableaux\u00a0\u00bb, raconte-t-il.\u00a0<\/p>\n<p>Aucune exp\u00e9rience exig\u00e9e<\/p>\n<p>Comptez 65\u20ac la participation. \u00ab\u00a0Dans ce prix, tout est compris. Le mat\u00e9riel de peinture est fourni, la toile repart avec vous \u00e0 la fin de la s\u00e9ance, et c\u00f4t\u00e9 gourmandises, boissons et encas sont propos\u00e9s \u00e0 volont\u00e9. C&rsquo;est comme si je recevais des copains \u00e0 la maison\u00a0\u00bb, sourit Antoine.<\/p>\n<p>Aucune exp\u00e9rience n\u2019est n\u00e9cessaire : que vous soyez peintre amateur\u00b7ices ou que vous n\u2019ayez jamais tenu un pinceau de votre vie, l\u2019atelier vous accueille dans une ambiance d\u00e9tendue et bienveillante. \u00ab\u00a0D&rsquo;ailleurs les personnes les plus novices sont souvent celles qui passent un meilleur moment et se d\u00e9couvrent des talents cach\u00e9s\u00a0\u00bb, sourit l&rsquo;artiste. Une fa\u00e7on originale de se d\u00e9tendre apr\u00e8s le travail, de d\u00e9couvrir la peinture ou simplement de passer un bon moment entre ami\u00b7es.<\/p>\n<p>Les afterworks accueillent entre 6 \u00e0 10 personnes maximum,\u00a0\u00ab\u00a0je veux que \u00e7a reste intimiste pour pouvoir passer assez de temps avec chacun des participants\u00a0\u00bb. Donc ne tardez pas \u00e0 prendre votre place pour le prochain rendez-vous qui a lieu ce jeudi 21 ao\u00fbt de 19h \u00e0 21h30. Une autre date est d\u00e9j\u00e0 pr\u00e9vue le 28 ao\u00fbt.\u00a0\u00ab\u00a0Si tout se passe bien, il devrait y avoir trois afterworks par mois toute l&rsquo;ann\u00e9e\u00a0\u00bb, poursuit Antoine.\u00a0<\/p>\n<p>  Des nouveaux rendez-vous toute l&rsquo;ann\u00e9e<\/p>\n<p>L&rsquo;artiste lillois ne s&rsquo;arr\u00eate pas l\u00e0. En plus des ap\u00e9ros-peinture r\u00e9serv\u00e9s aux adultes, il compte ouvrir des sessions pour les enfants mais aussi parents et enfants. \u00ab\u00a0Toujours dans l&rsquo;optique de transmettre et passer des bons moments.\u00a0\u00bb On vous conseille de suivre ses actualit\u00e9s sur <a target=\"_blank\" href=\"https:\/\/www.instagram.com\/pygments\" rel=\"nofollow noopener\">les r\u00e9seaux<\/a>.\u00a0<\/p>\n<p><script async src=\"\/\/www.instagram.com\/embed.js\"><\/script><\/p>\n","protected":false},"excerpt":{"rendered":"Amateurs ou amatrices d&rsquo;art, si vous aimez peindre tout en profitant d&rsquo;un ap\u00e9ro, ce rendez-vous est fait pour&hellip;\n","protected":false},"author":2,"featured_media":320069,"comment_status":"","ping_status":"","sticky":false,"template":"","format":"standard","meta":{"footnotes":""},"categories":[2815],"tags":[1111,11,1777,674,1011,27,811,1307,12,25],"class_list":{"0":"post-320068","1":"post","2":"type-post","3":"status-publish","4":"format-standard","5":"has-post-thumbnail","7":"category-lille","8":"tag-actu","9":"tag-actualites","10":"tag-eu","11":"tag-europe","12":"tag-fr","13":"tag-france","14":"tag-hauts-de-france","15":"tag-lille","16":"tag-news","17":"tag-republique-francaise"},"share_on_mastodon":{"url":"https:\/\/pubeurope.com\/@fr\/115030909526369528","error":""},"_links":{"self":[{"href":"https:\/\/www.europesays.com\/fr\/wp-json\/wp\/v2\/posts\/320068","targetHints":{"allow":["GET"]}}],"collection":[{"href":"https:\/\/www.europesays.com\/fr\/wp-json\/wp\/v2\/posts"}],"about":[{"href":"https:\/\/www.europesays.com\/fr\/wp-json\/wp\/v2\/types\/post"}],"author":[{"embeddable":true,"href":"https:\/\/www.europesays.com\/fr\/wp-json\/wp\/v2\/users\/2"}],"replies":[{"embeddable":true,"href":"https:\/\/www.europesays.com\/fr\/wp-json\/wp\/v2\/comments?post=320068"}],"version-history":[{"count":0,"href":"https:\/\/www.europesays.com\/fr\/wp-json\/wp\/v2\/posts\/320068\/revisions"}],"wp:featuredmedia":[{"embeddable":true,"href":"https:\/\/www.europesays.com\/fr\/wp-json\/wp\/v2\/media\/320069"}],"wp:attachment":[{"href":"https:\/\/www.europesays.com\/fr\/wp-json\/wp\/v2\/media?parent=320068"}],"wp:term":[{"taxonomy":"category","embeddable":true,"href":"https:\/\/www.europesays.com\/fr\/wp-json\/wp\/v2\/categories?post=320068"},{"taxonomy":"post_tag","embeddable":true,"href":"https:\/\/www.europesays.com\/fr\/wp-json\/wp\/v2\/tags?post=320068"}],"curies":[{"name":"wp","href":"https:\/\/api.w.org\/{rel}","templated":true}]}}