{"id":320070,"date":"2025-08-15T04:32:12","date_gmt":"2025-08-15T04:32:12","guid":{"rendered":"https:\/\/www.europesays.com\/fr\/320070\/"},"modified":"2025-08-15T04:32:12","modified_gmt":"2025-08-15T04:32:12","slug":"giroud-chevalier-perraud-quelle-preparation-pour-lille-premier-adversaire-du-stade-brestois-en-ligue-1","status":"publish","type":"post","link":"https:\/\/www.europesays.com\/fr\/320070\/","title":{"rendered":"Giroud, Chevalier, Perraud\u00a0: quelle pr\u00e9paration pour Lille, premier adversaire du Stade Brestois en Ligue\u00a01"},"content":{"rendered":"<p>L\u2019effectif lillois a en effet drastiquement chang\u00e9 compar\u00e9 \u00e0 l\u2019exercice pr\u00e9c\u00e9dent.<\/p>\n<p>\u00c0 commencer par le recrutement du champion du monde Olivier Giroud en provenance des \u00c9tats-Unis. \u00c0 38 ans, l\u2019ancien joueur du Los Angeles FC a montr\u00e9 qu\u2019il avait de beaux restes, en t\u00e9moigne son magnifique but inscrit lors du dernier match amical lillois face \u00e0 West Ham (1-1, 5-4 aux t.a.b) : un encha\u00eenement contr\u00f4le poitrine reprise de vol\u00e9e en pivot dont il a le secret.<\/p>\n<p>Mais le mercato lillois a aussi et surtout \u00e9t\u00e9 marqu\u00e9 par le r\u00e9cent d\u00e9part de Lucas Chevalier au Paris Saint-Germain. Le jeune portier (23 ans), pur produit de la formation lilloise, rejoint le champion de France et champion d\u2019Europe, poussant vers la sortie Gianluigi Donnarumma, rien que \u00e7a.<\/p>\n<p>Un nouveau cycle<\/p>\n<p>Plusieurs cadres du vestiaire, en fin de contrat, ont aussi quitt\u00e9 la capitale des Flandres en d\u00e9but de mercato : R\u00e9my Cabella \u00e0 l\u2019Olympiakos, Jonathan David \u00e0 la Juventus de Turin (109 buts en 5 saisons), Bafod\u00e9 Diakit\u00e9 \u00e0 Bournemouth, et Angel Gomes \u00e0 l\u2019Olympique de Marseille. Des d\u00e9parts pas anodins, et la preuve qu\u2019un nouveau cycle est entam\u00e9 dans le Nord.<\/p>\n<p>Du c\u00f4t\u00e9 des arriv\u00e9es, Lille a aussi enregistr\u00e9 le renfort de <a href=\"https:\/\/www.letelegramme.fr\/sports\/football\/stade-brestois\/stade-brestois-romain-perraud-le-foot-est-de-plus-en-plus-axe-sur-les-statistiques-3696515.php\" target=\"_blank\" rel=\"noopener\">l\u2019ancien Brestois Romain Perraud<\/a>, en provenance du B\u00e9tis Seville. Form\u00e9 \u00e0 Nice, celui qui a port\u00e9 les couleurs brestoises de 2019 \u00e0 2021 pourrait recevoir un bel accueil du stade Francis Le Bl\u00e9. Surtout, son arriv\u00e9e a coup\u00e9 court aux rumeurs envoyant le Brestois Bradley Locko dans le Nord. D\u2019autres recrues, jeunes \u00e0 potentiel, sont arriv\u00e9es : le d\u00e9fenseur Nathan Ngoy (Standard de Li\u00e8ge) et les attaquants F\u00e9lix Correia (Gil Vicente) et Marius Broholm (Rosenborg).<\/p>\n<p>En pr\u00e9paration, le bilan lillois n\u2019est pas fameux. Les joueurs de Bruno Genesio ont conc\u00e9d\u00e9 trois d\u00e9faites contre Dortmund, C\u00f4me et West Ham, pour des victoires \u00e0 Venise et contre Amiens et les espoirs de La Gantoise. Pour autant, la r\u00e9ception de Lille ne sera pas une mince affaire pour le Stade Brestois, qui va faire face \u00e0 une \u00e9quipe ayant tout \u00e0 prouver.<\/p>\n<p><img decoding=\"async\" src=\"https:\/\/www.europesays.com\/fr\/wp-content\/uploads\/2025\/08\/689c561f5c4d63b8410d853e.1.jpeg\" width=\"480\" height=\"300\" class=\"web_golden_m\" loading=\"lazy\" alt=\"Hakon Haraldsson (\u00e0 droite) a marqu\u00e9 quatre buts pendant le pr\u00e9paration.\"\/>Hakon Haraldsson (\u00e0 droite) a marqu\u00e9 quatre buts pendant le pr\u00e9paration. (Photo Mohammed Badra\/EPA)Haraldsson meilleur buteur<\/p>\n<p>Outre Giroud, auteur de trois buts en pr\u00e9paration, l\u2019attaque du Lille s\u2019est repos\u00e9e sur Hakon Haraldsson. L\u2019Islandais de 22 ans, qui a marqu\u00e9 \u00e0 quatre reprises, va disputer sa troisi\u00e8me saison dans le Nord, o\u00f9 il n\u2019a pas encore r\u00e9ussi \u00e0 pleinement s\u2019imposer. <\/p>\n<p>Les r\u00e9sultats de la pr\u00e9paration <\/p>\n<p class=\"tech\"><strong class=\"tech\">Lille <\/strong>&#8211; La Gantoise U23 (BEL) : 2-0 (buteurs : Haraldsson, Diaoune)<\/p>\n<p class=\"tech\"><strong class=\"tech\">Lille <\/strong>&#8211; Amiens (L2) : 5-0 (Diakit\u00e9, Haraldsson x2, Bentaleb x2)<\/p>\n<p class=\"tech\"><strong class=\"tech\">C\u00f4me (ITA)<\/strong> &#8211; Lille : 3-2 (Fernandez-Pardo, Lachaab).<\/p>\n<p class=\"tech\"><strong class=\"tech\">Dortmund (ALL)<\/strong> &#8211; Lille : 3-2 (Haraldsson, Meunier).<\/p>\n<p class=\"tech\"><strong class=\"tech\">Lille<\/strong> &#8211; Venise (ITA) : 3-0 (Giroud x2, Fernandez-Pardo).<\/p>\n<p class=\"tech\">West Ham (ANG) &#8211; Lille : 1-1 (Giroud).<\/p>\n","protected":false},"excerpt":{"rendered":"L\u2019effectif lillois a en effet drastiquement chang\u00e9 compar\u00e9 \u00e0 l\u2019exercice pr\u00e9c\u00e9dent. \u00c0 commencer par le recrutement du champion&hellip;\n","protected":false},"author":2,"featured_media":320071,"comment_status":"","ping_status":"","sticky":false,"template":"","format":"standard","meta":{"footnotes":""},"categories":[2815],"tags":[1111,11,3450,1777,674,63,1011,27,811,66,1307,12,25,60,4449],"class_list":{"0":"post-320070","1":"post","2":"type-post","3":"status-publish","4":"format-standard","5":"has-post-thumbnail","7":"category-lille","8":"tag-actu","9":"tag-actualites","10":"tag-brest","11":"tag-eu","12":"tag-europe","13":"tag-football","14":"tag-fr","15":"tag-france","16":"tag-hauts-de-france","17":"tag-ligue-1","18":"tag-lille","19":"tag-news","20":"tag-republique-francaise","21":"tag-sports","22":"tag-stade-brestois"},"share_on_mastodon":{"url":"https:\/\/pubeurope.com\/@fr\/115030913513076074","error":""},"_links":{"self":[{"href":"https:\/\/www.europesays.com\/fr\/wp-json\/wp\/v2\/posts\/320070","targetHints":{"allow":["GET"]}}],"collection":[{"href":"https:\/\/www.europesays.com\/fr\/wp-json\/wp\/v2\/posts"}],"about":[{"href":"https:\/\/www.europesays.com\/fr\/wp-json\/wp\/v2\/types\/post"}],"author":[{"embeddable":true,"href":"https:\/\/www.europesays.com\/fr\/wp-json\/wp\/v2\/users\/2"}],"replies":[{"embeddable":true,"href":"https:\/\/www.europesays.com\/fr\/wp-json\/wp\/v2\/comments?post=320070"}],"version-history":[{"count":0,"href":"https:\/\/www.europesays.com\/fr\/wp-json\/wp\/v2\/posts\/320070\/revisions"}],"wp:featuredmedia":[{"embeddable":true,"href":"https:\/\/www.europesays.com\/fr\/wp-json\/wp\/v2\/media\/320071"}],"wp:attachment":[{"href":"https:\/\/www.europesays.com\/fr\/wp-json\/wp\/v2\/media?parent=320070"}],"wp:term":[{"taxonomy":"category","embeddable":true,"href":"https:\/\/www.europesays.com\/fr\/wp-json\/wp\/v2\/categories?post=320070"},{"taxonomy":"post_tag","embeddable":true,"href":"https:\/\/www.europesays.com\/fr\/wp-json\/wp\/v2\/tags?post=320070"}],"curies":[{"name":"wp","href":"https:\/\/api.w.org\/{rel}","templated":true}]}}