{"id":320075,"date":"2025-08-15T04:35:10","date_gmt":"2025-08-15T04:35:10","guid":{"rendered":"https:\/\/www.europesays.com\/fr\/320075\/"},"modified":"2025-08-15T04:35:10","modified_gmt":"2025-08-15T04:35:10","slug":"15-aout-2025-a-lyon-centres-commerciaux-tcl-piscines-musees-ce-qui-est-ouvert-et-ferme","status":"publish","type":"post","link":"https:\/\/www.europesays.com\/fr\/320075\/","title":{"rendered":"15 ao\u00fbt 2025 \u00e0 Lyon. Centres commerciaux, TCL, piscines, mus\u00e9es&#8230; Ce qui est ouvert et ferm\u00e9"},"content":{"rendered":"<p>            Par<br \/>\n        <strong><br \/>\n            <a href=\"https:\/\/actu.fr\/auteur\/emma-ressegaire\" title=\"Consulter tous les articles de Emma Ressegaire\" target=\"_blank\" rel=\"noopener\">Emma Ressegaire<\/a><br \/>\n        <\/strong><\/p>\n<p>        Publi\u00e9 le<\/p>\n<p>            15 ao\u00fbt 2025 \u00e0 6h08        <\/p>\n<p>C\u2019est un petit <strong>week-end de trois jours<\/strong> qui d\u00e9marre en ce milieu du mois d\u2019ao\u00fbt. Ce vendredi 15 ao\u00fbt 2025 est un jour f\u00e9ri\u00e9. On fait le point sur <strong>ce qui est ouvert ou non<\/strong> \u00e0 <a href=\"https:\/\/actu.fr\/lyon\/\" target=\"_blank\" rel=\"noopener\">Lyon<\/a> et ses alentours pour s\u2019occuper en ce jour de l\u2019Assomption. Centres commerciaux, transports en commun, mus\u00e9es, lieux culturels, loisirs familiaux et piscines.<\/p>\n<p>Les centres commerciaux<\/p>\n<ul class=\" wall-content\">\n<li>Westfield La Part-Dieu : ouvert de 10h \u00e0 20h<\/li>\n<li>Confluence : ouvert de 10h \u00e0 20h<\/li>\n<li>Printemps : ferm\u00e9<\/li>\n<li>Centre Carr\u00e9 de Soie : ouvert de 10h \u00e0 19h sauf la pharmacie<\/li>\n<li>IKEA Lyon Grand Parilly : ouvert de 10h \u00e0 20h<\/li>\n<li>Centre Ecully Grand Ouest : ferm\u00e9, seul Carrefour est ouvert<\/li>\n<li>Centre Auchan Saint-Priest \u2013 Porte des Alpes : ouvert de 10h00 \u00e0 19h00, Auchan de 08h30 \u00e0 20h00<\/li>\n<li>Centre Les 7 Chemins Carrefour de Vaulx-en-Velin : de 9h30 \u00e0 19h30 (boutiques) et de 8h30 \u00e0 20h (Carrefour)<\/li>\n<li>Centre Auchan Caluire : ouvert de 10h \u00e0 19h, Auchan de 8h30 \u00e0 20h<\/li>\n<li>The Village Outlet de Villefontaine : ouvert de 10h \u00e0 20h<\/li>\n<li>Leroy Merlin Lyon Grand Parilly : ouvert de 9h \u00e0 20h<\/li>\n<li>Castorama Bron : ouvert de 7h \u00e0 20h<\/li>\n<li>Castorama Rillieux-la-Pape : ouvert de 8h \u00e0 20h<\/li>\n<\/ul>\n<p>Les piscines municipales<\/p>\n<ul class=\" wall-content\">\n<li>Centre Nautique Tony Bertrand (piscine du Rh\u00f4ne \u2013 Lyon) : ouverte de 10h30 \u00e0 15h et de 15h30 \u00e0 20h<\/li>\n<li>Piscine de Lyon Vaise : ferm\u00e9e<\/li>\n<li>Piscine Saint Exup\u00e9ry Lyon : ferm\u00e9e<\/li>\n<li>Piscine Tronchet Lyon : ferm\u00e9e<\/li>\n<li>Piscine Jean Mermoz Lyon : ouverte de 10h30 \u00e0 15h et de 15h30 \u00e0 20h<\/li>\n<li><a href=\"https:\/\/actu.fr\/auvergne-rhone-alpes\/lyon_69123\/lyon-cette-piscine-avec-toboggan-rouvre-en-avance-apres-les-travaux-des-2-60-euros_62868575.html\" target=\"_blank\" rel=\"noopener\">Piscine de la Duch\u00e8re<\/a> Lyon : ouverte de 12h \u00e0 20h<\/li>\n<li>Piscine de Lyon Garibaldi : ouverte de 7h \u00e0 14h<\/li>\n<li>Espace Aquatique &amp; Spa Caliceo \u00e0 Sainte Foy-l\u00e8s-Lyon : ouvert de 10h \u00e0 21h<\/li>\n<li>Aqua-Centre du Pays de L\u2019Arbresle (20 minutes de Lyon) : ouvert de 10h \u00e0 19h30<\/li>\n<li>Piscine de Bron : ferm\u00e9e<\/li>\n<li><a href=\"https:\/\/actu.fr\/auvergne-rhone-alpes\/caluire-et-cuire_69034\/canicule-ces-deux-communes-de-la-metropole-de-lyon-rendent-leurs-piscines-gratuites_63025261.html\" target=\"_blank\" rel=\"noopener\">Piscine d\u2019Oullins-Pierre-B\u00e9nite<\/a> : ouverte de 11h \u00e0 20h<\/li>\n<li>Piscine de D\u00e9cines : ouvert de 10h \u00e0 19h<\/li>\n<li>Patinoire de Lyon Charlemagne : ferm\u00e9e<\/li>\n<li>Patinoire de Lyon Baraban : ferm\u00e9e\u00a0<\/li>\n<li>Piscine de Caluire-et-Cuire : ouverte de 10h \u00e0 19h<\/li>\n<li>Plages du Grand Parc Miribel Jonage : ouvertes<\/li>\n<li>Piscine de Rillieux-la-Pape : ouverte de 10h \u00e0 13h puis de 14h \u00e0 19h<\/li>\n<li>Piscine municipale d\u2019Ecully : ferm\u00e9e<\/li>\n<li>Piscine de Francheville : ouverte de 10h \u00e0 19h30<\/li>\n<li>Piscine de la Mulati\u00e8re : ferm\u00e9e<\/li>\n<li>Brignais-AquaGaron : ouvert de 10h \u00e0 18h15<\/li>\n<li>Piscine municipale de Feyzin : ouverte de 12h \u00e0 19h<\/li>\n<li>Piscine de Saint-Priest : ouverte 10h \u00e0 14h et de 14h30 \u00e0 19h<\/li>\n<li>Piscines Boulloche et Gratte-Ciel de Villeurbanne : ferm\u00e9es<\/li>\n<li>Centre nautique Etienne-Gagnaire de Villeurbanne : ferm\u00e9<\/li>\n<li>Centre nautique de Chassieu : ouvert de \u00a012h-19h<\/li>\n<li>Centre aquatique Les Vagues Meyzieu : ouvert 10h \u00e0 20h<\/li>\n<li>Centre aquatique de Villefranche-sur-Sa\u00f4ne : ouvert de 10h \u00e0 20h<\/li>\n<\/ul>\n<p>Les mus\u00e9es et cin\u00e9mas<\/p>\n<ul class=\" wall-content\">\n<li>Cin\u00e9mas Path\u00e9 (Bellecour, Vaise, Carr\u00e9 de Soie) et UGC (Part-Dieu, Confluence, cit\u00e9 internationale, Astoria) : ouverts<\/li>\n<li><a href=\"https:\/\/actu.fr\/auvergne-rhone-alpes\/lyon_69123\/canicule-a-lyon-ce-celebre-musee-devient-gratuit-face-aux-fortes-chaleurs_63027126.html\" target=\"_blank\" rel=\"noopener\">Mus\u00e9es des Confluences<\/a>\u00a0: ouvert de 10h30 \u00e0 18h30<\/li>\n<li>Mus\u00e9e des Beaux-Arts : ferm\u00e9<\/li>\n<li>Mus\u00e9e d\u2019art contemporain : ferm\u00e9<\/li>\n<li>Institut de l\u2019art contemporain de Villeurbanne : ferm\u00e9<\/li>\n<li>Mus\u00e9e gallo romain de Lyon : ouvert de\u00a011h \u00e0 18h<\/li>\n<li>Mus\u00e9e d\u2019histoire de Lyon : ouvert de 10h30 \u00e0 18h\u00a0<\/li>\n<li>Centre d\u2019histoire de la r\u00e9sistance et de la d\u00e9portation : ferm\u00e9<\/li>\n<li>MAM \u2013 Mus\u00e9e des Arts de la Marionnette : ouvert de 10h30 \u00e0 18h\u00a0<\/li>\n<li>Mus\u00e9e Lumi\u00e8re : ferm\u00e9<\/li>\n<li>Mus\u00e9e cin\u00e9ma et miniature : ouvert de 10h00 \u00e0 18h30<\/li>\n<li>Mus\u00e9e de l\u2019illusion : ouvert de 10h \u00e0 22h\u00a0<\/li>\n<li>Cit\u00e9 internationale de la gastronomie (H\u00f4tel Dieu) :\u00a0<\/li>\n<\/ul>\n<p>Pour les transports en commun<\/p>\n<p class=\" wall-content\">Les <a href=\"https:\/\/actu.fr\/auvergne-rhone-alpes\/lyon_69123\/lyon-antoine-souffre-de-handicap-et-denonce-un-calvaire-dans-les-tcl-c-est-dommage-d-en-arriver-la_63015611.html\" target=\"_blank\" rel=\"noopener\">transports en commun lyonnais<\/a> (TCL) fonctionnent avec <strong>des horaires adapt\u00e9s<\/strong> pour un jour f\u00e9ri\u00e9 en p\u00e9riode de vacances scolaires. Les horaires ont donc chang\u00e9 compar\u00e9 \u00e0 ceux du d\u00e9but de la semaine.<\/p>\n<p>Loisirs et parcs d\u2019attractions<\/p>\n<ul class=\" wall-content\">\n<li>Mini World : ouvert de 10h \u00e0 19h<\/li>\n<li>Bowlingstar Lyon 8e : ouvert de 14h \u00e0 1h\u00a0<\/li>\n<li>Exalto Dardilly : ferm\u00e9<\/li>\n<li>Exalto D\u00e9cines : ouvert de 14h \u00e0 23h<\/li>\n<li>Exalto Villeurbanne : ouvert de 14h \u00e0 23h<\/li>\n<li>Aquarium de Lyon : ouvert de 10h30 \u00e0 18h30<\/li>\n<li>Zoo du parc de la T\u00eate d\u2019or : ouvert de 9h30 \u00e0 18h30<\/li>\n<li>Parc animalier de Courzieu : ouvert de 10h \u00e0 18h<\/li>\n<li>Walibi Rh\u00f4ne-Alpes : ouvert de 10h \u00e0 21h30<\/li>\n<li>Safari de Peaugres : de 9h30 \u00e0 18h, dernier acc\u00e8s au circuit voiture : 18h, fermeture des<\/li>\n<li>parkings et du parc : 21h<\/li>\n<li>Parc Accrobranche \u00e0 Rillieux-la-Pape au Fort de Vancia : ouvert de 10h \u00e0 19h\u00a0<\/li>\n<li>Casino de Lyon : ouvert de 10h \u00e0 4h<\/li>\n<li>Casino JOA de Montrond : ouvert de 9h \u00e0 3h<\/li>\n<li>Casino Le Lyon Vert : ouvert de 10h \u00e0 4h<\/li>\n<\/ul>\n<p class=\" wall-content\">Suivez toute l\u2019actualit\u00e9 de vos villes et m\u00e9dias favoris en vous inscrivant \u00e0 <a href=\"https:\/\/moncompte.actu.fr\" title=\"D\u00e9couvez Mon Actu\" rel=\"nofollow noopener\" data-trk=\"{&quot;cta&quot;:{&quot;action&quot;:&quot;https:\\\/\\\/moncompte.actu.fr&quot;,&quot;category&quot;:&quot;mon compte&quot;,&quot;from&quot;:&quot;article footer&quot;,&quot;name&quot;:&quot;Mon actu&quot;,&quot;type&quot;:&quot;cta&quot;}}\" target=\"_blank\">Mon Actu<\/a>.<\/p>\n","protected":false},"excerpt":{"rendered":"Par Emma Ressegaire Publi\u00e9 le 15 ao\u00fbt 2025 \u00e0 6h08 C\u2019est un petit week-end de trois jours qui&hellip;\n","protected":false},"author":2,"featured_media":320076,"comment_status":"","ping_status":"","sticky":false,"template":"","format":"standard","meta":{"footnotes":""},"categories":[1889],"tags":[1111,11,2430,215,1777,674,1011,27,2428,6178,12,25,104,5787],"class_list":{"0":"post-320075","1":"post","2":"type-post","3":"status-publish","4":"format-standard","5":"has-post-thumbnail","7":"category-lyon","8":"tag-actu","9":"tag-actualites","10":"tag-auvergne-rhone-alpes","11":"tag-commerce","12":"tag-eu","13":"tag-europe","14":"tag-fr","15":"tag-france","16":"tag-lyon","17":"tag-lyon-part-dieu","18":"tag-news","19":"tag-republique-francaise","20":"tag-societe","21":"tag-transports-en-commun-lyonnais-tcl"},"share_on_mastodon":{"url":"https:\/\/pubeurope.com\/@fr\/115030925341720406","error":""},"_links":{"self":[{"href":"https:\/\/www.europesays.com\/fr\/wp-json\/wp\/v2\/posts\/320075","targetHints":{"allow":["GET"]}}],"collection":[{"href":"https:\/\/www.europesays.com\/fr\/wp-json\/wp\/v2\/posts"}],"about":[{"href":"https:\/\/www.europesays.com\/fr\/wp-json\/wp\/v2\/types\/post"}],"author":[{"embeddable":true,"href":"https:\/\/www.europesays.com\/fr\/wp-json\/wp\/v2\/users\/2"}],"replies":[{"embeddable":true,"href":"https:\/\/www.europesays.com\/fr\/wp-json\/wp\/v2\/comments?post=320075"}],"version-history":[{"count":0,"href":"https:\/\/www.europesays.com\/fr\/wp-json\/wp\/v2\/posts\/320075\/revisions"}],"wp:featuredmedia":[{"embeddable":true,"href":"https:\/\/www.europesays.com\/fr\/wp-json\/wp\/v2\/media\/320076"}],"wp:attachment":[{"href":"https:\/\/www.europesays.com\/fr\/wp-json\/wp\/v2\/media?parent=320075"}],"wp:term":[{"taxonomy":"category","embeddable":true,"href":"https:\/\/www.europesays.com\/fr\/wp-json\/wp\/v2\/categories?post=320075"},{"taxonomy":"post_tag","embeddable":true,"href":"https:\/\/www.europesays.com\/fr\/wp-json\/wp\/v2\/tags?post=320075"}],"curies":[{"name":"wp","href":"https:\/\/api.w.org\/{rel}","templated":true}]}}