{"id":320077,"date":"2025-08-15T04:36:19","date_gmt":"2025-08-15T04:36:19","guid":{"rendered":"https:\/\/www.europesays.com\/fr\/320077\/"},"modified":"2025-08-15T04:36:19","modified_gmt":"2025-08-15T04:36:19","slug":"lyon-a-la-croix-rousse-cette-technique-innovante-va-bousculer-les-murs-de-la-vieille-cite-hbm","status":"publish","type":"post","link":"https:\/\/www.europesays.com\/fr\/320077\/","title":{"rendered":"Lyon. \u00c0 la Croix-Rousse, cette \u00ab\u00a0technique innovante\u00a0\u00bb va bousculer les murs de la vieille cit\u00e9 HBM"},"content":{"rendered":"<p>C\u2019est un peu l\u2019embl\u00e8me du quartier. Un survivant d\u2019une p\u00e9riode o\u00f9 le logement social s\u2019appelait habitation \u00e0 bon march\u00e9 (HBM). Abritant 297 logements, la cit\u00e9 Edouard-Herriot \u00e9difi\u00e9e sur le site du Clos Jouve au d\u00e9but du XXe\u00a0si\u00e8cle se distingue par son architecture dont le style tient beaucoup de la p\u00e9riode Art D\u00e9co.<\/p>\n<p>On ne peut l\u2019ignorer tant cet ensemble de 5 b\u00e2timents rec\u00e8le quantit\u00e9 de d\u00e9tails qu\u2019il faut savoir rep\u00e9rer\u00a0: corniches, frises, moulures, portes en ch\u00eane, fen\u00eatres en encorbellement, sont autant d\u2019\u00e9l\u00e9ments patrimoniaux qui, rythmant les fa\u00e7ades, seront conserv\u00e9s dans le cadre d\u2019une r\u00e9habilitation que s\u2019appr\u00eate \u00e0 lancer <a href=\"https:\/\/www.leprogres.fr\/edition-lyon-villeurbanne\/2020\/01\/30\/grand-lyon-habitat-construit-des-logements-depuis-100-ans\" target=\"_blank\" rel=\"noopener\">Grand Lyon Habitat,<\/a> propri\u00e9taire des lieux, en septembre.<\/p>\n<p>\u00ab\u00a0Les effets personnels sont d\u00e9m\u00e9nag\u00e9s dans un logement provisoire\u00a0\u00bb<\/p>\n<p>\u00ab\u00a0On est parti pour 6 ans de travaux\u00a0\u00bb, indique Patrick Rousseau, directeur du cadre de vie et du patrimoine, ils concernent 180 m\u00e9nages&#8230;<\/p>\n","protected":false},"excerpt":{"rendered":"C\u2019est un peu l\u2019embl\u00e8me du quartier. Un survivant d\u2019une p\u00e9riode o\u00f9 le logement social s\u2019appelait habitation \u00e0 bon&hellip;\n","protected":false},"author":2,"featured_media":320078,"comment_status":"","ping_status":"","sticky":false,"template":"","format":"standard","meta":{"footnotes":""},"categories":[1889],"tags":[1111,11,2430,4749,33,2757,1777,674,1011,27,10284,1908,2428,2756,3455,12,25,2429,104],"class_list":{"0":"post-320077","1":"post","2":"type-post","3":"status-publish","4":"format-standard","5":"has-post-thumbnail","7":"category-lyon","8":"tag-actu","9":"tag-actualites","10":"tag-auvergne-rhone-alpes","11":"tag-btp-et-chantiers","12":"tag-economie","13":"tag-edition-lyon-villeurbanne","14":"tag-eu","15":"tag-europe","16":"tag-fr","17":"tag-france","18":"tag-location","19":"tag-logement","20":"tag-lyon","21":"tag-lyon-bassin","22":"tag-magazine-immobilier","23":"tag-news","24":"tag-republique-francaise","25":"tag-rhone","26":"tag-societe"},"share_on_mastodon":{"url":"https:\/\/pubeurope.com\/@fr\/115030929125635366","error":""},"_links":{"self":[{"href":"https:\/\/www.europesays.com\/fr\/wp-json\/wp\/v2\/posts\/320077","targetHints":{"allow":["GET"]}}],"collection":[{"href":"https:\/\/www.europesays.com\/fr\/wp-json\/wp\/v2\/posts"}],"about":[{"href":"https:\/\/www.europesays.com\/fr\/wp-json\/wp\/v2\/types\/post"}],"author":[{"embeddable":true,"href":"https:\/\/www.europesays.com\/fr\/wp-json\/wp\/v2\/users\/2"}],"replies":[{"embeddable":true,"href":"https:\/\/www.europesays.com\/fr\/wp-json\/wp\/v2\/comments?post=320077"}],"version-history":[{"count":0,"href":"https:\/\/www.europesays.com\/fr\/wp-json\/wp\/v2\/posts\/320077\/revisions"}],"wp:featuredmedia":[{"embeddable":true,"href":"https:\/\/www.europesays.com\/fr\/wp-json\/wp\/v2\/media\/320078"}],"wp:attachment":[{"href":"https:\/\/www.europesays.com\/fr\/wp-json\/wp\/v2\/media?parent=320077"}],"wp:term":[{"taxonomy":"category","embeddable":true,"href":"https:\/\/www.europesays.com\/fr\/wp-json\/wp\/v2\/categories?post=320077"},{"taxonomy":"post_tag","embeddable":true,"href":"https:\/\/www.europesays.com\/fr\/wp-json\/wp\/v2\/tags?post=320077"}],"curies":[{"name":"wp","href":"https:\/\/api.w.org\/{rel}","templated":true}]}}