{"id":320079,"date":"2025-08-15T04:38:11","date_gmt":"2025-08-15T04:38:11","guid":{"rendered":"https:\/\/www.europesays.com\/fr\/320079\/"},"modified":"2025-08-15T04:38:11","modified_gmt":"2025-08-15T04:38:11","slug":"canicule-lile-de-france-sort-de-la-vigilance-orange-70-departements-toujours-concernes","status":"publish","type":"post","link":"https:\/\/www.europesays.com\/fr\/320079\/","title":{"rendered":"Canicule\u00a0: l\u2019\u00cele-de-France sort de la vigilance orange, 70 d\u00e9partements toujours concern\u00e9s"},"content":{"rendered":"<p class=\"paragraph text_align_left lp-f-body-02\">La quasi-totalit\u00e9 du pays est toujours en <a href=\"https:\/\/www.leparisien.fr\/meteo\/canicule-75-departements-en-vigilance-orange-ce-jeudi-des-temperatures-en-legere-baisse-mais-toujours-etouffantes-14-08-2025-AFIGN7QKTJDZBPDAWJPIO62CNA.php\" target=\"_self\" rel=\"noopener\">alerte canicule<\/a>. C\u2019est ce qu\u2019explique M\u00e9t\u00e9o France dans son bulletin matinal paru ce vendredi matin \u00e0 6 heures, au 7e jour d\u2019une vague de chaleur solidement install\u00e9e sur le pays depuis le d\u00e9but de la semaine.<\/p>\n<p class=\"paragraph text_align_left lp-f-body-02\">La vigilance orange reste valable pour 70<b> <\/b>d\u00e9partements ce vendredi, incluant une partie de la Bretagne, \u00e9pargn\u00e9e en d\u00e9but de semaine. Par rapport \u00e0 vendredi, l\u2019\u00cele-de-France a rebascul\u00e9 en jaune. Samedi, quatre autres d\u00e9partements sortiront \u00e0 leur tour de la vigilance orange, qui ne concernera plus que 66 territoires.<\/p>\n<p class=\"paragraph text_align_left lp-f-body-02\">Dans <a href=\"https:\/\/www.leparisien.fr\/culture-loisirs\/musique\/des-fetes-du-sud-ouest-prennent-leurs-distances-avec-un-label-lie-au-milliardaire-identitaire-pierre-edouard-sterin-08-08-2025-UHHDUVIAXRGC3C5HCIMTZVJNBE.php?at_variant=photo&amp;at_creation=Le%20Parisien&amp;at_campaign=Partage%20Twitter%20CM&amp;at_medium=Social%20media\" target=\"_self\" rel=\"noopener\">le Sud-Ouest<\/a>, particuli\u00e8rement touch\u00e9 par la mont\u00e9e des temp\u00e9ratures, des valeurs \u00ab pouvant atteindre les 40 \u00b0C \u00bb seront encore une fois attendues. L\u2019institut pr\u00e9voit \u00e9galement pour les trois quarts de la r\u00e9gion, une nouvelle <a href=\"https:\/\/www.leparisien.fr\/environnement\/climat\/canicule-deja-habituelles-dans-le-sud-les-nuits-tropicales-arrivent-en-ile-de-france-11-08-2025-6CRDKPLTFFCWLFEFWKWXMMYX6I.php\" target=\"_self\" rel=\"noopener\">\u00ab nuit chaude \u00bb<\/a> (o\u00f9 les temp\u00e9ratures ne descendent pas sous les 20 \u00b0C).<\/p>\n<p class=\"paragraph text_align_left lp-f-body-02\">Des valeurs qui vont d\u2019ailleurs se prolonger sur tout le week-end, pr\u00e9vient encore une fois M\u00e9t\u00e9o France.<\/p>\n<p>Nombreux records<\/p>\n<p class=\"paragraph text_align_left lp-f-body-02\">L\u2019institut parle d\u2019un <a href=\"https:\/\/www.leparisien.fr\/meteo\/canicule-la-chaleur-persiste-des-records-de-temperature-encore-battus-13-08-2025-5RBRRFJ3CVE7RL7QA2IHI64C3Y.php\" target=\"_self\" rel=\"noopener\">effet \u00ab d\u00f4me de chaleur \u00bb<\/a> durablement install\u00e9 sur la France, malgr\u00e9 les orages de ces derniers jours. Une d\u00e9gradation similaire arrivera d\u2019ailleurs dans l\u2019apr\u00e8s-midi par l\u2019est. Cette derni\u00e8re aura une intensit\u00e9 plus faible par rapport aux jours pr\u00e9c\u00e9dents. M\u00eame si \u00e0 partir de dimanche, le mercure devrait commencer \u00e0 baisser.<\/p>\n<p class=\"paragraph text_align_left lp-f-body-02\"><a href=\"https:\/\/www.leparisien.fr\/meteo\/canicule-pres-de-43-c-en-ardeche-de-nouveaux-records-de-temperature-battus-ce-mardi-dans-plusieurs-villes-francaises-12-08-2025-XEQ7T4IPMJBDHMNJVOYF2ILZ7U.php\" rel=\"noopener\" target=\"_blank\">Des temp\u00e9ratures records<\/a> ont \u00e9t\u00e9 enregistr\u00e9es ces derniers jours, comme ce mercredi avec 41,7 \u00b0C \u00e0 Ch\u00e2teaumeillant (Cher) ; 39,8 \u00b0C \u00e0 Nevers (Ni\u00e8vre) ou encore 39,7 \u00b0C \u00e0 Saint-Michel-de-Maurienne (Savoie), \u00e0 698 m d\u2019altitude, selon M\u00e9t\u00e9o France.<\/p>\n<p class=\"paragraph text_align_left lp-f-body-02\">En Occitanie, la hausse de la temp\u00e9rature de la Garonne \u00e0 cause des fortes chaleurs a amen\u00e9 EDF \u00e0 r\u00e9duire la production de la centrale nucl\u00e9aire de Golfech, comme le pr\u00e9voit un arr\u00eat\u00e9 de 2006. En effet, la centrale pr\u00e9l\u00e8ve de l\u2019eau dans le fleuve, puis la rejette \u00e0 une temp\u00e9rature plus \u00e9lev\u00e9e, contribuant ainsi au r\u00e9chauffement de l\u2019eau.<\/p>\n<p class=\"title-embed-dailymotion lp-color-text lp-f-subtitle-04\">Vid\u00e9o\u00ab C&rsquo;est insupportable cette chaleur \u00bb : le Tarn en alerte rouge canicule<\/p>\n<p class=\"paragraph text_align_left lp-f-body-02\">Au village de Ginouillac, <a href=\"https:\/\/www.leparisien.fr\/lot-et-garonne-47\/\" target=\"_self\" rel=\"noopener\">dans le Lot<\/a>, o\u00f9 les temp\u00e9ratures sont mont\u00e9es jusqu\u2019\u00e0 41 \u00b0C en d\u00e9but de semaine, les vaches de Christophe Bonnet, <a href=\"https:\/\/www.leparisien.fr\/meteo\/comme-nous-les-betes-sont-epuisees-les-animaux-delevage-suffoquent-sous-la-chaleur-19-07-2022-I7HKAGRWPFGIDM42H54MWBUI6Q.php\" target=\"_self\" rel=\"noopener\">\u00e9leveur de 54 ans, ont elles aussi souffert<\/a> et produit moins de lait. \u00ab Quand il fait chaud on perd 10 % \u00bb de la production et il y a aussi \u00ab plus de risques au v\u00ealage car les vaches peuvent faire une infection \u00bb, explique-t-il \u00e0 l\u2019AFP.<\/p>\n<p class=\"paragraph text_align_left lp-f-body-02\">La France subit depuis vendredi sa <a href=\"https:\/\/www.leparisien.fr\/meteo\/des-temperatures-au-dessus-ou-proches-de-40-c-attendus-encore-plusieurs-jours-jusqua-quand-va-durer-la-canicule-12-08-2025-AF52KYSNERGXVLYPYGZECCLCHM.php\" target=\"_self\" rel=\"noopener\">51e vague de chaleur<\/a> depuis 1947 et la 2e depuis le d\u00e9but de l\u2019\u00e9t\u00e9, des \u00e9pisodes rendus plus fr\u00e9quents et plus intenses par le changement climatique. De nouveaux records ont \u00e9t\u00e9 battus ce 14 ao\u00fbt comme \u00e0 S\u00e8te ou le record mensuel a \u00e9t\u00e9 battu avec 36,9 \u00b0C, contre 36,6 \u00b0C le 23 ao\u00fbt 2023 <a href=\"https:\/\/actualite.lachainemeteo.com\/alerte-meteo\/8698-canicule-de-longue-duree-debut-de-sortie-par-le-nord\" target=\"_self\" rel=\"noopener\">d\u2019apr\u00e8s la Cha\u00eene m\u00e9t\u00e9o<\/a>.<\/p>\n","protected":false},"excerpt":{"rendered":"La quasi-totalit\u00e9 du pays est toujours en alerte canicule. C\u2019est ce qu\u2019explique M\u00e9t\u00e9o France dans son bulletin matinal&hellip;\n","protected":false},"author":2,"featured_media":320080,"comment_status":"","ping_status":"","sticky":false,"template":"","format":"standard","meta":{"footnotes":""},"categories":[1592],"tags":[1111,11,898,8936,1777,674,1011,27,662,2487,12,626,25],"class_list":{"0":"post-320079","1":"post","2":"type-post","3":"status-publish","4":"format-standard","5":"has-post-thumbnail","7":"category-ile-de-france","8":"tag-actu","9":"tag-actualites","10":"tag-alerte","11":"tag-breaking-news","12":"tag-eu","13":"tag-europe","14":"tag-fr","15":"tag-france","16":"tag-ile-de-france","17":"tag-meteo","18":"tag-news","19":"tag-paris","20":"tag-republique-francaise"},"share_on_mastodon":{"url":"https:\/\/pubeurope.com\/@fr\/115030937105529009","error":""},"_links":{"self":[{"href":"https:\/\/www.europesays.com\/fr\/wp-json\/wp\/v2\/posts\/320079","targetHints":{"allow":["GET"]}}],"collection":[{"href":"https:\/\/www.europesays.com\/fr\/wp-json\/wp\/v2\/posts"}],"about":[{"href":"https:\/\/www.europesays.com\/fr\/wp-json\/wp\/v2\/types\/post"}],"author":[{"embeddable":true,"href":"https:\/\/www.europesays.com\/fr\/wp-json\/wp\/v2\/users\/2"}],"replies":[{"embeddable":true,"href":"https:\/\/www.europesays.com\/fr\/wp-json\/wp\/v2\/comments?post=320079"}],"version-history":[{"count":0,"href":"https:\/\/www.europesays.com\/fr\/wp-json\/wp\/v2\/posts\/320079\/revisions"}],"wp:featuredmedia":[{"embeddable":true,"href":"https:\/\/www.europesays.com\/fr\/wp-json\/wp\/v2\/media\/320080"}],"wp:attachment":[{"href":"https:\/\/www.europesays.com\/fr\/wp-json\/wp\/v2\/media?parent=320079"}],"wp:term":[{"taxonomy":"category","embeddable":true,"href":"https:\/\/www.europesays.com\/fr\/wp-json\/wp\/v2\/categories?post=320079"},{"taxonomy":"post_tag","embeddable":true,"href":"https:\/\/www.europesays.com\/fr\/wp-json\/wp\/v2\/tags?post=320079"}],"curies":[{"name":"wp","href":"https:\/\/api.w.org\/{rel}","templated":true}]}}