{"id":320081,"date":"2025-08-15T04:39:20","date_gmt":"2025-08-15T04:39:20","guid":{"rendered":"https:\/\/www.europesays.com\/fr\/320081\/"},"modified":"2025-08-15T04:39:20","modified_gmt":"2025-08-15T04:39:20","slug":"il-faut-mettre-fin-au-phenomene-de-mise-en-scene-des-reseaux","status":"publish","type":"post","link":"https:\/\/www.europesays.com\/fr\/320081\/","title":{"rendered":"\u201cIl faut mettre fin au ph\u00e9nom\u00e8ne de mise en sc\u00e8ne\u201d des r\u00e9seaux"},"content":{"rendered":"<p class=\"article__intro\">Embl\u00e9matique de l&rsquo;Ari\u00e8ge, de nombreux automobilistes, habitu\u00e9s et touristes, empruntent la spectaculaire route traversant la grotte du Mas-d&rsquo;Azil. Les vid\u00e9os inondent les r\u00e9seaux sociaux et nourrissent sa notori\u00e9t\u00e9 dans le monde entier. Les scientifiques alertent quant au d\u00e9clin du nombre de chiropt\u00e8res qui l&rsquo;occupent.<\/p>\n<p>\n      L\u2019actu des r\u00e9gions\n    <\/p>\n<p>\n      Chaque jour, un tour d\u2019horizon des principales infos de toutes les r\u00e9gions.\n    <\/p>\n<p>    France T\u00e9l\u00e9visions utilise votre adresse e-mail afin de vous envoyer la newsletter \u00ab\u00a0L\u2019actu des r\u00e9gions\u00a0\u00bb. Vous pouvez vous d\u00e9sinscrire \u00e0 tout moment via le lien en bas de cette newsletter. <a target=\"_blank\" href=\"https:\/\/www.francetelevisions.fr\/groupe\/confidentialite\/politique-de-confidentialite\/politique-de-confidentialite-de-france-televisions-6503\" rel=\"nofollow noopener\">Notre politique de confidentialit\u00e9<\/a><\/p>\n<p>C&rsquo;est une route devenue mythique, longue de 420 m\u00e8tres\u00a0: celle qui traverse la <a href=\"https:\/\/www.sites-touristiques-ariege.fr\/roadtrip-de-site-en-site\/grotte-du-mas-dazil\/\" target=\"_blank\" rel=\"noopener nofollow\">grotte du Mas-d&rsquo;Azil<\/a> en Ari\u00e8ge. Unique en Europe, elle fascine les locaux lors de leurs trajets quotidiens, comme les touristes du monde entier.<\/p>\n<\/p>\n<p>Cette grotte, creus\u00e9e naturellement par la rivi\u00e8re Arize, servait d&rsquo;abri pour les hommes pr\u00e9historiques. Elle r\u00e9v\u00e8le un tr\u00e9sor arch\u00e9ologique datant du pal\u00e9olithique et du m\u00e9solithique, avec notamment la d\u00e9couverte d&rsquo;outils, d&rsquo;armes, d&rsquo;objets d&rsquo;art et de gravures&#8230; L&rsquo;\u00e9merveillement devant ce bijou d&rsquo;histoire est justifi\u00e9. Ce site Natura 2000 est class\u00e9 Monument historique depuis 1942.<\/p>\n<p>La route a \u00e9t\u00e9 construite au 19e si\u00e8cle, en 1857. D&rsquo;ailleurs, sur les r\u00e9seaux sociaux, des vid\u00e9os de la travers\u00e9e en voiture ou \u00e0 moto s&rsquo;accumulent, enregistrant des milliers de vues.<\/p>\n<p>Mais cette notori\u00e9t\u00e9 mondiale a des effets n\u00e9fastes, notamment sur les habitants de la grotte\u00a0: les chauves-souris.<\/p>\n<p>\u00ab\u00a0\u00c7a implique forc\u00e9ment une nuisance sonore et surtout une pollution de l&rsquo;air dans un endroit clos, qui peuvent avoir des impacts sur la pr\u00e9sence des chauves-souris, sur l&rsquo;\u00e9tat du karst et sur les vestiges arch\u00e9ologiques\u00a0\u00bb, s&rsquo;inqui\u00e8te Lilian Hacquin, charg\u00e9 de mission expertise faune \u00e0 l&rsquo;<a href=\"https:\/\/ariegenature.fr\/\" target=\"_blank\" rel=\"noopener nofollow\">ANA-CEN<\/a>, Conservatoire d&rsquo;espaces naturels en Ari\u00e8ge.<\/p>\n<p>Et pour cause, la population qui avoisinait les 4.000 b\u00eates dans les ann\u00e9es 80 conna\u00eet un r\u00e9el d\u00e9clin depuis une dizaine d&rsquo;ann\u00e9es\u00a0: aujourd&rsquo;hui, on en compte un millier maximum. \u00ab\u00a0Nous sommes persuad\u00e9s que l&rsquo;am\u00e9nagement de la grotte n&rsquo;a pas fait du bien aux populations de chauves-souris. C&rsquo;est un site vitrine, je comprends son attrait pour le tourisme, mais c&rsquo;\u00e9tait probablement des questions qu&rsquo;on ne s&rsquo;\u00e9tait pas pos\u00e9es \u00e0 l&rsquo;\u00e9poque\u00a0\u00bb, songe Lilan Hacquin.<\/p>\n<p>\u00ab\u00a0Il faudrait s&rsquo;y pencher s\u00e9rieusement et r\u00e9aliser un vrai diagnostic microclimatique sur la population de chauves-souris de cette cavit\u00e9, installer des capteurs d&rsquo;air et pourquoi envisager de d\u00e9tourner une partie du flux routier&#8230;\u00a0\u00bb<\/p>\n<p>\u00a0<\/p>\n<p>Ce mercredi 13 ao\u00fbt 2025, suite \u00e0 des infractions \u00e0 la s\u00e9curit\u00e9 routi\u00e8re dans la travers\u00e9e de la grotte, une op\u00e9ration de s\u00e9curit\u00e9 routi\u00e8re \u00e9tait organis\u00e9e. \u00ab\u00a0Nous voulons mettre un coup d&rsquo;arr\u00eat au ph\u00e9nom\u00e8ne de mise en sc\u00e8ne de personnes, notamment des motards, en exc\u00e8s de vitesse et ayant une conduite dangereuse\u00a0\u00bb, d\u00e9clare Catherine Lupion, sous-pr\u00e9f\u00e8te de l&rsquo;arrondissement de Saint-Girons.<\/p>\n<\/p>\n<p>\u00ab\u00a0La travers\u00e9e de la grotte en respectant la vitesse de 30 km\/h et en limitant le bruit des moteurs et des klaxons est la meilleure fa\u00e7on de profiter de la beaut\u00e9 du lieu, tout en respectant les biodiversit\u00e9s, les visiteurs et les personnes travaillant sur ce site d\u2019exception\u00a0\u00bb, alerte la pr\u00e9fecture de l&rsquo;Ari\u00e8ge.<\/p>\n<p>Le d\u00e9partement observerait une augmentation de 9% des accidents routiers sur les six premiers mois de l&rsquo;ann\u00e9e.<\/p>\n","protected":false},"excerpt":{"rendered":"Embl\u00e9matique de l&rsquo;Ari\u00e8ge, de nombreux automobilistes, habitu\u00e9s et touristes, empruntent la spectaculaire route traversant la grotte du Mas-d&rsquo;Azil.&hellip;\n","protected":false},"author":2,"featured_media":320082,"comment_status":"","ping_status":"","sticky":false,"template":"","format":"standard","meta":{"footnotes":""},"categories":[1888],"tags":[1111,1928,11,1927,1777,674,1011,27,12,1926,626,1925,25],"class_list":{"0":"post-320081","1":"post","2":"type-post","3":"status-publish","4":"format-standard","5":"has-post-thumbnail","7":"category-paris","8":"tag-actu","9":"tag-actu-paris","10":"tag-actualites","11":"tag-actualites-paris","12":"tag-eu","13":"tag-europe","14":"tag-fr","15":"tag-france","16":"tag-news","17":"tag-news-paris","18":"tag-paris","19":"tag-paris-news","20":"tag-republique-francaise"},"share_on_mastodon":{"url":"https:\/\/pubeurope.com\/@fr\/115030941066081001","error":""},"_links":{"self":[{"href":"https:\/\/www.europesays.com\/fr\/wp-json\/wp\/v2\/posts\/320081","targetHints":{"allow":["GET"]}}],"collection":[{"href":"https:\/\/www.europesays.com\/fr\/wp-json\/wp\/v2\/posts"}],"about":[{"href":"https:\/\/www.europesays.com\/fr\/wp-json\/wp\/v2\/types\/post"}],"author":[{"embeddable":true,"href":"https:\/\/www.europesays.com\/fr\/wp-json\/wp\/v2\/users\/2"}],"replies":[{"embeddable":true,"href":"https:\/\/www.europesays.com\/fr\/wp-json\/wp\/v2\/comments?post=320081"}],"version-history":[{"count":0,"href":"https:\/\/www.europesays.com\/fr\/wp-json\/wp\/v2\/posts\/320081\/revisions"}],"wp:featuredmedia":[{"embeddable":true,"href":"https:\/\/www.europesays.com\/fr\/wp-json\/wp\/v2\/media\/320082"}],"wp:attachment":[{"href":"https:\/\/www.europesays.com\/fr\/wp-json\/wp\/v2\/media?parent=320081"}],"wp:term":[{"taxonomy":"category","embeddable":true,"href":"https:\/\/www.europesays.com\/fr\/wp-json\/wp\/v2\/categories?post=320081"},{"taxonomy":"post_tag","embeddable":true,"href":"https:\/\/www.europesays.com\/fr\/wp-json\/wp\/v2\/tags?post=320081"}],"curies":[{"name":"wp","href":"https:\/\/api.w.org\/{rel}","templated":true}]}}