{"id":320095,"date":"2025-08-15T04:46:29","date_gmt":"2025-08-15T04:46:29","guid":{"rendered":"https:\/\/www.europesays.com\/fr\/320095\/"},"modified":"2025-08-15T04:46:29","modified_gmt":"2025-08-15T04:46:29","slug":"le-royaume-uni-secarte-de-la-position-de-lue-contre-les-droits-de-douane-sur-les-metaux","status":"publish","type":"post","link":"https:\/\/www.europesays.com\/fr\/320095\/","title":{"rendered":"Le Royaume-Uni s\u2019\u00e9carte de la position de l\u2019UE contre les droits de douane sur les m\u00e9taux"},"content":{"rendered":"<p style=\"text-align: left\"><strong>LONDRES \u2014 Le Royaume-Uni ne se joindra pas \u00e0 la contre-attaque europ\u00e9enne en r\u00e9ponse aux droits de douane de 25 % propos\u00e9s par Donald Trump sur l\u2019acier et l\u2019aluminium import\u00e9s. Pour les Britanniques, \u00ab\u2009les droits de douane de r\u00e9torsion pourraient ne pas \u00eatre dans le meilleur int\u00e9r\u00eat de l\u2019industrie\u2009\u00bb.<\/strong><\/p>\n<p>La position du Royaume-Uni s\u2019oppose \u00e0 celle de l\u2019Union europ\u00e9enne (UE). La pr\u00e9sidente de la Commission, Ursula von der Leyen, a en effet affirm\u00e9 que le bloc prendrait \u00ab\u2009des contre-mesures fermes et proportionn\u00e9es\u2009\u00bb face aux droits de douane am\u00e9ricains.<\/p>\n<p>Le porte-parole du Premier ministre britannique, Keir Starmer, n\u2019a pas comment\u00e9 le bien-fond\u00e9 de l\u2019imposition de ces droits de douane \u00e0 grande \u00e9chelle par le pr\u00e9sident am\u00e9ricain.<\/p>\n<p>\u00ab\u2009Nous adopterons une approche r\u00e9fl\u00e9chie \u00e0 cet \u00e9gard. Nous discuterons des d\u00e9tails avec les \u00c9tats-Unis, mais le gouvernement est clair\u00a0: nous travaillerons dans l\u2019int\u00e9r\u00eat national et cette question n\u2019est pas diff\u00e9rente\u2009\u00bb, a-t-il ajout\u00e9.<\/p>\n<p>Ces d\u00e9clarations interviennent alors que Gareth Stace, directeur g\u00e9n\u00e9ral de UK Steel, s\u2019inqui\u00e8te et d\u00e9crit ces droits de douane comme un \u00ab\u2009coup de massue\u2009\u00bb port\u00e9 au libre-\u00e9change.<\/p>\n<p>Ce dernier souligne l\u2019importance du march\u00e9 am\u00e9ricain, qui est actuellement le deuxi\u00e8me march\u00e9 d\u2019exportation du Royaume-Uni apr\u00e8s l\u2019UE. Il \u00e9voque \u00e9galement la possibilit\u00e9 que les pays vis\u00e9s par ces droits de douane r\u00e9orientent leurs ventes vers le march\u00e9 britannique, ce qui affaiblirait encore davantage la position de UK Steel.<\/p>\n<p>\u00ab\u2009\u00c0 une \u00e9poque o\u00f9 la demande diminue et o\u00f9 les co\u00fbts sont \u00e9lev\u00e9s, la mont\u00e9e du protectionnisme dans le monde, en particulier aux \u00c9tats-Unis, \u00e9touffera nos exportations. Elle portera atteinte \u00e0 la contribution du secteur sid\u00e9rurgique \u00e0 la balance commerciale du Royaume-Uni, qui s\u2019\u00e9l\u00e8ve \u00e0 plus de 400 millions de livres sterling\u2009\u00bb, a ajout\u00e9 l\u2019expert dans un communiqu\u00e9.<\/p>\n<p><img loading=\"lazy\" decoding=\"async\" width=\"800\" height=\"600\" src=\"https:\/\/www.europesays.com\/fr\/wp-content\/uploads\/2025\/08\/GettyImages-1248014148-800x600.jpg\" class=\"attachment-4x3 size-4x3 wp-post-image ea-media-unrolled ea-media-formatted img-responsive\" alt=\"\"\/><\/p>\n<p>(AB)<\/p>\n","protected":false},"excerpt":{"rendered":"LONDRES \u2014 Le Royaume-Uni ne se joindra pas \u00e0 la contre-attaque europ\u00e9enne en r\u00e9ponse aux droits de douane&hellip;\n","protected":false},"author":2,"featured_media":320096,"comment_status":"","ping_status":"","sticky":false,"template":"","format":"standard","meta":{"footnotes":""},"categories":[1588],"tags":[11,1777,674,12,473,1853,1851,1850,1852],"class_list":{"0":"post-320095","1":"post","2":"type-post","3":"status-publish","4":"format-standard","5":"has-post-thumbnail","7":"category-royaume-uni","8":"tag-actualites","9":"tag-eu","10":"tag-europe","11":"tag-news","12":"tag-royaume-uni","13":"tag-royaume-uni-de-grande-bretagne-et-dirlande-du-nord","14":"tag-uk","15":"tag-united-kingdom","16":"tag-united-kingdom-of-great-britain-and-northern-ireland"},"share_on_mastodon":{"url":"https:\/\/pubeurope.com\/@fr\/115030968858929868","error":""},"_links":{"self":[{"href":"https:\/\/www.europesays.com\/fr\/wp-json\/wp\/v2\/posts\/320095","targetHints":{"allow":["GET"]}}],"collection":[{"href":"https:\/\/www.europesays.com\/fr\/wp-json\/wp\/v2\/posts"}],"about":[{"href":"https:\/\/www.europesays.com\/fr\/wp-json\/wp\/v2\/types\/post"}],"author":[{"embeddable":true,"href":"https:\/\/www.europesays.com\/fr\/wp-json\/wp\/v2\/users\/2"}],"replies":[{"embeddable":true,"href":"https:\/\/www.europesays.com\/fr\/wp-json\/wp\/v2\/comments?post=320095"}],"version-history":[{"count":0,"href":"https:\/\/www.europesays.com\/fr\/wp-json\/wp\/v2\/posts\/320095\/revisions"}],"wp:featuredmedia":[{"embeddable":true,"href":"https:\/\/www.europesays.com\/fr\/wp-json\/wp\/v2\/media\/320096"}],"wp:attachment":[{"href":"https:\/\/www.europesays.com\/fr\/wp-json\/wp\/v2\/media?parent=320095"}],"wp:term":[{"taxonomy":"category","embeddable":true,"href":"https:\/\/www.europesays.com\/fr\/wp-json\/wp\/v2\/categories?post=320095"},{"taxonomy":"post_tag","embeddable":true,"href":"https:\/\/www.europesays.com\/fr\/wp-json\/wp\/v2\/tags?post=320095"}],"curies":[{"name":"wp","href":"https:\/\/api.w.org\/{rel}","templated":true}]}}