{"id":320099,"date":"2025-08-15T04:53:17","date_gmt":"2025-08-15T04:53:17","guid":{"rendered":"https:\/\/www.europesays.com\/fr\/320099\/"},"modified":"2025-08-15T04:53:17","modified_gmt":"2025-08-15T04:53:17","slug":"depuis-larrivee-de-trump-leurope-est-le-premier-soutien-financier-de-lukraine","status":"publish","type":"post","link":"https:\/\/www.europesays.com\/fr\/320099\/","title":{"rendered":"Depuis l&rsquo;arriv\u00e9e de Trump, l&rsquo;Europe est le premier soutien financier de l&rsquo;Ukraine"},"content":{"rendered":"<p>L&rsquo;arriv\u00e9e de Donald Trump \u00e0 Washington a fait l&rsquo;effet d&rsquo;un coup de froid sur l&rsquo;aide \u00e0 l&rsquo;Ukraine. Selon une nouvelle \u00e9tude de l&rsquo;institut allemand Kiel, les Europ\u00e9ens, Royaume-Uni compris, ont donn\u00e9 ou allou\u00e9 \u00e0 l&rsquo;Ukraine 166,2\u00a0milliards d&rsquo;euros au total d&rsquo;aides entre le d\u00e9but de la guerre et la fin juin, contre 114,6\u00a0milliards pour les \u00c9tats-Unis.<\/p>\n<p>Cet \u00e9cart s&rsquo;est surtout creus\u00e9 depuis janvier\u00a02025. Apr\u00e8s l&rsquo;envoi de 26,8\u00a0milliards d&rsquo;euros \u00e0 Kiev par le gouvernement am\u00e9ricain fin 2024, les \u00c9tats-Unis ont coup\u00e9 le robinet d&rsquo;aides.<\/p>\n<p>D\u00e8s son arriv\u00e9e au pouvoir, Donald Trump a chang\u00e9 la strat\u00e9gie am\u00e9ricaine. En mai, il a approuv\u00e9 d&rsquo;importantes exportations d&rsquo;armes vers l&rsquo;Ukraine. Avec une nuance importante\u00a0: cette fois-ci, c&rsquo;est \u00e0 Kiev de financer elle-m\u00eame ses achats.<\/p>\n<p>Pour compenser l&rsquo;arr\u00eat des aides am\u00e9ricaines, les pays europ\u00e9ens ont envoy\u00e9 18,7\u00a0milliards d&rsquo;euros\u00a0\u00e0 l&rsquo;Ukraine au premier trimestre 2025 et 20\u00a0milliards au deuxi\u00e8me. Et la d\u00e9pendance de Kiev aux aides du Vieux Continent risque de se p\u00e9renniser au vu des messages envoy\u00e9s par Washington.\u00a0\u00ab\u00a0Je pense que [&#8230;] nous en avons fini avec le financement de cette guerre en Ukraine\u00a0\u00bb,\u00a0a notamment d\u00e9clar\u00e9 le vice-pr\u00e9sident am\u00e9ricain, JD Vance, dans une interview diffus\u00e9e dimanche sur la cha\u00eene conservatrice Fox News.<\/p>\n","protected":false},"excerpt":{"rendered":"L&rsquo;arriv\u00e9e de Donald Trump \u00e0 Washington a fait l&rsquo;effet d&rsquo;un coup de froid sur l&rsquo;aide \u00e0 l&rsquo;Ukraine. Selon&hellip;\n","protected":false},"author":2,"featured_media":320100,"comment_status":"","ping_status":"","sticky":false,"template":"","format":"standard","meta":{"footnotes":""},"categories":[1586],"tags":[17,11,394,33,932,1777,674,1011,27,16800,1808,12,7910,25,7618,467],"class_list":{"0":"post-320099","1":"post","2":"type-post","3":"status-publish","4":"format-standard","5":"has-post-thumbnail","7":"category-europe","8":"tag-17","9":"tag-actualites","10":"tag-depuis","11":"tag-economie","12":"tag-est","13":"tag-eu","14":"tag-europe","15":"tag-fr","16":"tag-france","17":"tag-larrivee","18":"tag-leurope","19":"tag-news","20":"tag-premier","21":"tag-republique-francaise","22":"tag-soutien","23":"tag-trump"},"share_on_mastodon":{"url":"https:\/\/pubeurope.com\/@fr\/115030996074479414","error":""},"_links":{"self":[{"href":"https:\/\/www.europesays.com\/fr\/wp-json\/wp\/v2\/posts\/320099","targetHints":{"allow":["GET"]}}],"collection":[{"href":"https:\/\/www.europesays.com\/fr\/wp-json\/wp\/v2\/posts"}],"about":[{"href":"https:\/\/www.europesays.com\/fr\/wp-json\/wp\/v2\/types\/post"}],"author":[{"embeddable":true,"href":"https:\/\/www.europesays.com\/fr\/wp-json\/wp\/v2\/users\/2"}],"replies":[{"embeddable":true,"href":"https:\/\/www.europesays.com\/fr\/wp-json\/wp\/v2\/comments?post=320099"}],"version-history":[{"count":0,"href":"https:\/\/www.europesays.com\/fr\/wp-json\/wp\/v2\/posts\/320099\/revisions"}],"wp:featuredmedia":[{"embeddable":true,"href":"https:\/\/www.europesays.com\/fr\/wp-json\/wp\/v2\/media\/320100"}],"wp:attachment":[{"href":"https:\/\/www.europesays.com\/fr\/wp-json\/wp\/v2\/media?parent=320099"}],"wp:term":[{"taxonomy":"category","embeddable":true,"href":"https:\/\/www.europesays.com\/fr\/wp-json\/wp\/v2\/categories?post=320099"},{"taxonomy":"post_tag","embeddable":true,"href":"https:\/\/www.europesays.com\/fr\/wp-json\/wp\/v2\/tags?post=320099"}],"curies":[{"name":"wp","href":"https:\/\/api.w.org\/{rel}","templated":true}]}}