{"id":320101,"date":"2025-08-15T04:54:13","date_gmt":"2025-08-15T04:54:13","guid":{"rendered":"https:\/\/www.europesays.com\/fr\/320101\/"},"modified":"2025-08-15T04:54:13","modified_gmt":"2025-08-15T04:54:13","slug":"lue-va-scanner-tous-vos-messages-whatsapp-signal-telegram","status":"publish","type":"post","link":"https:\/\/www.europesays.com\/fr\/320101\/","title":{"rendered":"l&rsquo;UE va scanner tous vos messages WhatsApp, Signal, Telegram"},"content":{"rendered":"<p><strong>Avec Chat Control, vos conversations priv\u00e9es ne le seront plus aux yeux de l\u2019UE. Avant m\u00eame d\u2019atteindre vos destinataires, vos messages pourraient \u00eatre scrut\u00e9s. Pratique pour la s\u00e9curit\u00e9 ou inqui\u00e9tant\u202f?<\/strong><\/p>\n<p><a href=\"https:\/\/www.lebigdata.fr\/lue-compte-scanner-tous-vos-messages-privesmeme-chiffres\" rel=\"nofollow noopener\" target=\"_blank\">L\u2019UE est \u00e0 nouveau int\u00e9ress\u00e9e par Chat Control<\/a> pour mettre les yeux sur tous vos messages sur WhatsApp, Signal et Telegram. Rien ne sera cach\u00e9. Pas m\u00eame vos discussions les plus intimes. \u00c9videmment, ce n\u2019est pas pour le plaisir. Les pays membres assurent que c\u2019est pour la s\u00e9curit\u00e9.\u00a0<\/p>\n<p>Mais est-ce vraiment ce qui va se passer\u202f? Franchement, personne ne le sait. Moi, je ne peux pas m\u2019emp\u00eacher de me demander. Est-ce qu\u2019on est en train de sacrifier notre vie priv\u00e9e pour un vague sentiment de protection\u202f? Les inqui\u00e9tudes fusent de partout, et \u00e7a sent le d\u00e9bat chaud bouillant \u00e0 venir.<\/p>\n<p>Chat Control relanc\u00e9, l\u2019UE y revient<\/p>\n<p>Vous vous souvenez de Chat Control\u202f? Ce projet n\u2019est pas nouveau. Il a \u00e9t\u00e9 propos\u00e9 pour la premi\u00e8re fois en mai 2022. Mais il <strong>n\u2019avait pas r\u00e9ussi \u00e0 convaincre le Conseil de l\u2019UE<\/strong>. Aujourd\u2019hui, il refait surface et commence \u00e0 faire du bruit.<\/p>\n<p>C\u2019est le <strong>Danemark qui a remis le projet au centre des priorit\u00e9s<\/strong>, avec l\u2019id\u00e9e de pousser un vote d\u00e8s octobre. L\u2019id\u00e9e est de v\u00e9rifier ce que les utilisateurs envoient sur leurs plateformes. Oui, absolument <a href=\"https:\/\/www.lebigdata.fr\/danger-lia-de-microsoft-copie-vos-messages-prives\" rel=\"nofollow noopener\" target=\"_blank\">tout dont les messages priv\u00e9s<\/a>, les photos et les vid\u00e9os. M\u00eame vos discussions avec votre meilleur ami que vous avez l\u2019habitude d\u2019effacer. Rien ne serait \u00e0 l\u2019abri.<\/p>\n<p>Alors, \u00e0 quoi sert vraiment ce fameux Chat Control qui captive l\u2019attention de l\u2019UE\u202f? Le but est de traquer les contenus p\u00e9dopornographiques. Comment\u202f? En <strong>imposant \u00e0 toutes les messageries un syst\u00e8me de surveillance automatis\u00e9e<\/strong>.\u00a0<\/p>\n<p>La technique utilis\u00e9e est le \u00ab\u202f<strong>client-side scanning\u202f<\/strong>\u00bb. Celle capable d\u2019analyser chaque photo et chaque mot avant m\u00eame que vous appuyiez sur \u00ab\u202fenvoyer\u202f\u00bb. Le projet a d\u00e9sormais le soutien de nombreux pays membres, dont la France, l\u2019Allemagne et l\u2019Espagne. Selon les derni\u00e8res informations, <strong>19 pays sur 27 seraient favorables au texte<\/strong>.\u00a0<\/p>\n<p>Ce projet est-il vraiment rassurant ?<\/p>\n<p>Beaucoup se posent cette question. Oui tout le monde n\u2019est pas aussi enthousiaste que l\u2019UE au sujet de Chat Control. Au contraire, certains parlent m\u00eame d\u2019une <strong>bascule historique<\/strong> <strong>dans notre vie priv\u00e9e<\/strong>.<\/p>\n<blockquote class=\"twitter-tweet\" data-width=\"550\" data-dnt=\"true\">\n<p lang=\"en\" dir=\"ltr\">The EU&rsquo;s \u00ab\u00a0Chat Control\u00a0\u00bb proposal is horrifying. There&rsquo;s no way to implement this safely. It will destroy private communications online entirely.<\/p>\n<p>If you&rsquo;re in the EU, please fight this. <a href=\"https:\/\/t.co\/VVQtdC6p6e\" rel=\"nofollow\">pic.twitter.com\/VVQtdC6p6e<\/a><\/p>\n<p>\u2014 Theo \u2013 t3.gg (@theo) <a href=\"https:\/\/twitter.com\/theo\/status\/1954710820606407035?ref_src=twsrc%5Etfw\" rel=\"nofollow noopener\" target=\"_blank\">August 11, 2025<\/a><\/p><\/blockquote>\n<p>Les experts en cybers\u00e9curit\u00e9 alertent que ce syst\u00e8me pourrait <strong>cr\u00e9er de vraies failles dans nos messageries<\/strong>. D\u2019autant que les vrais criminels savent d\u00e9j\u00e0 comment exploiter ce genre de donn\u00e9es. En plus, les outils automatiques sont loin d\u2019\u00eatre fiables. Oui, ils peuvent faire des erreurs et en commettent souvent.<\/p>\n<p><a href=\"https:\/\/www.lebigdata.fr\/votre-iphone-est-moins-performant-merci-a-lunion-europeenne\" rel=\"nofollow noopener\" target=\"_blank\">Un rapport interne du Conseil de l\u2019UE<\/a>, r\u00e9v\u00e9l\u00e9 en mars 2025, <strong>juge la mesure disproportionn\u00e9e<\/strong> et doute de son efficacit\u00e9 r\u00e9elle. Concr\u00e8tement\u202f? Des contenus totalement innocents peuvent \u00eatre signal\u00e9s comme suspects.<\/p>\n<p>Bref, beaucoup estiment que le projet est <strong>exag\u00e9r\u00e9 par rapport au probl\u00e8me qu\u2019il veut r\u00e9soudre. <\/strong>M\u00eame avec un objectif louable, cette mesure pose des probl\u00e8mes de s\u00e9curit\u00e9, d\u2019efficacit\u00e9 et de respect de la vie priv\u00e9e.\u00a0<\/p>\n<p>Certains pensent qu\u2019elle <strong>pourrait cr\u00e9er plus de probl\u00e8mes qu\u2019elle n\u2019en r\u00e9sout.<\/strong> Alors, au final, faut-il vraiment tout surveiller pour trouver les vrais criminels\u202f? La question reste enti\u00e8re.<\/p>\n<ul class=\"end-post-layout\">Partager l&rsquo;article : <\/p>\n<li class=\"social-link\">\n\t\t  <a href=\"http:\/\/www.facebook.com\/sharer.php?u=https:\/\/www.lebigdata.fr\/chat-control-lue-va-scanner-tous-vos-messages-whatsapp-signal-telegram\" class=\"social-link-anchor facebook\" target=\"_blank\" rel=\"nofollow noopener\"><\/p>\n<p>\t\t\t Facebook<br \/>\n\t\t  <\/a>\n\t   <\/li>\n<li class=\"social-link\">\n\t\t  <a href=\"https:\/\/twitter.com\/share?url=https:\/\/www.lebigdata.fr\/chat-control-lue-va-scanner-tous-vos-messages-whatsapp-signal-telegram&amp;text=Chat Control : l\u2019UE va scanner tous vos messages WhatsApp, Signal, Telegram\" class=\"social-link-anchor twitter\" target=\"_blank\" rel=\"nofollow noopener\"><\/p>\n<p>\t\t\t Twitter<br \/>\n\t\t  <\/a>\n\t   <\/li>\n<li class=\"social-link\">\n\t\t  <a href=\"http:\/\/www.linkedin.com\/sharing\/share-offsite\/?url=https:\/\/www.lebigdata.fr\/chat-control-lue-va-scanner-tous-vos-messages-whatsapp-signal-telegram\" class=\"social-link-anchor linkedin\" target=\"_blank\" rel=\"nofollow noopener\"><\/p>\n<p>\t\t\t LinkedIn<br \/>\n\t\t  <\/a>\n\t   <\/li>\n<\/ul>\n<p>Notre blog est aliment\u00e9 par les lecteurs. Lorsque vous achetez via des liens sur notre site, nous pouvons percevoir une commission d\u2019affiliation.<\/p>\n<p>\t\t\t\t<script async src=\"https:\/\/platform.twitter.com\/widgets.js\" charset=\"utf-8\"><\/script><\/p>\n","protected":false},"excerpt":{"rendered":"Avec Chat Control, vos conversations priv\u00e9es ne le seront plus aux yeux de l\u2019UE. Avant m\u00eame d\u2019atteindre vos&hellip;\n","protected":false},"author":2,"featured_media":320102,"comment_status":"","ping_status":"","sticky":false,"template":"","format":"standard","meta":{"footnotes":""},"categories":[1586],"tags":[11,1777,674,1779,1011,27,12,25,1778,364],"class_list":{"0":"post-320101","1":"post","2":"type-post","3":"status-publish","4":"format-standard","5":"has-post-thumbnail","7":"category-europe","8":"tag-actualites","9":"tag-eu","10":"tag-europe","11":"tag-european-union","12":"tag-fr","13":"tag-france","14":"tag-news","15":"tag-republique-francaise","16":"tag-ue","17":"tag-union-europeenne"},"share_on_mastodon":{"url":"https:\/\/pubeurope.com\/@fr\/115030999948408787","error":""},"_links":{"self":[{"href":"https:\/\/www.europesays.com\/fr\/wp-json\/wp\/v2\/posts\/320101","targetHints":{"allow":["GET"]}}],"collection":[{"href":"https:\/\/www.europesays.com\/fr\/wp-json\/wp\/v2\/posts"}],"about":[{"href":"https:\/\/www.europesays.com\/fr\/wp-json\/wp\/v2\/types\/post"}],"author":[{"embeddable":true,"href":"https:\/\/www.europesays.com\/fr\/wp-json\/wp\/v2\/users\/2"}],"replies":[{"embeddable":true,"href":"https:\/\/www.europesays.com\/fr\/wp-json\/wp\/v2\/comments?post=320101"}],"version-history":[{"count":0,"href":"https:\/\/www.europesays.com\/fr\/wp-json\/wp\/v2\/posts\/320101\/revisions"}],"wp:featuredmedia":[{"embeddable":true,"href":"https:\/\/www.europesays.com\/fr\/wp-json\/wp\/v2\/media\/320102"}],"wp:attachment":[{"href":"https:\/\/www.europesays.com\/fr\/wp-json\/wp\/v2\/media?parent=320101"}],"wp:term":[{"taxonomy":"category","embeddable":true,"href":"https:\/\/www.europesays.com\/fr\/wp-json\/wp\/v2\/categories?post=320101"},{"taxonomy":"post_tag","embeddable":true,"href":"https:\/\/www.europesays.com\/fr\/wp-json\/wp\/v2\/tags?post=320101"}],"curies":[{"name":"wp","href":"https:\/\/api.w.org\/{rel}","templated":true}]}}