{"id":320111,"date":"2025-08-15T05:00:31","date_gmt":"2025-08-15T05:00:31","guid":{"rendered":"https:\/\/www.europesays.com\/fr\/320111\/"},"modified":"2025-08-15T05:00:31","modified_gmt":"2025-08-15T05:00:31","slug":"stade-aurillacois-tout-faire-pour-etre-dans-le-top-6-le-president-christian-millette-reaffirme-ses-ambitions-la-montagne","status":"publish","type":"post","link":"https:\/\/www.europesays.com\/fr\/320111\/","title":{"rendered":"Stade Aurillacois : &quot;Tout faire pour \u00eatre dans le top 6&quot;, le pr\u00e9sident Christian Millette r\u00e9affirme ses ambitions &#8211; La Montagne"},"content":{"rendered":"<ol>\n<li><a href=\"https:\/\/news.google.com\/rss\/articles\/CBMi-gFBVV95cUxPLUlVMEdTQUxfeUI0Y0ZiWXVhZFJILUdRREp5b3Z3bEt6YVZkQk5kbFlyZERMVjd1bUFrd1AxclZCbjU1c0taNWlUbGhaazVVOC1fVXFfcHVReXJ5N09lYjIzZkhnV2Y0OUMwVkx2V3dMa1JCZ0dkQTQ1WExqZ1ZFMEpPRkxvc2NwbWVGRW0tRWZHYS11YVJLUmlhNlZJS3Bxc21LdkJBQ3lvZlFXNDljQzJMZG9BT2lLT19jMGg1OXlVWGREbkNlbTBzeER6dzhZX1BHRl9YOWhIU3RKNUhTVTdvU2s5aVc2Z1ZaUGtPLWJfYXdIZ00zR3Nn?oc=5\" target=\"_blank\" rel=\"nofollow noopener\">Stade Aurillacois : \u00ab\u00a0Tout faire pour \u00eatre dans le top 6\u00a0\u00bb, le pr\u00e9sident Christian Millette r\u00e9affirme ses ambitions<\/a>&nbsp;&nbsp;La Montagne<\/li>\n<li><a href=\"https:\/\/news.google.com\/rss\/articles\/CBMi-wFBVV95cUxOTEsxQklHdnRoTm93dHkxZXhWbkxkMHBWZUZUdFdYaFZXZ1dWRUtnWEhRWk91V3QzT2RYeE5FYUNpNVR5Z2VjV3N5ekcwWEp0anBoSXdENFVJYjVOTXhFTGxzQnhuZGhCVUZoRjBKdzBPSnl1OTZDVjJiSjlDSDQwTnlucng0UnBSbGxyU2gxN2dVZGJYVDJjMVQ2OE5MUlpOdm5sd2xDVkNpWndDb3dkaTk2WEtJdGU5cExxQ3pJUnBOR3BYN0RDclNFRllyb1ZYRGh0aVJBNkRpdXpaLVctd2NmaGJxazZQeHlJT1drUVc0N2tQTEpJWk9VOA?oc=5\" target=\"_blank\" rel=\"nofollow noopener\">\u00ab\u00a0Le Stade Aurillacois et le puy Mary partagent les m\u00eames valeurs\u00a0\u00bb : Pr\u00e9sentation des maillots au sommet du volcan<\/a>&nbsp;&nbsp;La Montagne<\/li>\n<li><a href=\"https:\/\/news.google.com\/rss\/articles\/CBMiwwFBVV95cUxONGpHYXNlLXNSWVFxMjBWRUxFODFiTkJZMTJyWmRQOFRrVDN3WG0yODM1aFZHZnNHVmVVaXRPdU9yeDZrbmRKaS1NclhnOElOS2JXaU9TTUg1ZEtLUVM2bDEtZWttZXduMmo0TUpoNW1jNkcxNEFGQkt0OU5OV2lLUFFsWDBDazJpMDZRc2NwY0NTemJmOUZldUNCM0RfQWtnd1M0eUo5N2Q5aU42SlZZSnVISkJmNkNFNFBiaC1RU3l3dW8?oc=5\" target=\"_blank\" rel=\"nofollow noopener\">Transferts. Pro D2 &#8211; Aurillac : Mirian Burduli s&rsquo;est engag\u00e9, un num\u00e9ro 10 recherch\u00e9 ?<\/a>&nbsp;&nbsp;Rugbyrama<\/li>\n<li><a href=\"https:\/\/news.google.com\/rss\/articles\/CBMi9gFBVV95cUxQTjduY1pxcmJTWG5GamtOTnBZaC0wdmNPa1JmLUR6a1RfT1ZxZ2JvbjhMZmk5YmJjUjNPYjd5TVdLSUx6cENoVFpmNFJfc1VzanYzUDlfNFlhNHpmVGc4V2thOWFqUGY2SXJpN1lRVWd0ZkQ0aGdPMGZvU1JIOE5zb3Zwb3JOdXNDTExrelBFb01pZ204WE9DUlltUUhCQjhUU28yZEhWRTZidVpNQWE3eEZQUXM2NldPX0xZSnl5ck5yUnFLNzNUU1ZBcXhtLTI1bllvZ1NKV3FzZENiaW9zWE5ZelF2dXRpbEVwZTlKZ0JxUkM5NVE?oc=5\" target=\"_blank\" rel=\"nofollow noopener\">\ud835\udc12\ud835\udc08\ud835\udc06\ud835\udc0d\ud835\udc00\ud835\udc13\ud835\udc14\ud835\udc11\ud835\udc04 \u270d\ufe0f<\/a>&nbsp;&nbsp;Stade Aurillacois<\/li>\n<li><a href=\"https:\/\/news.google.com\/rss\/articles\/CBMiuwFBVV95cUxNQ0VBU3R0di04ZVRub3JVTDd1aXFpUjhGZy1HNTF0VHJFOHA2ZVJXSVNjTEtJbW1MakFZNFdDSDZCZjlET285a0VudTctY2g4WG81a1Vsd2NMdWg5Z2hsRXgyS3E1MXhHeGZRN0FidTBiYnNJRGNnVFNtZ255V2MwQUxaNkxWSGR6MmdLd1Z5eEVPdUFNNl91NXU4alZVZmNrSVFKMkxsRjJTZ2RrYy1IOHVTcC1jRHZIRmJN?oc=5\" target=\"_blank\" rel=\"nofollow noopener\">Pro D2 : le Stade Aurillacois signe un pilier droit exp\u00e9riment\u00e9<\/a>&nbsp;&nbsp;La Montagne<\/li>\n<\/ol>\n","protected":false},"excerpt":{"rendered":"Stade Aurillacois : \u00ab\u00a0Tout faire pour \u00eatre dans le top 6\u00a0\u00bb, le pr\u00e9sident Christian Millette r\u00e9affirme ses ambitions&nbsp;&nbsp;La&hellip;\n","protected":false},"author":2,"featured_media":1445,"comment_status":"","ping_status":"","sticky":false,"template":"","format":"standard","meta":{"footnotes":""},"categories":[1416],"tags":[1011,27,479,1468,60],"class_list":{"0":"post-320111","1":"post","2":"type-post","3":"status-publish","4":"format-standard","5":"has-post-thumbnail","7":"category-rugby","8":"tag-fr","9":"tag-france","10":"tag-rugby","11":"tag-rugby-football","12":"tag-sports"},"share_on_mastodon":{"url":"https:\/\/pubeurope.com\/@fr\/115031023536223725","error":""},"_links":{"self":[{"href":"https:\/\/www.europesays.com\/fr\/wp-json\/wp\/v2\/posts\/320111","targetHints":{"allow":["GET"]}}],"collection":[{"href":"https:\/\/www.europesays.com\/fr\/wp-json\/wp\/v2\/posts"}],"about":[{"href":"https:\/\/www.europesays.com\/fr\/wp-json\/wp\/v2\/types\/post"}],"author":[{"embeddable":true,"href":"https:\/\/www.europesays.com\/fr\/wp-json\/wp\/v2\/users\/2"}],"replies":[{"embeddable":true,"href":"https:\/\/www.europesays.com\/fr\/wp-json\/wp\/v2\/comments?post=320111"}],"version-history":[{"count":0,"href":"https:\/\/www.europesays.com\/fr\/wp-json\/wp\/v2\/posts\/320111\/revisions"}],"wp:featuredmedia":[{"embeddable":true,"href":"https:\/\/www.europesays.com\/fr\/wp-json\/wp\/v2\/media\/1445"}],"wp:attachment":[{"href":"https:\/\/www.europesays.com\/fr\/wp-json\/wp\/v2\/media?parent=320111"}],"wp:term":[{"taxonomy":"category","embeddable":true,"href":"https:\/\/www.europesays.com\/fr\/wp-json\/wp\/v2\/categories?post=320111"},{"taxonomy":"post_tag","embeddable":true,"href":"https:\/\/www.europesays.com\/fr\/wp-json\/wp\/v2\/tags?post=320111"}],"curies":[{"name":"wp","href":"https:\/\/api.w.org\/{rel}","templated":true}]}}