{"id":320114,"date":"2025-08-15T05:03:20","date_gmt":"2025-08-15T05:03:20","guid":{"rendered":"https:\/\/www.europesays.com\/fr\/320114\/"},"modified":"2025-08-15T05:03:20","modified_gmt":"2025-08-15T05:03:20","slug":"motogp-autriche-fabio-di-giannantonio-jai-toujours-eu-du-mal-au-red-bull-ring","status":"publish","type":"post","link":"https:\/\/www.europesays.com\/fr\/320114\/","title":{"rendered":"MotoGP, Autriche, Fabio Di Giannantonio : \u00ab\u00a0J&rsquo;ai toujours eu du mal au Red Bull Ring\u00a0\u00bb"},"content":{"rendered":"<p><strong>Fabio Di Giannantonio reconna\u00eet ne pas savoir \u00e0 quoi<br \/>\ns\u2019attendre en Autriche ce week-end, sur un circuit qui ne lui a<br \/>\njamais vraiment r\u00e9ussi par le pass\u00e9.<\/strong><\/p>\n<p>Apr\u00e8s avoir r\u00e9alis\u00e9 une solide premi\u00e8re partie de saison,<br \/>\n<strong>Fabio Di Giannantonio<\/strong> a conclu sur une note plus<br \/>\nam\u00e8re avant la pause estivale. Avec d\u2019abord une chute en Allemagne,<br \/>\no\u00f9 il jouait le podium, il avait ensuite rencontr\u00e9 des difficult\u00e9s<br \/>\nen R\u00e9publique Tch\u00e8que tout au long du week-end. Il n\u2019\u00e9tait en effet<br \/>\npas pass\u00e9 en Q2, avait chut\u00e9 lors de la course sprint et termin\u00e9 \u00e0<br \/>\nune lointaine 16e place en course principale.<\/p>\n<p>Entre temps, l\u2019Italien a pleinement pu profiter de ses vacances<br \/>\npour d\u00e9compresser et repartir du bon pied. Actuellement cinqui\u00e8me<br \/>\ndu championnat apr\u00e8s avoir longtemps \u00e9t\u00e9 quatri\u00e8me, il va d\u00e9sormais<br \/>\ntout faire pour d\u00e9fendre sa place, m\u00eame s\u2019il sait que le GP<br \/>\nd\u2019Autriche ne sera peut-\u00eatre pas le meilleur pour cela.<\/p>\n<p><img loading=\"lazy\" decoding=\"async\" class=\"aligncenter size-full wp-image-1318112\" src=\"https:\/\/www.europesays.com\/fr\/wp-content\/uploads\/2025\/08\/b565e432-fc44-1744-2e04-511c3ed0b7dd.jpg\" alt=\"Fabio Di Giannantonio\" width=\"800\" height=\"532\"  \/><\/p>\n<p>Que cela soit en MotoGP ou m\u00eame avant en Moto2, il n\u2019a jamais<br \/>\nr\u00e9ussi \u00e0 terminer dans le top 10 sur l\u2019exigeant circuit du Red Bull<br \/>\nRing. Il n\u2019y a par ailleurs pas roul\u00e9 depuis deux ans puisqu\u2019il<br \/>\n\u00e9tait bless\u00e9 l\u2019an dernier. Le week-end s\u2019annonce donc assez flou en<br \/>\ntermes d\u2019objectif pour <strong>Di Giannantonio<\/strong>, mais il se<br \/>\ndit pr\u00eat \u00e0 tout donner pour retrouver les avant-postes.<\/p>\n<p>\u00ab\u00a0La pause estivale s\u2019est bien pass\u00e9e. On avait besoin<br \/>\nd\u2019une pause dans cette premi\u00e8re moiti\u00e9 de saison, parce que c\u2019est<br \/>\nla saison la plus longue qu\u2019on ait jamais connue. Je me suis<br \/>\nbeaucoup entra\u00een\u00e9 pour pr\u00e9parer la deuxi\u00e8me partie du<br \/>\nchampionnat\u00a0\u00bb, a-t-il d\u00e9clar\u00e9.<\/p>\n<p>\u00ab\u00a0On est pr\u00eats, on est de retour en Autriche, et<br \/>\nensuite on ira en Hongrie. Les deux circuits seront exigeants. J\u2019ai<br \/>\ntoujours eu du mal au Red Bull Ring, et le Balaton Park est un<br \/>\nnouveau circuit pour tout le monde, m\u00eame si on a eu la chance de<br \/>\nfaire un essai avec la Panigale V4. On apporte avec nous toute<br \/>\nl\u2019\u00e9nergie de cette pause estivale pour faire du bon travail et<br \/>\nrepartir de la bonne fa\u00e7on.\u00a0\u00bb<\/p>\n","protected":false},"excerpt":{"rendered":"Fabio Di Giannantonio reconna\u00eet ne pas savoir \u00e0 quoi s\u2019attendre en Autriche ce week-end, sur un circuit qui&hellip;\n","protected":false},"author":2,"featured_media":320115,"comment_status":"","ping_status":"","sticky":false,"template":"","format":"standard","meta":{"footnotes":""},"categories":[1413],"tags":[1011,27,1457,1456,60],"class_list":{"0":"post-320114","1":"post","2":"type-post","3":"status-publish","4":"format-standard","5":"has-post-thumbnail","7":"category-moto","8":"tag-fr","9":"tag-france","10":"tag-moto","11":"tag-motocycle","12":"tag-sports"},"share_on_mastodon":{"url":"https:\/\/pubeurope.com\/@fr\/115031035813059095","error":""},"_links":{"self":[{"href":"https:\/\/www.europesays.com\/fr\/wp-json\/wp\/v2\/posts\/320114","targetHints":{"allow":["GET"]}}],"collection":[{"href":"https:\/\/www.europesays.com\/fr\/wp-json\/wp\/v2\/posts"}],"about":[{"href":"https:\/\/www.europesays.com\/fr\/wp-json\/wp\/v2\/types\/post"}],"author":[{"embeddable":true,"href":"https:\/\/www.europesays.com\/fr\/wp-json\/wp\/v2\/users\/2"}],"replies":[{"embeddable":true,"href":"https:\/\/www.europesays.com\/fr\/wp-json\/wp\/v2\/comments?post=320114"}],"version-history":[{"count":0,"href":"https:\/\/www.europesays.com\/fr\/wp-json\/wp\/v2\/posts\/320114\/revisions"}],"wp:featuredmedia":[{"embeddable":true,"href":"https:\/\/www.europesays.com\/fr\/wp-json\/wp\/v2\/media\/320115"}],"wp:attachment":[{"href":"https:\/\/www.europesays.com\/fr\/wp-json\/wp\/v2\/media?parent=320114"}],"wp:term":[{"taxonomy":"category","embeddable":true,"href":"https:\/\/www.europesays.com\/fr\/wp-json\/wp\/v2\/categories?post=320114"},{"taxonomy":"post_tag","embeddable":true,"href":"https:\/\/www.europesays.com\/fr\/wp-json\/wp\/v2\/tags?post=320114"}],"curies":[{"name":"wp","href":"https:\/\/api.w.org\/{rel}","templated":true}]}}