{"id":320124,"date":"2025-08-15T05:09:16","date_gmt":"2025-08-15T05:09:16","guid":{"rendered":"https:\/\/www.europesays.com\/fr\/320124\/"},"modified":"2025-08-15T05:09:16","modified_gmt":"2025-08-15T05:09:16","slug":"le-premier-salon-du-livre-et-de-la-poesie-aura-lieu-samedi-23-aout","status":"publish","type":"post","link":"https:\/\/www.europesays.com\/fr\/320124\/","title":{"rendered":"Le premier salon du livre et de la po\u00e9sie aura lieu samedi 23 ao\u00fbt"},"content":{"rendered":"<p>Le premier Salon du livre et de la po\u00e9sie se d\u00e9roulera dans la commune samedi 23 ao\u00fbt, au foyer communal, \u00e0 l\u2019initiative de la nouvelle association Lectures \u00e0 la belle \u00e9toile et avec le soutien de la municipalit\u00e9. Il accueillera les auteurs et autrices de la r\u00e9gion c\u00e9venole. Des maisons d\u2019\u00e9dition, librairies et associations seront \u00e9galement pr\u00e9sentes. <\/p>\n<p>De 9 heures \u00e0 17 heures, au foyer communal, po\u00e8tes, conteurs et romanciers de la r\u00e9gion accueilleront le public, pr\u00e9senteront et d\u00e9dicaceront leurs ouvrages. Les maisons d\u2019\u00e9dition, les librairies et les associations sont invit\u00e9es.<\/p>\n<p>Michel Boissard, auteur de Jean-Pierre Chabrol le rebelle, publi\u00e9 aux \u00e9ditions Alcide, et de Aim\u00e9 Vielzeuf, r\u00e9sister et \u00e9crire en C\u00e9vennes, paru aux \u00e9ditions Ampelo, sera pr\u00e9sent, ainsi que Catherine Berni\u00e9-Boissard, qui a dirig\u00e9 l\u2019ouvrage collectif Dictionnaire familier d\u2019Occitanie. <\/p>\n<p>L\u2019auteur c\u00e9venol Jean-Pierre D\u2019Illib\u00e9ris participera aussi au salon. Auteur de En deudeuche, Mamie au cirque de Navacelles, publi\u00e9 en 2023 aux \u00e9ditions n\u00eemoises Nombre7, il sort un nouveau livre cette ann\u00e9e, Lorsque l\u2019esprit des cailloux ricoche.<\/p>\n<p>Les ouvrages du po\u00e8te Fran\u00e7ois Szabo seront aussi pr\u00e9sent\u00e9s. D\u2019autres \u00e9crivains et \u00e9crivaines participeront \u00e0 l\u2019\u00e9v\u00e9nement.<\/p>\n<p><b>Ateliers cr\u00e9atifs et balade po\u00e9tique sont aussi au programme<\/b><\/p>\n<p>Outre les rencontres avec les artistes, d\u2019autres animations sont pr\u00e9vues. Il y aura une tombola, et un kiosque pour les enfants sera accessible, de 14 heures \u00e0 16 heures. <\/p>\n<p>Les plus jeunes pourront participer \u00e0 des ateliers cr\u00e9atifs. Ils pourront d\u00e9corer l\u2019arbre \u00e0 po\u00e8mes, fabriquer et illustrer des livrets et d\u2019autres bricolages, selon leur inspiration. Inscriptions au 06 22 67 52 82, sous la responsabilit\u00e9 des parents. <\/p>\n<p>De 17 h 30 \u00e0 18 heures, une balade po\u00e9tique sur l\u2019ancienne voie ferr\u00e9e sera organis\u00e9e. les participants pourront \u00e9couter po\u00e8mes et extraits litt\u00e9raires. Puis \u00e0 19 heures, le foyer communal accueillera un ap\u00e9ritif quiz sur le patrimoine c\u00e9venol. <\/p>\n<p>\u00c0 la fin de la soir\u00e9e, un panier garni de produits locaux sera offert au champion ou \u00e0 la championne ayant remport\u00e9 le quiz.<\/p>\n<p>Il est possible de d\u00e9poser des questions et t\u00e9moignages sur Bez-et-Esparon \u00e0 la boulangerie-\u00e9picerie du Merlanson.<\/p>\n<p>Informations au 06 22 67 52 82.<\/p>\n<p>Correspondant Midi Libre : 06 88 56 25 83<\/p>\n","protected":false},"excerpt":{"rendered":"Le premier Salon du livre et de la po\u00e9sie se d\u00e9roulera dans la commune samedi 23 ao\u00fbt, au&hellip;\n","protected":false},"author":2,"featured_media":320125,"comment_status":"","ping_status":"","sticky":false,"template":"","format":"standard","meta":{"footnotes":""},"categories":[1357],"tags":[1379,58,59,1011,27,1380],"class_list":{"0":"post-320124","1":"post","2":"type-post","3":"status-publish","4":"format-standard","5":"has-post-thumbnail","7":"category-livres","8":"tag-books","9":"tag-divertissement","10":"tag-entertainment","11":"tag-fr","12":"tag-france","13":"tag-livres"},"share_on_mastodon":{"url":"https:\/\/pubeurope.com\/@fr\/115031058981307772","error":""},"_links":{"self":[{"href":"https:\/\/www.europesays.com\/fr\/wp-json\/wp\/v2\/posts\/320124","targetHints":{"allow":["GET"]}}],"collection":[{"href":"https:\/\/www.europesays.com\/fr\/wp-json\/wp\/v2\/posts"}],"about":[{"href":"https:\/\/www.europesays.com\/fr\/wp-json\/wp\/v2\/types\/post"}],"author":[{"embeddable":true,"href":"https:\/\/www.europesays.com\/fr\/wp-json\/wp\/v2\/users\/2"}],"replies":[{"embeddable":true,"href":"https:\/\/www.europesays.com\/fr\/wp-json\/wp\/v2\/comments?post=320124"}],"version-history":[{"count":0,"href":"https:\/\/www.europesays.com\/fr\/wp-json\/wp\/v2\/posts\/320124\/revisions"}],"wp:featuredmedia":[{"embeddable":true,"href":"https:\/\/www.europesays.com\/fr\/wp-json\/wp\/v2\/media\/320125"}],"wp:attachment":[{"href":"https:\/\/www.europesays.com\/fr\/wp-json\/wp\/v2\/media?parent=320124"}],"wp:term":[{"taxonomy":"category","embeddable":true,"href":"https:\/\/www.europesays.com\/fr\/wp-json\/wp\/v2\/categories?post=320124"},{"taxonomy":"post_tag","embeddable":true,"href":"https:\/\/www.europesays.com\/fr\/wp-json\/wp\/v2\/tags?post=320124"}],"curies":[{"name":"wp","href":"https:\/\/api.w.org\/{rel}","templated":true}]}}