{"id":320126,"date":"2025-08-15T05:10:17","date_gmt":"2025-08-15T05:10:17","guid":{"rendered":"https:\/\/www.europesays.com\/fr\/320126\/"},"modified":"2025-08-15T05:10:17","modified_gmt":"2025-08-15T05:10:17","slug":"cette-fois-ca-va-trop-loin","status":"publish","type":"post","link":"https:\/\/www.europesays.com\/fr\/320126\/","title":{"rendered":"cette fois, \u00e7a va trop loin"},"content":{"rendered":"<p>      R\u00e9sum\u00e9<\/p>\n<p>Suite \u00e0 des propos racistes dans Secret Story, Marianne a subi un cyberharc\u00e8lement intense, d\u00e9non\u00e7ant la violence des attaques tout en affirmant sa volont\u00e9 de lutter contre ce fl\u00e9au.<\/p>\n<p>        Sommaire<\/p>\n<p>En juin dernier, TFX lan\u00e7ait sa treizi\u00e8me saison de Secret Story. Tr\u00e8s vite, une pol\u00e9mique a pris de l\u2019ampleur sur les r\u00e9seaux sociaux puisque de nombreux t\u00e9l\u00e9spectateurs ont \u00e9t\u00e9 choqu\u00e9s des remarques et moqueries \u00e0 caract\u00e8res racistes dont \u00e9taient victimes Anita et Romy.<\/p>\n<p>Face \u00e0 ce comportement inadmissible, la production a m\u00eame d\u00fb intervenir et a lanc\u00e9 un avertissement aux secr\u00e9tistes. Lors de sa sortie de la maison des secrets,<a href=\"https:\/\/www.public.fr\/salut-grosse-vache-tu-veux-bien-mourir-marianne-secret-story-fait-de-nouvelles-revelations-choc\" target=\"_blank\" rel=\"noopener\"> Marianne a re\u00e7u une vague de haine<\/a> suite \u00e0 son comportement. Lors d\u2019une interview accord\u00e9e \u00e0 Jeremstar, la jeune femme s\u2019est exprim\u00e9e en larmes tout en \u00e9voquant son envie de mettre fin \u00e0 ses jours au vu de la violence des propos.<\/p>\n<p>Quelques jours apr\u00e8s cet entretien, Marianne a \u00e9t\u00e9 plac\u00e9e en maison de repos et a mentionn\u00e9 \u00e0 plusieurs reprises sa col\u00e8re envers la production. Mais contre toute attente, <a href=\"https:\/\/www.public.fr\/secret-story-la-finale-malgre-le-harcelement-et-les-polemiques-marianne-cree-la-surprise-et-debarque-sur-le-plateau\" target=\"_blank\" rel=\"noopener\">l\u2019ancienne secr\u00e9tiste \u00e9tait quand m\u00eame pr\u00e9sente sur le plateau<\/a> lors de la finale de Secret Story le 7 ao\u00fbt dernier.<\/p>\n<p>Des messages de plus en plus violents visant Marianne<\/p>\n<p>Ce mercredi 13 ao\u00fbt, Marianne a publi\u00e9 de nouvelles stories o\u00f9 elle partageait un nouvel exemple de ce qu\u2019elle recevait m\u00eame plus d\u2019un mois apr\u00e8s la fin de son aventure. \u00ab\u00a0Sale grosse truie de m*rde avec tes grosses cuisses pleines de graisse c\u2019est toi qui es grosse et moche t\u2019oses faire la raciste envers Romy et Anita\u00a0\u00bb, a-t-on pu lire. Des mots violents.<\/p>\n<p>Mais la personne va encore plus loin en la mena\u00e7ant\u00a0: \u00ab\u00a0Je te jure je vais retrouver ta famille et leur n*quer leur m\u00e8re, je vais br\u00fbler ta maison et ta grosse graisse sale baleine (\u2026) t\u2019es qu\u2019une sale raciste qui m\u00e9rite de crever.<\/p>\n<p>Marianne ne veut pas se laisser faire<\/p>\n<p>Marianne s\u2019est d\u00e9sol\u00e9e de voir que la col\u00e8re des internautes ne s\u2019est pas att\u00e9nu\u00e9e. \u00ab\u00a0C\u2019est violent, c\u2019est destructeur et \u00e7a peut avoir de vraies cons\u00e9quences sur la sant\u00e9 mentale et la s\u00e9curit\u00e9 des personnes vis\u00e9es\u00a0\u00bb, a-t-elle rappel\u00e9.<\/p>\n<p>Marianne a notamment indiqu\u00e9 qu\u2019elle ne comptait pas quitter les r\u00e9seaux sociaux malgr\u00e9 ce cyberharc\u00e8lement. \u00ab\u00a0Je veux me battre et je veux d\u00e9noncer. Je ne leur donnerais pas le plaisir qu\u2019ils attendent\u00a0\u00bb, a-t-elle martel\u00e9.\u00a0 Avant d\u2019ajouter\u00a0:\u00a0\u00ab\u00a0Oui, ils m\u2019ont d\u00e9truite mais ils ne m\u2019ont pas bris\u00e9e\u00a0\u00bb.<\/p>\n<p>\u00ab\u00a0Le cyberharc\u00e8lement n\u2019est pas un jeu, c\u2019est un fl\u00e9au. Il faut en parler, le signaler et ne plus jamais le banaliser\u00a0\u00bb, a-t-elle conclu. Un message fort.<\/p>\n<blockquote class=\"twitter-tweet\">\n<p>Je porte pas Marianne dans mon c\u0153ur mais je vous promets qu\u2019il faut vrm cesser et parler de la haine qu\u2019elle se prend. C\u2019est d\u2019une violence. L\u2019\u00e9mission est fini, il faut apprendre \u00e0 faire la part des choses. <a href=\"https:\/\/twitter.com\/hashtag\/SecretStory?src=hash&amp;ref_src=twsrc%5Etfw\" target=\"_blank\" rel=\"noopener\">#SecretStory<\/a> <a href=\"https:\/\/t.co\/jLGybowl8Q\">pic.twitter.com\/jLGybowl8Q<\/a><\/p>\n<p>\u2014 \ud83e\udda2\ud83e\udd0d\u22c6 \u02da\uff61\u22c6\u0b68\u0b67\u02da\ud835\udc4e\ud835\udc5b\ud835\udc4e\ud835\udc56\ud835\udc60 \u2727.* \ud83e\udd0d\ud83e\udda2 (@4n9luv) <a href=\"https:\/\/twitter.com\/4n9luv\/status\/1955695345586827353?ref_src=twsrc%5Etfw\" target=\"_blank\" rel=\"noopener\">August 13, 2025<\/a><\/p><\/blockquote>\n<p>      Mentionn\u00e9s dans cet article<\/p>\n<p>      Sur le m\u00eame sujet<\/p>\n<p>  <script async src=\"https:\/\/platform.twitter.com\/widgets.js\" charset=\"utf-8\"><\/script><\/p>\n","protected":false},"excerpt":{"rendered":"R\u00e9sum\u00e9 Suite \u00e0 des propos racistes dans Secret Story, Marianne a subi un cyberharc\u00e8lement intense, d\u00e9non\u00e7ant la violence&hellip;\n","protected":false},"author":2,"featured_media":320127,"comment_status":"","ping_status":"","sticky":false,"template":"","format":"standard","meta":{"footnotes":""},"categories":[1356],"tags":[58,59,1011,27,20557,29901,252,1364],"class_list":{"0":"post-320126","1":"post","2":"type-post","3":"status-publish","4":"format-standard","5":"has-post-thumbnail","7":"category-television","8":"tag-divertissement","9":"tag-entertainment","10":"tag-fr","11":"tag-france","12":"tag-marianne","13":"tag-secret-story","14":"tag-television","15":"tag-tv"},"share_on_mastodon":{"url":"https:\/\/pubeurope.com\/@fr\/115031062869325052","error":""},"_links":{"self":[{"href":"https:\/\/www.europesays.com\/fr\/wp-json\/wp\/v2\/posts\/320126","targetHints":{"allow":["GET"]}}],"collection":[{"href":"https:\/\/www.europesays.com\/fr\/wp-json\/wp\/v2\/posts"}],"about":[{"href":"https:\/\/www.europesays.com\/fr\/wp-json\/wp\/v2\/types\/post"}],"author":[{"embeddable":true,"href":"https:\/\/www.europesays.com\/fr\/wp-json\/wp\/v2\/users\/2"}],"replies":[{"embeddable":true,"href":"https:\/\/www.europesays.com\/fr\/wp-json\/wp\/v2\/comments?post=320126"}],"version-history":[{"count":0,"href":"https:\/\/www.europesays.com\/fr\/wp-json\/wp\/v2\/posts\/320126\/revisions"}],"wp:featuredmedia":[{"embeddable":true,"href":"https:\/\/www.europesays.com\/fr\/wp-json\/wp\/v2\/media\/320127"}],"wp:attachment":[{"href":"https:\/\/www.europesays.com\/fr\/wp-json\/wp\/v2\/media?parent=320126"}],"wp:term":[{"taxonomy":"category","embeddable":true,"href":"https:\/\/www.europesays.com\/fr\/wp-json\/wp\/v2\/categories?post=320126"},{"taxonomy":"post_tag","embeddable":true,"href":"https:\/\/www.europesays.com\/fr\/wp-json\/wp\/v2\/tags?post=320126"}],"curies":[{"name":"wp","href":"https:\/\/api.w.org\/{rel}","templated":true}]}}