{"id":320141,"date":"2025-08-15T05:18:15","date_gmt":"2025-08-15T05:18:15","guid":{"rendered":"https:\/\/www.europesays.com\/fr\/320141\/"},"modified":"2025-08-15T05:18:15","modified_gmt":"2025-08-15T05:18:15","slug":"le-bilan-des-inondations-au-cachemire-salourdit-au-moins-56-morts-et-80-personnes-disparues","status":"publish","type":"post","link":"https:\/\/www.europesays.com\/fr\/320141\/","title":{"rendered":"Le bilan des inondations au Cachemire s\u2019alourdit, au moins 56 morts et 80 personnes disparues"},"content":{"rendered":"<p>Une <a href=\"https:\/\/www.20minutes.fr\/dossier\/pluie\" target=\"_blank\" class=\"c-link c-link--is-underlined\" rel=\"nofollow noopener\">pluie<\/a> torrentielle d\u2019une intensit\u00e9 exceptionnelle a d\u00e9clench\u00e9, jeudi, de violentes coul\u00e9es de boue dans le village himalayen de Chisoti, au <a href=\"https:\/\/www.20minutes.fr\/monde\/cachemire\/\" target=\"_blank\" class=\"c-link c-link--is-underlined\" rel=\"nofollow noopener\">Cachemire<\/a> sous administration <a href=\"https:\/\/www.20minutes.fr\/dossier\/inde\" target=\"_blank\" class=\"c-link c-link--is-underlined\" rel=\"nofollow noopener\">indienne<\/a>, faisant au moins 56 morts et des dizaines de disparus. Ce drame survient moins de dix jours apr\u00e8s d\u2019autres <a href=\"https:\/\/www.20minutes.fr\/dossier\/inondation\" target=\"_blank\" class=\"c-link c-link--is-underlined\" rel=\"nofollow noopener\">inondations<\/a> meurtri\u00e8res dans le nord du pays.<\/p>\n<p>\u00ab\u00a0La nouvelle est tragique\u00a0\u00bb, a r\u00e9agi le ministre en chef du Cachemire, Omar Abdullah, \u00e9voquant un \u00ab\u00a0nuage de pluie\u00a0\u00bb d\u2019une rare violence ayant frapp\u00e9 le district de Kishtwar. Selon Mohammad Irshad, haut responsable local de la gestion des <a href=\"https:\/\/www.20minutes.fr\/dossier\/catastrophe-naturelle\" target=\"_blank\" class=\"c-link c-link--is-underlined\" rel=\"nofollow noopener\">catastrophes<\/a>, 56 corps ont donc \u00e9t\u00e9 retrouv\u00e9s, tandis qu\u2019environ 80 personnes restent port\u00e9es disparues. Pr\u00e8s de 300 habitants et p\u00e8lerins ont pu \u00eatre secourus, dont 50 gri\u00e8vement bless\u00e9s ont \u00e9t\u00e9 transf\u00e9r\u00e9s vers des h\u00f4pitaux voisins.<\/p>\n<p>Des conditions extr\u00eames pour les secouristes<\/p>\n<p>Les <a href=\"https:\/\/www.20minutes.fr\/dossier\/secours\" target=\"_blank\" class=\"c-link c-link--is-underlined\" rel=\"nofollow noopener\">secouristes<\/a> affrontent des conditions extr\u00eames\u00a0: routes coup\u00e9es, ponts endommag\u00e9s et acc\u00e8s difficile \u00e0 cette zone isol\u00e9e, situ\u00e9e \u00e0 plus de 200 kilom\u00e8tres de Srinagar. Pankaj Kumar Sharma, commissaire de police du district, a d\u2019ores et d\u00e9j\u00e0 pr\u00e9venu que le bilan humain pourrait encore s\u2019alourdir. Une vid\u00e9o diffus\u00e9e sur les r\u00e9seaux sociaux montre des sauveteurs alignant les corps dans la boue, recouverts de linceuls blancs.<\/p>\n<\/p>\n<p>Le village de Chisoti se trouve sur la route d\u2019un important p\u00e8lerinage hindou vers le sanctuaire de Machail Mata. Une grande cuisine improvis\u00e9e, qui abritait plus d\u2019une centaine de <a href=\"https:\/\/www.20minutes.fr\/dossier\/pelerinage\" target=\"_blank\" class=\"c-link c-link--is-underlined\" rel=\"nofollow noopener\">p\u00e8lerins<\/a> au moment de la catastrophe, a \u00e9t\u00e9 enti\u00e8rement emport\u00e9e par les eaux. \u00ab\u00a0Toute l\u2019aide n\u00e9cessaire sera apport\u00e9e aux personnes dans le besoin\u00a0\u00bb, a assur\u00e9 le Premier ministre indien, <a href=\"https:\/\/www.20minutes.fr\/monde\/narendra-modi\/\" target=\"_blank\" class=\"c-link c-link--is-underlined\" rel=\"nofollow noopener\">Narendra Modi<\/a>.<\/p>\n<p>Changement climatique et urbanisme mal planifi\u00e9<\/p>\n<p>Cette trag\u00e9die est la deuxi\u00e8me catastrophe majeure en Inde en ao\u00fbt. Le 5 ao\u00fbt, la ville de Dharali, dans l\u2019Etat de l\u2019Uttarakhand, avait \u00e9t\u00e9 engloutie sous la boue, un drame qui pourrait avoir fait plus de 70 victimes.<\/p>\n<p><a href=\"https:\/\/www.20minutes.fr\/dossier\/inde\" target=\"_blank\" class=\"c-link c-btn c-btn--primary\" rel=\"nofollow noopener\">Notre dossier sur l&rsquo;Inde<\/a><\/p>\n<p>Les inondations et <a href=\"https:\/\/www.20minutes.fr\/dossier\/glissement-de-terrain\" target=\"_blank\" class=\"c-link c-link--is-underlined\" rel=\"nofollow noopener\">glissements de terrain<\/a> sont courants pendant la mousson, de juin \u00e0 septembre, mais les experts estiment que le <a href=\"https:\/\/www.20minutes.fr\/dossier\/changement_climatique\" target=\"_blank\" class=\"c-link c-link--is-underlined\" rel=\"nofollow noopener\">changement climatique<\/a> et un d\u00e9veloppement mal planifi\u00e9 aggravent leur fr\u00e9quence et leur intensit\u00e9.<\/p>\n","protected":false},"excerpt":{"rendered":"Une pluie torrentielle d\u2019une intensit\u00e9 exceptionnelle a d\u00e9clench\u00e9, jeudi, de violentes coul\u00e9es de boue dans le village himalayen&hellip;\n","protected":false},"author":2,"featured_media":320142,"comment_status":"","ping_status":"","sticky":false,"template":"","format":"standard","meta":{"footnotes":""},"categories":[5],"tags":[47,11,13201,4732,4734,3983,5796,1011,27,19627,5595,4458,14,74,12,52,4459,5140,28],"class_list":{"0":"post-320141","1":"post","2":"type-post","3":"status-publish","4":"format-standard","5":"has-post-thumbnail","7":"category-international","8":"tag-actualite","9":"tag-actualites","10":"tag-cachemire","11":"tag-catastrophe-naturelle","12":"tag-changement-climatique","13":"tag-deces","14":"tag-disparu","15":"tag-fr","16":"tag-france","17":"tag-glissement-de-terrain","18":"tag-inde","19":"tag-inondation","20":"tag-international","21":"tag-monde","22":"tag-news","23":"tag-planete","24":"tag-pluie","25":"tag-rechauffement-climatique","26":"tag-world"},"share_on_mastodon":{"url":"https:\/\/pubeurope.com\/@fr\/115031094516810422","error":""},"_links":{"self":[{"href":"https:\/\/www.europesays.com\/fr\/wp-json\/wp\/v2\/posts\/320141","targetHints":{"allow":["GET"]}}],"collection":[{"href":"https:\/\/www.europesays.com\/fr\/wp-json\/wp\/v2\/posts"}],"about":[{"href":"https:\/\/www.europesays.com\/fr\/wp-json\/wp\/v2\/types\/post"}],"author":[{"embeddable":true,"href":"https:\/\/www.europesays.com\/fr\/wp-json\/wp\/v2\/users\/2"}],"replies":[{"embeddable":true,"href":"https:\/\/www.europesays.com\/fr\/wp-json\/wp\/v2\/comments?post=320141"}],"version-history":[{"count":0,"href":"https:\/\/www.europesays.com\/fr\/wp-json\/wp\/v2\/posts\/320141\/revisions"}],"wp:featuredmedia":[{"embeddable":true,"href":"https:\/\/www.europesays.com\/fr\/wp-json\/wp\/v2\/media\/320142"}],"wp:attachment":[{"href":"https:\/\/www.europesays.com\/fr\/wp-json\/wp\/v2\/media?parent=320141"}],"wp:term":[{"taxonomy":"category","embeddable":true,"href":"https:\/\/www.europesays.com\/fr\/wp-json\/wp\/v2\/categories?post=320141"},{"taxonomy":"post_tag","embeddable":true,"href":"https:\/\/www.europesays.com\/fr\/wp-json\/wp\/v2\/tags?post=320141"}],"curies":[{"name":"wp","href":"https:\/\/api.w.org\/{rel}","templated":true}]}}